{"id":165176,"date":"2025-04-26T10:00:58","date_gmt":"2025-04-26T10:00:58","guid":{"rendered":"https:\/\/www.ole.com.ar\/autos\/valentin-yan-yankelevich-turismo-carretera-2000-ole_0_1bOxMrNP87.html"},"modified":"2025-04-26T10:00:58","modified_gmt":"2025-04-26T10:00:58","slug":"valentin-yankelevich-con-ole-amo-los-autos-el-legado-familiar-no-era-lo-mio","status":"publish","type":"post","link":"http:\/\/cordobadirecto.com\/index.php\/2025\/04\/26\/valentin-yankelevich-con-ole-amo-los-autos-el-legado-familiar-no-era-lo-mio\/","title":{"rendered":"Valent\u00edn Yankelevich con Ol\u00e9: &#8220;Amo los autos, el legado familiar no era lo m\u00edo&#8221;"},"content":{"rendered":"<p><time class=\"createDate\" datetime=\"2025-04-26T07:00:58-03:00\">26\/04\/2025 07:00hs.<\/time><\/p>\n<div id=\"storyBody\">\n<div class=\"custom-text \" readability=\"40.001483679525\">\n<p>Este 2025 es el a\u00f1o debut del <strong>Turismo Carretera 2000<\/strong>, <a href=\"https:\/\/www.ole.com.ar\/autos\/turismo-carretera-2000-categoria-rivalizara-tc2000-neuquen_0_Fr0rKLNG5Q.html\" target=\"_self\" title=\"la nueva categor\u00eda del automovilismo argentino\" alt=\"la nueva categor\u00eda del automovilismo argentino\" rel=\"noopener\">la nueva categor\u00eda del automovilismo argentino<\/a>, que contar\u00e1 con pilotos del calibre de Agust\u00edn Canapino, Facundo Chapur y Facundo Ardusso. Igual, ojo, que tambi\u00e9n habr\u00e1 muchos jovencitos con ganas de probar su calidad. Uno de ellos es <strong>Valent\u00edn Yankelevich<\/strong>, pibe de 22 a\u00f1os con una familia totalmente alejada del deporte y estrechamente ligada a la actuaci\u00f3n (es nieto de Cris Morena e hijo de Romina Yan). De cara a la fecha en El Villicum, el representante del <strong>AXION energy Sport<\/strong> habl\u00f3 mano a mano con <strong>Ol\u00e9 <\/strong>y no dej\u00f3 tema sin tocar: sus inicios, su decantaci\u00f3n por los fierros y hasta su fanatismo por Boca.<\/p>\n<\/div>\n<p><h3>-Ya dejaste atr\u00e1s los nervios del debut en el Turismo Carretera 2000. \u00bfC\u00f3mo te sentiste?<\/h3>\n<\/p>\n<div class=\"custom-text \" readability=\"38\">\n<p>-Muy feliz, sobre todo en la previa&#8230; Formar parte de un equipo como este es una felicidad tremenda. <strong>Llegu\u00e9 a la carrera con la confianza a full y el objetivo de la carrera era terminarla<\/strong>, no quer\u00edamos poner las expectativas muy altas. Termin\u00e9 sacando un sexto puesto, que es un gran resultado y honestamente no lo esperaba.<\/p>\n<\/div>\n<div class=\"sc-e7b891c4-0 ifHnQL image-embed\"><img alt=\"Valent\u00edn Yankelevich, piloto de Turismo Carretera 2000 con el AXION energy Sport. (@valenyan_)\" loading=\"lazy\" width=\"720\" height=\"100\" decoding=\"async\" data-nimg=\"1\" src=\"http:\/\/cordobadirecto.com\/wp-content\/uploads\/2025\/04\/valentin-yankelevich-con-ole-amo-los-autos-el-legado-familiar-no-era-lo-mio.jpg\"><span class=\"epigraphe\">Valent\u00edn Yankelevich, piloto de Turismo Carretera 2000 con el AXION energy Sport. (@valenyan_)<\/span><\/div>\n<p><h3>-Ahora, \u00bfa qu\u00e9 apuntan en San Juan?<\/h3>\n<\/p>\n<div class=\"custom-text \" readability=\"39\">\n<p>-Queremos mantener el laburo que venimos haciendo con los mec\u00e1nicos e ingenieros, que hacen que todo sea m\u00e1s f\u00e1cil y que los inconvenientes se solucionen m\u00e1s r\u00e1pido. De mi parte, deber\u00eda buscar estar m\u00e1s cerca de los otros pilotos. Vengo trabajando bastante en el simulador, pero <strong>no me quiero presionar porque es mi primer a\u00f1o. <\/strong>Y disfrutar el proceso, que va de la mano.<\/p>\n<\/div>\n<p><h3>-Ten\u00e9s de compa\u00f1ero a una figura como Agust\u00edn Canapino. \u00bfAprendiste algo de \u00e9l?<\/h3>\n<\/p>\n<div class=\"custom-text \" readability=\"38\">\n<p>-Agust\u00edn es muy receptivo y nos ayuda un mont\u00f3n.<strong> <\/strong>Somos chicos muy nuevos y \u00e9l siempre est\u00e1 abierto a darnos consejos. Estoy muy agradecido y para m\u00ed <strong>es un lujo poder compartir mi primer a\u00f1o con alguien de su talla<\/strong>. Trato de tomar todo lo que puedo de \u00e9l y adaptarlo a mi estilo de manejo, aunque obviamente estamos hablando de <strong>uno de los mejores pilotos de Argentina<\/strong> y no puedo copiar todo lo suyo en mi primera experiencia&#8230; No me quiero adelantar, por algo le salen las cosas a \u00e9l, ja.<\/p>\n<\/div>\n<div class=\"sc-e7b891c4-0 ifHnQL image-embed\"><img alt=\"Valent\u00edn Yankelevich en el box del AXION energy Sport. (IG)\" loading=\"lazy\" width=\"720\" height=\"100\" decoding=\"async\" data-nimg=\"1\" src=\"http:\/\/cordobadirecto.com\/wp-content\/uploads\/2025\/04\/valentin-yankelevich-con-ole-amo-los-autos-el-legado-familiar-no-era-lo-mio-1.jpg\"><span class=\"epigraphe\">Valent\u00edn Yankelevich en el box del AXION energy Sport. (IG)<\/span><\/div>\n<p><h2>Sus inicios en el deporte y el rol de su familia en su vida<\/h2>\n<\/p>\n<div class=\"custom-text \" readability=\"42\">\n<p>Desde muy pibe, Valent\u00edn es un apasionado por los fierros. La pasi\u00f3n era tal que ni siquiera la pensaba para su futuro profesional, s\u00f3lo quer\u00eda disfrutarla por diversi\u00f3n. A los 19 a\u00f1os, cuando estaba estudiando econom\u00eda, una charla con su abuelo, <strong>Gustavo Yankelevich<\/strong> (productor y empresario del mundo televisivo), le abri\u00f3 la cabeza.<strong> Desde ah\u00ed, no se baj\u00f3 de los coches y dedic\u00f3 su vida a eso.<\/strong><\/p>\n<\/div>\n<p><h3>-\u00bfCu\u00e1l fue el gancho para dedicarte de lleno al automovilismo?<\/h3>\n<\/p>\n<div class=\"custom-text \" readability=\"39\">\n<p>-El automovilismo era mi pasi\u00f3n, pero <strong>yo mismo me alej\u00e9 de la idea de practicarlo profesionalmente<\/strong>. Lleg\u00f3 un punto en el que no me gustaba lo que estaba haciendo. Mir\u00e9 para atr\u00e1s, para adelante y<strong> me di cuenta de que no estaba en el camino correcto<\/strong>. Por suerte mi familia es muy abierta, siempre me dejaron volar. Arranqu\u00e9 reci\u00e9n a los 19, consciente de que ten\u00eda una gran desventaja a diferencia de los que practican desde chicos.<\/p>\n<\/div>\n<div class=\"sc-e7b891c4-0 ifHnQL image-embed\"><img alt=\"Gustavo Yankelevich, abuelo de Valent\u00edn, junto a \u00e9l. (@valenyan_)\" loading=\"lazy\" width=\"720\" height=\"100\" decoding=\"async\" data-nimg=\"1\" src=\"http:\/\/cordobadirecto.com\/wp-content\/uploads\/2025\/04\/valentin-yankelevich-con-ole-amo-los-autos-el-legado-familiar-no-era-lo-mio-2.jpg\"><span class=\"epigraphe\">Gustavo Yankelevich, abuelo de Valent\u00edn, junto a \u00e9l. (@valenyan_)<\/span><\/div>\n<p><h3>-En un momento hiciste un click&#8230;<\/h3>\n<\/p>\n<div class=\"custom-text \" readability=\"40\">\n<p>&#8211;<strong>Lo m\u00e1s sorprendente es que no naci\u00f3 de m\u00ed: fue gracias a mi abuelo<\/strong>. Nos quedamos en una sobremesa, despu\u00e9s de una comida, y me pregunt\u00f3: &#8220;\u00bfA vos qu\u00e9 te hace feliz?&#8221;. No le supe responder. Ah\u00ed, \u00e9l mismo me dijo &#8220;<strong>a vos te encantan los autos&#8221;<\/strong> y me di cuenta de que era lo que quer\u00eda. Empezamos a hablar con un amigo de la familia, el Pato Silva (campe\u00f3n del TC en 2005), y nos contact\u00f3 con las personas indicadas para que arranque.<\/p>\n<\/div>\n<p><h3>-\u00bfAlguna vez te pic\u00f3 el bichito de seguir por la rama de la familia, m\u00e1s vinculada a la actuaci\u00f3n?<\/h3>\n<\/p>\n<div class=\"custom-text \" readability=\"38\">\n<p>-Intent\u00e9 meterme al mundo del entretenimiento, del arte se podr\u00eda decir&#8230; <strong>Claramente no era lo m\u00edo. <\/strong>Por suerte no act\u00fao,<strong> <\/strong>nunca me gust\u00f3. No es f\u00e1cil tener una familia tan alejada de este mundo porque verlo de afuera asusta: desde que arranqu\u00e9 en karting me lesion\u00e9 y tuve mil problemas, pero nunca renegu\u00e9. <strong>Amo tanto lo que hago que no hay nada que me frene<\/strong>.<\/p>\n<\/div>\n<div class=\"sc-e7b891c4-0 ifHnQL image-embed\"><img alt=\"El piloto en una pista junto a la persona que lo ayud\u00f3 a llegar hasta ah\u00ed, su abuelo. (@valenyan_)\" loading=\"lazy\" width=\"720\" height=\"100\" decoding=\"async\" data-nimg=\"1\" src=\"http:\/\/cordobadirecto.com\/wp-content\/uploads\/2025\/04\/valentin-yankelevich-con-ole-amo-los-autos-el-legado-familiar-no-era-lo-mio-3.jpg\"><span class=\"epigraphe\">El piloto en una pista junto a la persona que lo ayud\u00f3 a llegar hasta ah\u00ed, su abuelo. (@valenyan_)<\/span><\/div>\n<p><h3>-\u00bfTen\u00e9s alg\u00fan otro hobby por fuera de los autos?<\/h3>\n<\/p>\n<div class=\"custom-text \" readability=\"47\">\n<p>-Nada me desconecta totalmente de los autos, todo el d\u00eda pienso en eso. Pero s\u00ed,<strong> <\/strong>tengo miles. Toco la guitarra. <strong>Soy hincha de Boca, voy a la cancha y por esas dos horas trato de estar tranquilo<\/strong>. Si gana Boquita es la mejor semana, y si pierde, estoy mal por tres d\u00edas, ja. De deportes todo lo que se te ocurra, soy muy inquieto: <strong>snowboard, surf, kitesurf<\/strong>. Tambi\u00e9n trato de pasar tiempo con la familia, mi novia, los amigos, de comer asado&#8230;<\/p>\n<\/div>\n<p><h3>-\u00bfLe preguntaste al equipo si podes meterle alg\u00fan dise\u00f1o bostero al auto?<\/h3>\n<\/p>\n<div class=\"custom-text \" readability=\"35\">\n<p>-Por ahora no pregunt\u00e9 si se puede. <strong>Podr\u00eda sumar un sticker del escudo<\/strong> <strong>en alg\u00fan lado.<\/strong> Todav\u00eda tengo que pintar el casco, seguramente cuando me toque alguna idea va a surgir. <strong>Me agarran m\u00e1s frustraciones por Boca que por cualquier problema en una carrera<\/strong>.<\/p>\n<\/div>\n<div class=\"sc-e7b891c4-0 ifHnQL image-embed\"><img alt=\"Valent\u00edn con la camiseta del Xeneize. (@valenyan_)\" loading=\"lazy\" width=\"720\" height=\"100\" decoding=\"async\" data-nimg=\"1\" src=\"http:\/\/cordobadirecto.com\/wp-content\/uploads\/2025\/04\/valentin-yankelevich-con-ole-amo-los-autos-el-legado-familiar-no-era-lo-mio-4.jpg\"><span class=\"epigraphe\">Valent\u00edn con la camiseta del Xeneize. (@valenyan_)<\/span><\/div>\n<div class=\"sc-a7166897-0 eoLsBE\" readability=\"6.5\">\n<section readability=\"3\"><picture><img alt=\"Sin TC ni TC2000, \u00bfqu\u00e9 categor\u00edas corren este fin de semana?\" loading=\"lazy\" width=\"290\" height=\"290\" decoding=\"async\" data-nimg=\"1\" src=\"http:\/\/cordobadirecto.com\/wp-content\/uploads\/2025\/04\/valentin-yankelevich-con-ole-amo-los-autos-el-legado-familiar-no-era-lo-mio-5.jpg\"><\/picture>\n<p><span>Mir\u00e1 tambi\u00e9n<\/span><\/p>\n<hr>\n<h3>Sin TC ni TC2000, \u00bfqu\u00e9 categor\u00edas corren este fin de semana?<\/h3>\n<\/p>\n<\/section>\n<\/div>\n<div class=\"sc-a7166897-0 eoLsBE\" readability=\"6\">\n<section readability=\"2\"><picture><img alt=\"Valent\u00edn Perrone luchar\u00e1 por la pole position en el GP de Espa\u00f1a de Moto3\" loading=\"lazy\" width=\"290\" height=\"290\" decoding=\"async\" data-nimg=\"1\" src=\"http:\/\/cordobadirecto.com\/wp-content\/uploads\/2025\/04\/valentin-yankelevich-con-ole-amo-los-autos-el-legado-familiar-no-era-lo-mio-6.jpg\"><\/picture>\n<p><span>Mir\u00e1 tambi\u00e9n<\/span><\/p>\n<hr>\n<h3>Valent\u00edn Perrone luchar\u00e1 por la pole position en el GP de Espa\u00f1a de Moto3<\/h3>\n<\/p>\n<\/section>\n<\/div>\n<div class=\"sc-a7166897-0 eoLsBE\" readability=\"6.5\">\n<section readability=\"3\"><picture><img alt=\"Dur\u00edsima sanci\u00f3n a Leonel Pern\u00eda: fue suspendido por dos a\u00f1os y deber\u00e1 pagar una millonaria multa\" loading=\"lazy\" width=\"290\" height=\"290\" decoding=\"async\" data-nimg=\"1\" src=\"http:\/\/cordobadirecto.com\/wp-content\/uploads\/2025\/04\/valentin-yankelevich-con-ole-amo-los-autos-el-legado-familiar-no-era-lo-mio-7.jpg\"><\/picture>\n<p><span>Mir\u00e1 tambi\u00e9n<\/span><\/p>\n<hr>\n<h3>Dur\u00edsima sanci\u00f3n a Leonel Pern\u00eda: fue suspendido por dos a\u00f1os y deber\u00e1 pagar una millonaria multa<\/h3>\n<\/p>\n<\/section>\n<\/div>\n<div class=\"sc-a7166897-0 eoLsBE\" readability=\"6\">\n<section readability=\"2\"><picture><img alt=\"Qu\u00e9 dijo Lando Norris: de candidato en la F\u00f3rmula 1 a las dudas y una confesi\u00f3n \" loading=\"lazy\" width=\"290\" height=\"290\" decoding=\"async\" data-nimg=\"1\" src=\"http:\/\/cordobadirecto.com\/wp-content\/uploads\/2025\/04\/valentin-yankelevich-con-ole-amo-los-autos-el-legado-familiar-no-era-lo-mio-8.jpg\"><\/picture>\n<p><span>Mir\u00e1 tambi\u00e9n<\/span><\/p>\n<hr>\n<h3>Qu\u00e9 dijo Lando Norris: de candidato en la F\u00f3rmula 1 a las dudas y una confesi\u00f3n <\/h3>\n<\/p>\n<\/section>\n<\/div>\n<div class=\"sc-a7166897-0 eoLsBE\" readability=\"6\">\n<section readability=\"2\"><picture><img alt=\"La otra cara de la F\u00f3rmula 1: el show fuera de la pista\" loading=\"lazy\" width=\"290\" height=\"290\" decoding=\"async\" data-nimg=\"1\" src=\"http:\/\/cordobadirecto.com\/wp-content\/uploads\/2025\/04\/valentin-yankelevich-con-ole-amo-los-autos-el-legado-familiar-no-era-lo-mio-9.jpg\"><\/picture>\n<p><span>Mir\u00e1 tambi\u00e9n<\/span><\/p>\n<hr>\n<h3>La otra cara de la F\u00f3rmula 1: el show fuera de la pista<\/h3>\n<\/p>\n<\/section>\n<\/div>\n<div class=\"sc-a7166897-0 eoLsBE\" readability=\"6\">\n<section readability=\"2\"><picture><img alt=\"Jack Doohan tiene una vida m\u00e1s: corre el GP de Miami y Franco Colapinto espera \" loading=\"lazy\" width=\"290\" height=\"290\" decoding=\"async\" data-nimg=\"1\" src=\"http:\/\/cordobadirecto.com\/wp-content\/uploads\/2025\/04\/valentin-yankelevich-con-ole-amo-los-autos-el-legado-familiar-no-era-lo-mio-10.jpg\"><\/picture>\n<p><span>Mir\u00e1 tambi\u00e9n<\/span><\/p>\n<hr>\n<h3>Jack Doohan tiene una vida m\u00e1s: corre el GP de Miami y Franco Colapinto espera<br \/>\n<\/h3>\n<\/p>\n<\/section>\n<\/div>\n<\/div>\n","protected":false},"excerpt":{"rendered":"<p>26\/04\/2025 07:00hs. Este 2025 es el a\u00f1o debut del Turismo Carretera 2000, la nueva categor\u00eda del automovilismo argentino, que contar\u00e1 con pilotos del calibre de Agust\u00edn Canapino, Facundo Chapur y Facundo Ardusso. Igual, ojo, que tambi\u00e9n habr\u00e1 muchos jovencitos con ganas de probar su calidad. Uno de ellos es Valent\u00edn Yankelevich, pibe de 22 a\u00f1os [&hellip;]<\/p>\n","protected":false},"author":1,"featured_media":165177,"comment_status":"closed","ping_status":"closed","sticky":false,"template":"","format":"standard","meta":[],"categories":[21],"tags":[],"_links":{"self":[{"href":"http:\/\/cordobadirecto.com\/index.php\/wp-json\/wp\/v2\/posts\/165176"}],"collection":[{"href":"http:\/\/cordobadirecto.com\/index.php\/wp-json\/wp\/v2\/posts"}],"about":[{"href":"http:\/\/cordobadirecto.com\/index.php\/wp-json\/wp\/v2\/types\/post"}],"author":[{"embeddable":true,"href":"http:\/\/cordobadirecto.com\/index.php\/wp-json\/wp\/v2\/users\/1"}],"replies":[{"embeddable":true,"href":"http:\/\/cordobadirecto.com\/index.php\/wp-json\/wp\/v2\/comments?post=165176"}],"version-history":[{"count":0,"href":"http:\/\/cordobadirecto.com\/index.php\/wp-json\/wp\/v2\/posts\/165176\/revisions"}],"wp:featuredmedia":[{"embeddable":true,"href":"http:\/\/cordobadirecto.com\/index.php\/wp-json\/wp\/v2\/media\/165177"}],"wp:attachment":[{"href":"http:\/\/cordobadirecto.com\/index.php\/wp-json\/wp\/v2\/media?parent=165176"}],"wp:term":[{"taxonomy":"category","embeddable":true,"href":"http:\/\/cordobadirecto.com\/index.php\/wp-json\/wp\/v2\/categories?post=165176"},{"taxonomy":"post_tag","embeddable":true,"href":"http:\/\/cordobadirecto.com\/index.php\/wp-json\/wp\/v2\/tags?post=165176"}],"curies":[{"name":"wp","href":"https:\/\/api.w.org\/{rel}","templated":true}]}}