{"id":165178,"date":"2025-04-25T23:32:28","date_gmt":"2025-04-25T23:32:28","guid":{"rendered":"https:\/\/www.ole.com.ar\/autos\/tc-tc2000-categorias-corren-turismo-carretera-2000-top-race-horario-tv_0_D7b5e4OVsU.html"},"modified":"2025-04-25T23:32:28","modified_gmt":"2025-04-25T23:32:28","slug":"sin-tc-ni-tc2000-que-categorias-corren-este-fin-de-semana","status":"publish","type":"post","link":"http:\/\/cordobadirecto.com\/index.php\/2025\/04\/25\/sin-tc-ni-tc2000-que-categorias-corren-este-fin-de-semana\/","title":{"rendered":"Sin TC ni TC2000, \u00bfqu\u00e9 categor\u00edas corren este fin de semana?"},"content":{"rendered":"<p><time class=\"createDate\" datetime=\"2025-04-25T20:32:28-03:00\">25\/04\/2025 20:32hs.<\/time><\/p>\n<div id=\"storyBody\">\n<div class=\"custom-text \" readability=\"37.379912663755\">\n<p>Para el fierrero, que el TC se ausente un fin de semana implica un vac\u00edo significativo. Para llenarlo, hay una receta m\u00e1s que efectiva: en <strong>San Nicol\u00e1s <\/strong>se llevar\u00e1 a cabo el tercer cap\u00edtulo del <strong><a href=\"https:\/\/www.ole.com.ar\/tema\/top-race.html\" title=\"Top Race\" alt=\"Top Race\" class=\"slug\">Top Race<\/a><\/strong>, mientras que en <strong>San Juan<\/strong> tendr\u00e1 lugar la segunda fecha del <strong><a href=\"https:\/\/www.ole.com.ar\/tema\/turismo-carretera-2000.html\" title=\"Turismo Carretera 2000\" alt=\"Turismo Carretera 2000\" class=\"slug\">Turismo Carretera 2000<\/a><\/strong>, la flamante categor\u00eda de la ACTC. De esta manera, hasta el domingo se podr\u00e1 disfrutar de jornadas repletas de adrenalina en las que el silencio no ser\u00e1 una opci\u00f3n.<\/p>\n<\/div>\n<p><h2><strong>En qu\u00e9 horarios correr\u00e1 el Top Race y d\u00f3nde verlo por TV<\/strong><\/h2>\n<\/p>\n<div class=\"custom-text \" readability=\"41\">\n<p>El Circuito Juan Mar\u00eda Traverso ser\u00e1 el recinto que albergar\u00e1 la tercera fecha del <strong>Top Race<\/strong>, cuya actividad dar\u00e1 inicio este <strong>s\u00e1bado <\/strong>con un cronograma bien cargado. A las <strong>9.40hs <\/strong>se realizar\u00e1 el primer entrenamiento, y a partir de las 11.50hs, el segundo. En tanto, la clasificaci\u00f3n se llevar\u00e1 a cabo a las <strong>13.30hs <\/strong>y la carrera sprint, que cerrar\u00e1 la jornada, se largar\u00e1 a las <strong>15.45hs<\/strong>. Toda la actividad ser\u00e1 transmitida por<strong> TyC Sports<\/strong>.<\/p>\n<\/div>\n<div class=\"custom-text \" readability=\"34\">\n<p>Como es habitual, el evento principal ser\u00e1 el <strong>domingo <\/strong>y comenzar\u00e1 a las <strong>11.30hs<\/strong>. El mismo se podr\u00e1 ver a trav\u00e9s de la pantalla de <strong>Canal Trece<\/strong>.<\/p>\n<\/div>\n<div class=\"sc-e7b891c4-0 ifHnQL image-embed\"><img alt=\"Facundo Aldrighetti se qued\u00f3 con las dos primeras jornadas del Top Race. \" loading=\"lazy\" width=\"720\" height=\"100\" decoding=\"async\" data-nimg=\"1\" src=\"http:\/\/cordobadirecto.com\/wp-content\/uploads\/2025\/04\/sin-tc-ni-tc2000-que-categorias-corren-este-fin-de-semana.jpg\"><span class=\"epigraphe\">Facundo Aldrighetti se qued\u00f3 con las dos primeras jornadas del Top Race. <\/span><\/div>\n<p><h2>En qu\u00e9 horarios correr\u00e1 el Turismo Carretera 2000 y d\u00f3nde verlo por TV<\/h2>\n<\/p>\n<div class=\"custom-text \" readability=\"46\">\n<p>Por segunda ocasi\u00f3n en su breve historia, el <strong>Turismo Carretera 2000<\/strong> llega al departamento de Alabard\u00f3n, ubicado en la provincia de San Juan, de cara a la segunda fecha del campeonato. En el circuito callejero de El Villicum, la agenda marca lo siguiente: el <strong>s\u00e1bado<\/strong>, a las 9.10hs, tendr\u00e1 lugar el tercer ensayo; m\u00e1s tarde, a las 11.45hs, ser\u00e1 turno de la clasificaci\u00f3n, y a las 17.10, de la primera carrera. El <strong>domingo <\/strong>ser\u00e1 m\u00e1s breve, con una sola carrera que se llevar\u00e1 a cabo a las 11.25hs.<\/p>\n<\/div>\n<div class=\"sc-e7b891c4-0 ifHnQL image-embed\"><img alt=\"El Renault Fluence de Turismo Carretera 2000, la nueva categor\u00eda del automovilismo argentino. (Foto: ACPAC)\" loading=\"lazy\" width=\"720\" height=\"100\" decoding=\"async\" data-nimg=\"1\" src=\"http:\/\/cordobadirecto.com\/wp-content\/uploads\/2025\/04\/sin-tc-ni-tc2000-que-categorias-corren-este-fin-de-semana-1.jpg\"><span class=\"epigraphe\">El Renault Fluence de Turismo Carretera 2000, la nueva categor\u00eda del automovilismo argentino. (Foto: ACPAC)<\/span><\/div>\n<p><h2><strong>Un \u00fanico cambio en relaci\u00f3n a la jornada inaugural del Turismo Carretera 2000<\/strong><\/h2>\n<\/p>\n<div class=\"custom-text \" readability=\"39\">\n<p>Para la segunda fecha,<strong> se concretar\u00e1 una sola modificaci\u00f3n con respecto a la anterior<\/strong>. La misma suceder\u00e1 dentro del Ambrogio Racing, debido a que <strong>Luciano Farroni<\/strong> le ceder\u00e1 el Renault Fluence a <strong>Humberto Krujoski<\/strong>, que no pudo conducir en Neuqu\u00e9n por cuestiones personales. De esta forma, el oriundo de Corrientes tendr\u00e1 su debut en esta temporada 2025.<\/p>\n<\/div>\n<p><h2><strong>\u00bfCu\u00e1ndo vuelve a correr el Turismo Carretera?<\/strong><\/h2>\n<\/p>\n<div class=\"custom-text \" readability=\"39\">\n<p>Tras la victoria de Juan Bautista de Benedictis en Toay, en La Pampa, <strong>la quinta fecha del TC tardar\u00e1 en llegar<\/strong>. No habr\u00e1 acci\u00f3n este fin de semana ni el siguiente, y la categor\u00eda retomar\u00e1 la actividad reci\u00e9n <strong>el domingo 11 de mayo en Termas de R\u00edo Hondo<\/strong>, en la provincia de Santiago del Estero.<\/p>\n<\/div>\n<div class=\"sc-a7166897-0 eoLsBE\" readability=\"6\">\n<section readability=\"2\"><picture><img alt=\"Cambio de direcci\u00f3n: Franco Colapinto no va a Miami y qu\u00e9 har\u00e1 en Argentina\" loading=\"lazy\" width=\"290\" height=\"290\" decoding=\"async\" data-nimg=\"1\" src=\"http:\/\/cordobadirecto.com\/wp-content\/uploads\/2025\/04\/sin-tc-ni-tc2000-que-categorias-corren-este-fin-de-semana-2.jpg\"><\/picture>\n<p><span>Mir\u00e1 tambi\u00e9n<\/span><\/p>\n<hr>\n<h3>Cambio de direcci\u00f3n: Franco Colapinto no va a Miami y qu\u00e9 har\u00e1 en Argentina<\/h3>\n<\/p>\n<\/section>\n<\/div>\n<div class=\"sc-a7166897-0 eoLsBE\" readability=\"6\">\n<section readability=\"2\"><picture><img alt=\"La otra cara de la F\u00f3rmula 1: el show fuera de la pista\" loading=\"lazy\" width=\"290\" height=\"290\" decoding=\"async\" data-nimg=\"1\" src=\"http:\/\/cordobadirecto.com\/wp-content\/uploads\/2025\/04\/sin-tc-ni-tc2000-que-categorias-corren-este-fin-de-semana-3.jpg\"><\/picture>\n<p><span>Mir\u00e1 tambi\u00e9n<\/span><\/p>\n<hr>\n<h3>La otra cara de la F\u00f3rmula 1: el show fuera de la pista<\/h3>\n<\/p>\n<\/section>\n<\/div>\n<div class=\"sc-a7166897-0 eoLsBE\" readability=\"6.5\">\n<section readability=\"3\"><picture><img alt=\"Dur\u00edsima sanci\u00f3n a Leonel Pern\u00eda: fue suspendido por dos a\u00f1os y deber\u00e1 pagar una millonaria multa\" loading=\"lazy\" width=\"290\" height=\"290\" decoding=\"async\" data-nimg=\"1\" src=\"http:\/\/cordobadirecto.com\/wp-content\/uploads\/2025\/04\/sin-tc-ni-tc2000-que-categorias-corren-este-fin-de-semana-4.jpg\"><\/picture>\n<p><span>Mir\u00e1 tambi\u00e9n<\/span><\/p>\n<hr>\n<h3>Dur\u00edsima sanci\u00f3n a Leonel Pern\u00eda: fue suspendido por dos a\u00f1os y deber\u00e1 pagar una millonaria multa<\/h3>\n<\/p>\n<\/section>\n<\/div>\n<\/div>\n","protected":false},"excerpt":{"rendered":"<p>25\/04\/2025 20:32hs. Para el fierrero, que el TC se ausente un fin de semana implica un vac\u00edo significativo. Para llenarlo, hay una receta m\u00e1s que efectiva: en San Nicol\u00e1s se llevar\u00e1 a cabo el tercer cap\u00edtulo del Top Race, mientras que en San Juan tendr\u00e1 lugar la segunda fecha del Turismo Carretera 2000, la flamante [&hellip;]<\/p>\n","protected":false},"author":1,"featured_media":165179,"comment_status":"closed","ping_status":"closed","sticky":false,"template":"","format":"standard","meta":[],"categories":[21],"tags":[],"_links":{"self":[{"href":"http:\/\/cordobadirecto.com\/index.php\/wp-json\/wp\/v2\/posts\/165178"}],"collection":[{"href":"http:\/\/cordobadirecto.com\/index.php\/wp-json\/wp\/v2\/posts"}],"about":[{"href":"http:\/\/cordobadirecto.com\/index.php\/wp-json\/wp\/v2\/types\/post"}],"author":[{"embeddable":true,"href":"http:\/\/cordobadirecto.com\/index.php\/wp-json\/wp\/v2\/users\/1"}],"replies":[{"embeddable":true,"href":"http:\/\/cordobadirecto.com\/index.php\/wp-json\/wp\/v2\/comments?post=165178"}],"version-history":[{"count":0,"href":"http:\/\/cordobadirecto.com\/index.php\/wp-json\/wp\/v2\/posts\/165178\/revisions"}],"wp:featuredmedia":[{"embeddable":true,"href":"http:\/\/cordobadirecto.com\/index.php\/wp-json\/wp\/v2\/media\/165179"}],"wp:attachment":[{"href":"http:\/\/cordobadirecto.com\/index.php\/wp-json\/wp\/v2\/media?parent=165178"}],"wp:term":[{"taxonomy":"category","embeddable":true,"href":"http:\/\/cordobadirecto.com\/index.php\/wp-json\/wp\/v2\/categories?post=165178"},{"taxonomy":"post_tag","embeddable":true,"href":"http:\/\/cordobadirecto.com\/index.php\/wp-json\/wp\/v2\/tags?post=165178"}],"curies":[{"name":"wp","href":"https:\/\/api.w.org\/{rel}","templated":true}]}}