{"id":165180,"date":"2025-04-26T15:51:33","date_gmt":"2025-04-26T15:51:33","guid":{"rendered":"https:\/\/www.ole.com.ar\/futbol-ascenso\/ascenso-primera-nacional-colon-nuevo-entrenador_0_dnu8HjCQxe.html"},"modified":"2025-04-26T15:51:33","modified_gmt":"2025-04-26T15:51:33","slug":"oficial-colon-confirmo-a-su-nuevo-entrenador-en-medio-de-la-crisis-futbolistica","status":"publish","type":"post","link":"http:\/\/cordobadirecto.com\/index.php\/2025\/04\/26\/oficial-colon-confirmo-a-su-nuevo-entrenador-en-medio-de-la-crisis-futbolistica\/","title":{"rendered":"Oficial: Col\u00f3n confirm\u00f3 a su nuevo entrenador en medio de la crisis futbol\u00edstica"},"content":{"rendered":"<p><time class=\"createDate\" datetime=\"2025-04-25T16:25:16-03:00\">25\/04\/2025 16:25hs.<\/time><\/p>\n<div id=\"storyBody\">\n<div class=\"custom-text \" readability=\"36.367521367521\">\n<p>Todo es tensi\u00f3n y expectativa en <a href=\"https:\/\/www.ole.com.ar\/tema\/colon.html\" title=\"Col\u00f3n\" alt=\"Col\u00f3n\" class=\"slug\">Col\u00f3n<\/a>. Los malos resultados en los \u00faltimos partidos, la salida de Ariel Pereyra como entrenador y el enojo de los hinchas con el presidente V\u00edctor Godano y el Director Deportivo Moreno y Fabianesi, <strong>requer\u00edan tomar decisiones r\u00e1pidas para decidir el futuro cercano del equipo<\/strong>. Y ya hay una oficializaci\u00f3n fuerte.<\/p>\n<\/div>\n<div class=\"custom-text \" readability=\"37\">\n<p>Se trata justamente del puesto de director t\u00e9cnico. Pese a los nombres que fueron surgiendo, <strong>hubo uno que tom\u00f3 fuerza en el inicio de la semana y ya fue confirmado en el cargo: Andr\u00e9s Yllana<\/strong>. El det\u00e9 de 50 a\u00f1os arranc\u00f3 su ciclo en el entrenamiento del mi\u00e9rcoles, pero su firma se dilat\u00f3 y reci\u00e9n fue anunciado durante la tarde de este viernes.<\/p>\n<\/div>\n<div class=\"custom-embedhtml\" readability=\"8.5231362467866\">\n<blockquote class=\"twitter-tweet\" readability=\"10.766066838046\">\n<p lang=\"es\" dir=\"ltr\">\u00a1BIENVENIDO ANDR\u00c9S! \ud83d\udd34\u26ab<\/p>\n<p>\ud83e\udd1d\ud83c\udffb El Club Atl\u00e9tico Col\u00f3n acord\u00f3 la contrataci\u00f3n de Andr\u00e9s Yllana como nuevo entrenador sabalero y ya se encuentra trabajando al frente del plantel profesional. <\/p>\n<p>\u2139\ufe0f Su cuerpo t\u00e9cnico estar\u00e1 integrado por Carlos Dar\u00edo Aurelio (AT), Luciano Gandini (AT) y\u2026 <a href=\"https:\/\/t.co\/U7L9j9xIh1\">pic.twitter.com\/U7L9j9xIh1<\/a><\/p>\n<p>\u2014 Club Atl\u00e9tico Col\u00f3n \u2b50 (@ColonOficial) <a href=\"https:\/\/twitter.com\/ColonOficial\/status\/1915833618137583744?ref_src=twsrc%5Etfw\">April 25, 2025<\/a><\/p><\/blockquote><\/div>\n<div class=\"custom-text \" readability=\"36.819078947368\">\n<p><strong>La \u00faltima experiencia de Yllana fue en <a href=\"https:\/\/www.ole.com.ar\/tema\/aldosivi.html\" title=\"Aldosivi\" alt=\"Aldosivi\" class=\"slug\">Aldosivi<\/a><\/strong>, club en el que logr\u00f3 el tan ansiado ascenso a Primera en 2024 y que, despu\u00e9s de un flojo arranque en el <a href=\"https:\/\/www.ole.com.ar\/tema\/liga-profesional.html\" title=\"Liga Profesional\" alt=\"Liga Profesional\" class=\"slug\">Torneo Apertura<\/a> -apenas sac\u00f3 dos puntos en nueve fechas, sin triunfos-, dio un paso al costado. Ahora, con Col\u00f3n, vuelve a dirigir en el <a href=\"https:\/\/www.ole.com.ar\/tema\/primera-nacional.html\" title=\"Primera Nacional\" alt=\"Primera Nacional\" class=\"slug\">Nacional<\/a>.<\/p>\n<\/div>\n<div class=\"sc-e7b891c4-0 ifHnQL image-embed\"><img alt=\"Yllana viene de dirigir en el Tibur\u00f3n (@clubaldosivi).\" loading=\"lazy\" width=\"720\" height=\"100\" decoding=\"async\" data-nimg=\"1\" src=\"http:\/\/cordobadirecto.com\/wp-content\/uploads\/2025\/04\/oficial-colon-confirmo-a-su-nuevo-entrenador-en-medio-de-la-crisis-futbolistica.jpg\"><span class=\"epigraphe\">Yllana viene de dirigir en el Tibur\u00f3n (@clubaldosivi).<\/span><\/div>\n<p><h2><strong>La carrera de Yllana como entrenador<\/strong><\/h2>\n<\/p>\n<div class=\"custom-text \" readability=\"41\">\n<p>Despu\u00e9s de su retiro como futbolista, emprendi\u00f3 un largo recorrido que naci\u00f3 como entrenador de las Inferiores de Gimnasia de La Plata -tambi\u00e9n tuvo un interinato en Primera-. Tuvo pasos por <strong>Guillermo Brown de Puerto Madryn -dos ciclos-, Uni\u00f3n San Felipe, Villa San Carlos, San Mart\u00edn de San Juan, Deportivo Madryn y Aldosivi<\/strong>. Adem\u00e1s, fue ayudante de campo de Mauro Camoranesi.<\/p>\n<\/div>\n<div class=\"custom-text \" readability=\"36\">\n<p>Su huella la dej\u00f3 en el Tibur\u00f3n en el 2024: luego de una temporada en la que corri\u00f3 de atr\u00e1s, gan\u00f3 su zona en la \u00faltima fecha y fue a la final por el primer ascenso ante San Mart\u00edn de Tucum\u00e1n. <strong>Se impuso por 2 a 0 en la cancha de Rosario Central y devolvi\u00f3 al conjunto marplatense a la m\u00e1xima categor\u00eda<\/strong>.<\/p>\n<\/div>\n<div class=\"sc-e7b891c4-0 ifHnQL image-embed\"><img alt=\"Yllana en Rosario junto a Diego Flores, DT de San Mart\u00edn en ese entonces (Foto Sebastian Granata).\" loading=\"lazy\" width=\"720\" height=\"100\" decoding=\"async\" data-nimg=\"1\" src=\"http:\/\/cordobadirecto.com\/wp-content\/uploads\/2025\/04\/oficial-colon-confirmo-a-su-nuevo-entrenador-en-medio-de-la-crisis-futbolistica-1.jpg\"><span class=\"epigraphe\">Yllana en Rosario junto a Diego Flores, DT de San Mart\u00edn en ese entonces (Foto Sebastian Granata).<\/span><\/div>\n<p><h2><strong>Lo que se le viene en Col\u00f3n<\/strong><\/h2>\n<\/p>\n<div class=\"custom-text \" readability=\"41\">\n<p>Un equipo que viene golpeado y necesita dar vuelta la p\u00e1gina lo m\u00e1s r\u00e1pido posible. Claro, porque a pesar de que el inicio de torneo ilusionaba,<strong> el Sabalero empez\u00f3 a perder el juego, y en consecuencia, los resultados anularon esa efervescencia<\/strong> que pod\u00eda notarse: hoy, se encuentra en el puesto 12 de la Zona B con 14 puntos, dos por debajo de la clasificaci\u00f3n al Reducido.<\/p>\n<\/div>\n<div class=\"custom-text \" readability=\"38\">\n<p>Ya eliminado de la Copa Argentina (cay\u00f3 por penales ante San Mart\u00edn de Tucum\u00e1n), Col\u00f3n solo tiene en mente pelear por la Primera Nacional. Las \u00faltimas cuatro derrotas al hilo -cinco sin ganar, sumando el empate con Gimnasia de Mendoza-, generan <strong>una obligaci\u00f3n en Yllana y su cuerpo t\u00e9cnico de dar vuelta la situaci\u00f3n tanto en lo an\u00edmico como en lo futbol\u00edstico<\/strong>.<\/p>\n<\/div>\n<div class=\"custom-text \" readability=\"39\">\n<p>Y lo que se viene es chivo: primero, <strong>debe recibir el domingo a un Defensores de Belgrano que viene en alza y quiere seguir sumando<\/strong>. Despu\u00e9s, visitar\u00e1 a Estudiantes de R\u00edo Cuarto, volver\u00e1 a jugar en Santa Fe ante Talleres de Escalada y posteriormente, jugar\u00e1 fuera de casa ante Deporitov Mor\u00f3n. Cuatro pruebas de fuego para el flamante DT.<\/p>\n<\/div>\n<div class=\"sc-a7166897-0 eoLsBE\" readability=\"6\">\n<section readability=\"2\"><picture><img alt=\"Atlanta le gan\u00f3 a Ferro y es el nuevo puntero del Nacional\" loading=\"lazy\" width=\"290\" height=\"290\" decoding=\"async\" data-nimg=\"1\" src=\"http:\/\/cordobadirecto.com\/wp-content\/uploads\/2025\/04\/oficial-colon-confirmo-a-su-nuevo-entrenador-en-medio-de-la-crisis-futbolistica-2.jpg\"><\/picture>\n<p><span>Mir\u00e1 tambi\u00e9n<\/span><\/p>\n<hr>\n<h3>Atlanta le gan\u00f3 a Ferro y es el nuevo puntero del Nacional<\/h3>\n<\/p>\n<\/section>\n<\/div>\n<div class=\"sc-a7166897-0 eoLsBE\" readability=\"6\">\n<section readability=\"2\"><picture><img alt=\"Temperley empat\u00f3 con Defensores y no pudo meterse en Reducido\" loading=\"lazy\" width=\"290\" height=\"290\" decoding=\"async\" data-nimg=\"1\" src=\"http:\/\/cordobadirecto.com\/wp-content\/uploads\/2025\/04\/oficial-colon-confirmo-a-su-nuevo-entrenador-en-medio-de-la-crisis-futbolistica-3.jpg\"><\/picture>\n<p><span>Mir\u00e1 tambi\u00e9n<\/span><\/p>\n<hr>\n<h3>Temperley empat\u00f3 con Defensores y no pudo meterse en Reducido<\/h3>\n<\/p>\n<\/section>\n<\/div>\n<\/div>\n","protected":false},"excerpt":{"rendered":"<p>25\/04\/2025 16:25hs. Todo es tensi\u00f3n y expectativa en Col\u00f3n. Los malos resultados en los \u00faltimos partidos, la salida de Ariel Pereyra como entrenador y el enojo de los hinchas con el presidente V\u00edctor Godano y el Director Deportivo Moreno y Fabianesi, requer\u00edan tomar decisiones r\u00e1pidas para decidir el futuro cercano del equipo. Y ya hay [&hellip;]<\/p>\n","protected":false},"author":1,"featured_media":165181,"comment_status":"closed","ping_status":"closed","sticky":false,"template":"","format":"standard","meta":[],"categories":[21],"tags":[],"_links":{"self":[{"href":"http:\/\/cordobadirecto.com\/index.php\/wp-json\/wp\/v2\/posts\/165180"}],"collection":[{"href":"http:\/\/cordobadirecto.com\/index.php\/wp-json\/wp\/v2\/posts"}],"about":[{"href":"http:\/\/cordobadirecto.com\/index.php\/wp-json\/wp\/v2\/types\/post"}],"author":[{"embeddable":true,"href":"http:\/\/cordobadirecto.com\/index.php\/wp-json\/wp\/v2\/users\/1"}],"replies":[{"embeddable":true,"href":"http:\/\/cordobadirecto.com\/index.php\/wp-json\/wp\/v2\/comments?post=165180"}],"version-history":[{"count":0,"href":"http:\/\/cordobadirecto.com\/index.php\/wp-json\/wp\/v2\/posts\/165180\/revisions"}],"wp:featuredmedia":[{"embeddable":true,"href":"http:\/\/cordobadirecto.com\/index.php\/wp-json\/wp\/v2\/media\/165181"}],"wp:attachment":[{"href":"http:\/\/cordobadirecto.com\/index.php\/wp-json\/wp\/v2\/media?parent=165180"}],"wp:term":[{"taxonomy":"category","embeddable":true,"href":"http:\/\/cordobadirecto.com\/index.php\/wp-json\/wp\/v2\/categories?post=165180"},{"taxonomy":"post_tag","embeddable":true,"href":"http:\/\/cordobadirecto.com\/index.php\/wp-json\/wp\/v2\/tags?post=165180"}],"curies":[{"name":"wp","href":"https:\/\/api.w.org\/{rel}","templated":true}]}}