{"id":165189,"date":"2025-04-25T18:40:59","date_gmt":"2025-04-25T18:40:59","guid":{"rendered":"https:\/\/cordoba.gob.ar\/?p=76545"},"modified":"2025-04-25T18:40:59","modified_gmt":"2025-04-25T18:40:59","slug":"con-la-limpieza-y-recuperacion-del-lago-retomaron-las-clases-de-canotaje-en-el-parque-sarmiento","status":"publish","type":"post","link":"http:\/\/cordobadirecto.com\/index.php\/2025\/04\/25\/con-la-limpieza-y-recuperacion-del-lago-retomaron-las-clases-de-canotaje-en-el-parque-sarmiento\/","title":{"rendered":"Con la limpieza y recuperaci\u00f3n del lago, retomaron las clases de canotaje en el Parque Sarmiento"},"content":{"rendered":"<div><img src=\"http:\/\/cordobadirecto.com\/wp-content\/uploads\/2025\/04\/con-la-limpieza-y-recuperacion-del-lago-retomaron-las-clases-de-canotaje-en-el-parque-sarmiento.jpg\" class=\"ff-og-image-inserted\"><\/div>\n<ul>\n<li data-prosemirror-content-type=\"node\" data-prosemirror-node-name=\"paragraph\" data-prosemirror-node-block=\"true\"><strong>La Escuela de Canotaje C\u00f3rdoba dicta sus clases te\u00f3rico pr\u00e1cticas los s\u00e1bados de 10:00 a 14:00 horas para ni\u00f1os, adultos y paracanotaje.<\/strong><\/li>\n<li data-prosemirror-content-type=\"node\" data-prosemirror-node-name=\"paragraph\" data-prosemirror-node-block=\"true\"><strong>La actividad es arancelada y est\u00e1 dirigida a personas con discapacidad, mujeres con remisi\u00f3n de c\u00e1ncer de mama, deportistas profesionales y aquellos a quien le guste la propuesta recreativa y social.<\/strong><\/li>\n<li data-prosemirror-content-type=\"node\" data-prosemirror-node-name=\"paragraph\" data-prosemirror-node-block=\"true\"><strong><strong>Se puede comenzar desde los 8 a\u00f1os, sin l\u00edmite m\u00e1ximo de edad con la sola condici\u00f3n de saber nadar o flotar.<\/strong><\/strong><br \/>\n<hr>\n<\/li>\n<\/ul>\n<p data-prosemirror-content-type=\"node\" data-prosemirror-node-name=\"paragraph\" data-prosemirror-node-block=\"true\">No es extra\u00f1o pasar por el Parque Sarmiento y volver a ver que en el lago hay personas haciendo kayak o por fuera corriendo con canoas alzadas y moviendo remos de una o doble pala por el aire.<\/p>\n<p data-prosemirror-content-type=\"node\" data-prosemirror-node-name=\"paragraph\" data-prosemirror-node-block=\"true\">Lo que sucede es que, luego de la limpieza y puesta en valor del espejo de agua y todos sus alrededores, sin olores y con un agua traslucida, el espacio volvi\u00f3 a recuperar la belleza natural que hace a\u00f1os no ten\u00eda, posibilitando adem\u00e1s el regreso de la Escuela de Canotaje C\u00f3rdoba, cuyos alumnos aprenden, entrenan y practican en el lugar.<\/p>\n<p data-prosemirror-content-type=\"node\" data-prosemirror-node-name=\"paragraph\" data-prosemirror-node-block=\"true\">La Asociaci\u00f3n Civil Escuela de Canotaje C\u00f3rdoba, encargada de las clases, ense\u00f1a el deporte en el lago gracias a un permiso otorgado por el ente BioC\u00f3rdoba.<\/p>\n<p data-prosemirror-content-type=\"node\" data-prosemirror-node-name=\"paragraph\" data-prosemirror-node-block=\"true\">En el espacio se hace canotaje inclusivo, adaptado, de recreaci\u00f3n, traves\u00eda y ol\u00edmpico.<\/p>\n<p data-prosemirror-content-type=\"node\" data-prosemirror-node-name=\"paragraph\" data-prosemirror-node-block=\"true\">Las clases, aranceladas, se dictan los s\u00e1bados de 10:00 a 14:00 horas. La parte te\u00f3rica se realiza alrededor del lago y las pr\u00e1cticas dentro del espejo de agua.<\/p>\n<p data-prosemirror-content-type=\"node\" data-prosemirror-node-name=\"paragraph\" data-prosemirror-node-block=\"true\">Oscar Quiroga, director t\u00e9cnico de la Escuela, es quien tiene a su cargo la ense\u00f1anza te\u00f3rica y pr\u00e1ctica en iniciaci\u00f3n al canotaje, fuera y dentro del agua.<\/p>\n<p data-prosemirror-content-type=\"node\" data-prosemirror-node-name=\"paragraph\" data-prosemirror-node-block=\"true\">El lema de la escuela, utilizado por otras a lo largo del pa\u00eds es \u201ctodos en el agua somos iguales\u201d y es as\u00ed ya que el aprendizaje se da bajo un sistema hol\u00edstico, con un&nbsp;enfoque integral que considera a todas las partes interconectadas como un todo.<\/p>\n<p data-prosemirror-content-type=\"node\" data-prosemirror-node-name=\"paragraph\" data-prosemirror-node-block=\"true\">Pueden sumarse a practicar canotaje ni\u00f1os y ni\u00f1as a partir de los ocho a\u00f1os y toda aquella persona que tenga inter\u00e9s por el deporte sin l\u00edmite alguno de edad que sepa nadar o flotar.<\/p>\n<p data-prosemirror-content-type=\"node\" data-prosemirror-node-name=\"paragraph\" data-prosemirror-node-block=\"true\">El deporte es muy completo, especialmente en el \u00e1rea cognitiva, otorgando una mejor calidad de vida a aquellas personas que tienen reestructuraci\u00f3n de tren superior, como es en el caso del post-c\u00e1ncer y personas con lesiones cerebelosas o medulares altas, otorgando un encuentro terap\u00e9utico m\u00e1s all\u00e1 del ejercicio.<\/p>\n<p data-prosemirror-content-type=\"node\" data-prosemirror-node-name=\"paragraph\" data-prosemirror-node-block=\"true\">Aunque la escuela est\u00e1 abierta a todo p\u00fablico, es de destacar que muchas personas con alg\u00fan tipo de discapacidad forman parte de la escuela atra\u00eddos por las ventajas que presenta el deporte, entre los que se destacan personas no videntes, con s\u00edndrome de asperger o con lesiones cerebelosas o medulares altas.<\/p>\n<p data-prosemirror-content-type=\"node\" data-prosemirror-node-name=\"paragraph\" data-prosemirror-node-block=\"true\">Adem\u00e1s, hay muchas mujeres post c\u00e1ncer de mama, que encuentran en la pr\u00e1ctica del deporte un complemento de la terapia en relaci\u00f3n al aspecto emocional en donde poder obtener contenci\u00f3n, a la vez que eleva la autoestima a trav\u00e9s del v\u00ednculo social brindando una mejor recuperaci\u00f3n.<\/p>\n<p data-prosemirror-content-type=\"node\" data-prosemirror-node-name=\"paragraph\" data-prosemirror-node-block=\"true\">En estos casos, cuando el onc\u00f3logo permite realizar actividades deportivas, las mujeres se suman al canotaje, ya que a trav\u00e9s de movimientos propios de la pr\u00e1ctica se colabora con el auto drenaje del linfedema.<\/p>\n<p data-prosemirror-content-type=\"node\" data-prosemirror-node-name=\"paragraph\" data-prosemirror-node-block=\"true\">Actualmente asisten a la Escuela aproximadamente 60 alumnos: 18 participan del sistema Ol\u00edmpico, 4 en marat\u00f3n, 18 recreativos, 7 ni\u00f1os y 12 personas hacen traves\u00edas. En relaci\u00f3n al sistema adaptado asiste una persona con lesiones cerebelosa, una persona amputada, un joven con asperger y 6 mujeres post c\u00e1ncer mamario.<\/p>\n<p data-prosemirror-content-type=\"node\" data-prosemirror-node-name=\"paragraph\" data-prosemirror-node-block=\"true\"><em>\u201cNuestra escuela tiene la mujer m\u00e1s longeva del post-c\u00e1ncer de Am\u00e9rica. Es una dedicada absoluta a la contenci\u00f3n de esta \u00e1rea que est\u00e1 junto con nosotros en la escuela, as\u00ed que tenemos todo el capital humano, cient\u00edfico y profesional para poner en ese ejercicio despu\u00e9s de lo que es el superar el c\u00e1ncer\u201d<\/em>, destac\u00f3 Oscar Quiroga, director e instructor de la Escuela de Canotaje C\u00f3rdoba.<\/p>\n<p data-prosemirror-content-type=\"node\" data-prosemirror-node-name=\"paragraph\" data-prosemirror-node-block=\"true\"><em>\u201cTambi\u00e9n en el \u00e1rea del deporte adaptado somos l\u00edderes. Ahora estamos abocados al deporte ol\u00edmpico con la escuela, obteniendo muy buenos logros cuando vamos a competir afuera. &nbsp;De este modo, C\u00f3rdoba se est\u00e1 haciendo ver con mucho respeto por la seriedad que estamos tomando el deporte\u201d<\/em>, resalt\u00f3.<\/p>\n<p data-prosemirror-content-type=\"node\" data-prosemirror-node-name=\"paragraph\" data-prosemirror-node-block=\"true\">En los pr\u00f3ximos meses, la Escuela firmar\u00e1 un convenio marco con el ente BioC\u00f3rdoba, para que se conviertan en guardianes del lago en todo lo que respecta a su cuidado, limpieza de alrededores, como tambi\u00e9n dar aviso al Ente en todo lo relacionado a la calidad y cualquier cambio que pudiesen divisar en relaci\u00f3n al caudal o aspecto del agua.<\/p>\n<p data-prosemirror-content-type=\"node\" data-prosemirror-node-name=\"paragraph\" data-prosemirror-node-block=\"true\"><strong data-prosemirror-content-type=\"mark\" data-prosemirror-mark-name=\"strong\">Quienes y de qu\u00e9 manera se puede sumar a la Escuela<\/strong><\/p>\n<p data-prosemirror-content-type=\"node\" data-prosemirror-node-name=\"paragraph\" data-prosemirror-node-block=\"true\">Cualquier persona a partir de los 8 a\u00f1os sin l\u00edmite de edad puede sumarse y no es necesario poseer los elementos propios del canotaje como son pala, chaleco y kayaks.<\/p>\n<p data-prosemirror-content-type=\"node\" data-prosemirror-node-name=\"paragraph\" data-prosemirror-node-block=\"true\">La Escuela posee una veintena de botes para poder dar inicio, y gu\u00eda a los alumnos que deseen comprar posteriormente el suyo sobre cu\u00e1l es el adecuado ergon\u00f3micamente para cada palista, teniendo en cuenta la altura, peso, del interesado.<\/p>\n<p data-prosemirror-content-type=\"node\" data-prosemirror-node-name=\"paragraph\" data-prosemirror-node-block=\"true\">Para comenzar a practicar canotaje las personas deben dirigirse los d\u00edas s\u00e1bados minutos antes de las 10:00 de la ma\u00f1ana, horario de que inicia la clase.<\/p>\n<p data-prosemirror-content-type=\"node\" data-prosemirror-node-name=\"paragraph\" data-prosemirror-node-block=\"true\">Quien se inicie desde cero, se le hablar\u00e1 sobre la disciplina, en la parte te\u00f3rica nivelatoria con todos los aspectos que son propios de ense\u00f1anza b\u00e1sica como por ejemplo la forma en c\u00f3mo se agarra un remo, c\u00f3mo es la posici\u00f3n en el bote o cu\u00e1l es la cinem\u00e1tica, describiendo la trayectoria de la canoa y c\u00f3mo se reorienta al avanzar.<\/p>\n<p data-prosemirror-content-type=\"node\" data-prosemirror-node-name=\"paragraph\" data-prosemirror-node-block=\"true\">Tambi\u00e9n en la capacitaci\u00f3n se informa sobre las caracter\u00edsticas de los diferentes lagos que tiene la provincia de C\u00f3rdoba, d\u00f3nde se ubican, vientos predominantes, profundidades, la influencia de laderas que pudiera tener el lago, y las caracter\u00edsticas seg\u00fan las diferentes estaciones del a\u00f1o.<\/p>\n<p data-prosemirror-content-type=\"node\" data-prosemirror-node-name=\"paragraph\" data-prosemirror-node-block=\"true\">A los ni\u00f1os se les explica a trav\u00e9s del juego, y si son mayores de 18 a\u00f1os reciben una clase te\u00f3rica de 40 minutos y luego se ingresa al agua.<\/p>\n<p data-prosemirror-content-type=\"node\" data-prosemirror-node-name=\"paragraph\" data-prosemirror-node-block=\"true\">Quienes se inician lo har\u00e1n en botes escuelas, estables, que permiten tener la fluidez en el paleo y gradualmente s\u00e1bado a s\u00e1bado, se va corrigiendo gesto t\u00e9cnico, rotaciones, posturas, la parte ergom\u00e9trica, y la parte de ortesis en el caso de los adaptados, como tambi\u00e9n se trabaja en relaci\u00f3n a la contenci\u00f3n en el linfedema de la mujer post c\u00e1ncer.<\/p>\n<p data-prosemirror-content-type=\"node\" data-prosemirror-node-name=\"paragraph\" data-prosemirror-node-block=\"true\">Una vez que se avanza del nivel nivelatorio que se da de acuerdo a las habilidades de cada alumno, que puede ser aproximadamente un mes o dos dependiendo de la agilidad de cada persona, se integra a los d\u00edas martes y jueves donde contin\u00faan con clases m\u00e1s fluidas, con m\u00e1s horas bote, trabajando en poder llevar sin esfuerzo el bote, con buena t\u00e9cnica.<\/p>\n<p data-prosemirror-content-type=\"node\" data-prosemirror-node-name=\"paragraph\" data-prosemirror-node-block=\"true\">La Escuela cuenta con botes para el aprendizaje para prestarlo a sus alumnos, y quien lo posea puede concurrir con el propio, al que se lo estudia y se indica de qu\u00e9 manera se rema, como tambi\u00e9n para qu\u00e9 tipo de espacio es apto (para lagos, r\u00edos, olas o para pistas) ayudando a que reme el bote de la mejor forma posible, como tambi\u00e9n los cuidados para actuar sobre cada tipo de botes.<\/p>\n<p data-prosemirror-content-type=\"node\" data-prosemirror-node-name=\"paragraph\" data-prosemirror-node-block=\"true\">En la Escuela se da la total contenci\u00f3n para que cada alumno salga a remar en los distintos lagos de la provincia, conozcan sus caracter\u00edsticas, cuales son los cuidados y prevenciones necesarias, y conocer el equipo adecuado qu\u00e9 debe llevar.<\/p>\n<p data-prosemirror-content-type=\"node\" data-prosemirror-node-name=\"paragraph\" data-prosemirror-node-block=\"true\">Por tal motivo, se invita a toda aquella persona que se encuentre practicando por su propios medios el deporte, o navegando de modo recreativo, que se sume a la Escuela, a los fines de contar con la compa\u00f1ia, contenci\u00f3n, instrucci\u00f3n y cuidados necesarios.<\/p>\n<p data-prosemirror-content-type=\"node\" data-prosemirror-node-name=\"paragraph\" data-prosemirror-node-block=\"true\"><strong data-prosemirror-content-type=\"mark\" data-prosemirror-mark-name=\"strong\">Escuela de Canotaje C\u00f3rdoba<\/strong><\/p>\n<p data-prosemirror-content-type=\"node\" data-prosemirror-node-name=\"paragraph\" data-prosemirror-node-block=\"true\">La Asociaci\u00f3n Civil Escuela de Canotaje C\u00f3rdoba fue fundada a fines del 2014.<\/p>\n<p data-prosemirror-content-type=\"node\" data-prosemirror-node-name=\"paragraph\" data-prosemirror-node-block=\"true\">Es l\u00edder en el deporte adaptado en Am\u00e9rica, siendo su mayor exponente Ariel Atama\u00f1uk, deportista paraol\u00edmpico, que ya ha participado en varios mundiales (dos paraol\u00edmpicos, campeonatos sudamericanos, panamericanos, argentinos).<\/p>\n<p data-prosemirror-content-type=\"node\" data-prosemirror-node-name=\"paragraph\" data-prosemirror-node-block=\"true\"><em>\u201cEl deportista sali\u00f3 de esta escuela, fue parte tanto de la parte formativa como de contenci\u00f3n y hoy es parte de la selecci\u00f3n argentina, represent\u00e1ndonos a nivel mundial\u201d<\/em>, destac\u00f3 su director.<\/p>\n<p data-prosemirror-content-type=\"node\" data-prosemirror-node-name=\"paragraph\" data-prosemirror-node-block=\"true\">Esta escuela tiene desarrollos a trav\u00e9s de la Universidad de C\u00f3rdoba, co-direccionando tesis en trabajos finales, lo cual la hace una de las escuelas l\u00edderes en formaci\u00f3n y en contenci\u00f3n.<\/p>\n<p data-prosemirror-content-type=\"node\" data-prosemirror-node-name=\"paragraph\" data-prosemirror-node-block=\"true\">A trav\u00e9s de la b\u00fasqueda cient\u00edfica, se ense\u00f1a a los alumnos sobre aspectos f\u00edsicos, matem\u00e1ticos, biol\u00f3gicos en relaci\u00f3n a la calidad de formaci\u00f3n y en toda la parte orogr\u00e1fica de la provincia de C\u00f3rdoba. A trav\u00e9s de las capacitaciones se otorga a los alumnos la seguridad necesaria para poder andar en todos los lagos de la provincia de C\u00f3rdoba, ya que cada uno de los palistas salen a los lagos de la provincia de forma contenida.<\/p>\n<p data-prosemirror-content-type=\"node\" data-prosemirror-node-name=\"paragraph\" data-prosemirror-node-block=\"true\">Oscar Quiroga, director e instructor de la Escuela de Canotaje C\u00f3rdoba, ampli\u00f3 su formaci\u00f3n en Alemania y Rep\u00fablica Checa.<\/p>\n<p data-prosemirror-content-type=\"node\" data-prosemirror-node-name=\"paragraph\" data-prosemirror-node-block=\"true\">Lleva m\u00e1s de 40 a\u00f1os en el ejercicio de esta profesi\u00f3n, con un importante desarrollo a nivel local, como en campeonatos mundiales, panamericanos, europeos, sudamericanos y argentinos.<\/p>\n<p data-prosemirror-content-type=\"node\" data-prosemirror-node-name=\"paragraph\" data-prosemirror-node-block=\"true\">Actualmente, algunos de sus alumnos se encuentran preparando para participar del Selectivo Nacional de Marat\u00f3n de Canotaje que se desarrollara en abril en Concepci\u00f3n del Uruguay.<\/p>\n","protected":false},"excerpt":{"rendered":"<p>La Escuela de Canotaje C\u00f3rdoba dicta sus clases te\u00f3rico pr\u00e1cticas los s\u00e1bados de 10:00 a 14:00 horas para ni\u00f1os, adultos y paracanotaje. La actividad es arancelada y est\u00e1 dirigida a personas con discapacidad, mujeres con remisi\u00f3n de c\u00e1ncer de mama, deportistas profesionales y aquellos a quien le guste la propuesta recreativa y social. Se puede [&hellip;]<\/p>\n","protected":false},"author":1,"featured_media":165190,"comment_status":"closed","ping_status":"closed","sticky":false,"template":"","format":"standard","meta":[],"categories":[44],"tags":[],"_links":{"self":[{"href":"http:\/\/cordobadirecto.com\/index.php\/wp-json\/wp\/v2\/posts\/165189"}],"collection":[{"href":"http:\/\/cordobadirecto.com\/index.php\/wp-json\/wp\/v2\/posts"}],"about":[{"href":"http:\/\/cordobadirecto.com\/index.php\/wp-json\/wp\/v2\/types\/post"}],"author":[{"embeddable":true,"href":"http:\/\/cordobadirecto.com\/index.php\/wp-json\/wp\/v2\/users\/1"}],"replies":[{"embeddable":true,"href":"http:\/\/cordobadirecto.com\/index.php\/wp-json\/wp\/v2\/comments?post=165189"}],"version-history":[{"count":0,"href":"http:\/\/cordobadirecto.com\/index.php\/wp-json\/wp\/v2\/posts\/165189\/revisions"}],"wp:featuredmedia":[{"embeddable":true,"href":"http:\/\/cordobadirecto.com\/index.php\/wp-json\/wp\/v2\/media\/165190"}],"wp:attachment":[{"href":"http:\/\/cordobadirecto.com\/index.php\/wp-json\/wp\/v2\/media?parent=165189"}],"wp:term":[{"taxonomy":"category","embeddable":true,"href":"http:\/\/cordobadirecto.com\/index.php\/wp-json\/wp\/v2\/categories?post=165189"},{"taxonomy":"post_tag","embeddable":true,"href":"http:\/\/cordobadirecto.com\/index.php\/wp-json\/wp\/v2\/tags?post=165189"}],"curies":[{"name":"wp","href":"https:\/\/api.w.org\/{rel}","templated":true}]}}