{"id":165214,"date":"2025-04-27T14:04:49","date_gmt":"2025-04-27T14:04:49","guid":{"rendered":"https:\/\/www.ole.com.ar\/autos\/piloto-colapinto-alpine-gasly-nico-paz_0_P5TeikMI7q.html"},"modified":"2025-04-27T14:04:49","modified_gmt":"2025-04-27T14:04:49","slug":"el-piloto-de-alpine-companero-de-colapinto-que-fue-a-ver-jugar-al-como-de-nico-paz","status":"publish","type":"post","link":"http:\/\/cordobadirecto.com\/index.php\/2025\/04\/27\/el-piloto-de-alpine-companero-de-colapinto-que-fue-a-ver-jugar-al-como-de-nico-paz\/","title":{"rendered":"El piloto de Alpine, compa\u00f1ero de Colapinto, que fue a ver jugar al Como de Nico Paz"},"content":{"rendered":"<p><time class=\"createDate\" datetime=\"2025-04-27T11:04:49-03:00\">27\/04\/2025 11:04hs.<\/time><\/p>\n<div id=\"storyBody\">\n<div class=\"custom-text \" readability=\"33.960612691466\">\n<p>Completamente ajeno a los rumores que auguran un inminente cambio en la segunda butaca de <strong><a href=\"https:\/\/www.ole.com.ar\/tema\/alpine.html\" title=\"Alpine\" alt=\"Alpine\" class=\"slug\">Alpine<\/a><\/strong>, con un <strong><a href=\"https:\/\/www.ole.com.ar\/tema\/franco-colapinto.html\" title=\"Franco Colapinto\" alt=\"Franco Colapinto\" class=\"slug\">Franco Colapinto<\/a><\/strong> que cada vez parece posicionarse m\u00e1s cerca del auto que hoy ocupa <strong><a href=\"https:\/\/www.ole.com.ar\/tema\/jack-doohan.html\" title=\"Jack Doohan\" alt=\"Jack Doohan\" class=\"slug\">Jack Doohan<\/a><\/strong>, <strong><a href=\"https:\/\/www.ole.com.ar\/tema\/pierre-gasly.html\" title=\"Pierre Gasly\" alt=\"Pierre Gasly\" class=\"slug\">Pierre Gasly<\/a><\/strong>, piloto del primer auto de la escuder\u00eda francesa, disfruta de unos d\u00edas libres antes de viajar al<strong> Gran Premio de Miami.<\/strong> Y en medio de ese descanso, sorprendi\u00f3 con su presencia en el partido entre el <strong><a href=\"https:\/\/www.ole.com.ar\/tema\/como.html\" title=\"Como\" alt=\"Como\" class=\"slug\">Como <\/a>de <a href=\"https:\/\/www.ole.com.ar\/tema\/nicolas-paz.html\" title=\"Nicol\u00e1s Paz\" alt=\"Nicol\u00e1s Paz\" class=\"slug\">Nico Paz<\/a> <\/strong>y <strong><a href=\"https:\/\/www.ole.com.ar\/tema\/genoa.html\" title=\"Genoa\" alt=\"Genoa\" class=\"slug\">Genoa <\/a><\/strong>por la <strong><a href=\"https:\/\/www.ole.com.ar\/tema\/serie-a.html\" title=\"Serie A\" alt=\"Serie A\" class=\"slug\">Serie A<\/a><\/strong>.<\/p>\n<\/div>\n<div class=\"custom-text \" readability=\"39.781316348195\">\n<p>Desde el ascenso del equipo dirigido por <strong><a href=\"https:\/\/www.ole.com.ar\/tema\/cesc-fabregas.html\" title=\"Cesc F\u00e1bregas\" alt=\"Cesc F\u00e1bregas\" class=\"slug\">Cesc F\u00e0bregas<\/a><\/strong>, se convirti\u00f3 casi en una tradici\u00f3n el desfile de figuras y celebridades de todo el mundo en las tribunas del estadio Giuseppe Sinigaglia. Y este s\u00e1bado no fue la excepci\u00f3n. Porque adem\u00e1s de <strong>Gasly, tambi\u00e9n estuvieron presentes el reconocido rapero y actor brit\u00e1nico Kano, el ex Real Madrid Lassana Diarra, el pianista franc\u00e9s Sofiane Pamart, y Raphael Varane, quien es miembro de la junta directiva de Como.<\/strong><\/p>\n<\/div>\n<div class=\"sc-e7b891c4-0 ifHnQL image-embed\"><img alt=\"Gasly, presente en el estadio del Como.\" loading=\"lazy\" width=\"720\" height=\"100\" decoding=\"async\" data-nimg=\"1\" src=\"http:\/\/cordobadirecto.com\/wp-content\/uploads\/2025\/04\/el-piloto-de-alpine-companero-de-colapinto-que-fue-a-ver-jugar-al-como-de-nico-paz.jpg\"><span class=\"epigraphe\">Gasly, presente en el estadio del Como.<\/span><\/div>\n<div class=\"custom-text \" readability=\"36\">\n<p>Todos ellos presenciaron la victoria 1-0 del local, que logr\u00f3 su cuarto triunfo al hilo y, a\u00fan m\u00e1s importante,<strong> ya se asegur\u00f3 la permanencia a cuatro fechas del cierre del campeonato. <\/strong><\/p>\n<\/div>\n<p><h2><strong>El apoyo a Doohan y freno a Colapinto en Alpine<\/strong><\/h2>\n<\/p>\n<div class=\"custom-text \" readability=\"43\">\n<p>La llegada de Franco Colapinto a Alpine revolucion\u00f3 todo el Paddock y a los hinchas de la F\u00f3rmula 1, especialmente a los argentinos, que constantemente expresan su deseo de verlo en una de las butacas del equipo franc\u00e9s. No obstante, esto<strong> gener\u00f3 una presi\u00f3n extra sobre el piloto titular, Jack Doohan, quien se encuentra constantemente en el centro de atenci\u00f3n con cada maniobra que realiza<\/strong>. A ra\u00edz de esto,<strong> Oliver Oakes<\/strong>, jefe de la escuder\u00eda con sede en Enstone, sali\u00f3 a respaldarlo.<\/p>\n<\/div>\n<div class=\"custom-text \" readability=\"40\">\n<p>Oakes dialog\u00f3 con el podcast oficial de la M\u00e1xima y destac\u00f3 c\u00f3mo llevaron adelante los trabajos con el australiano ante esta situaci\u00f3n:<strong> \u201cRecientemente vimos esto con Doohan, me sent\u00ed mal por \u00e9l. Todo el mundo lo persegu\u00eda antes de que tuviera la oportunidad de debutar en esta categor\u00eda, y me molest\u00f3<\/strong> porque, como equipo, incorporamos a otro piloto de reserva (Colapinto), pero la intenci\u00f3n no era que todos se pusieran en contra de Jack\u201d.<\/p>\n<\/div>\n<div class=\"custom-text \" readability=\"38\">\n<p>Adem\u00e1s, agreg\u00f3: \u201c<strong>Realmente me molest\u00f3 porque es joven y necesita tener su chance, pero supongo que es parte de la realidad actual. <\/strong>Hoy en d\u00eda, abrimos todo para ofrecer m\u00e1s contenido y dar acceso a lo que estamos haciendo, pero la desventaja es que tambi\u00e9n recibes mucho m\u00e1s ruido\u201d.<\/p>\n<\/div>\n<p><h2><strong>Otro exjefe de la F1 critica el bajo rendimiento de Doohan<\/strong><\/h2>\n<\/p>\n<div class=\"custom-text \" readability=\"42\">\n<p>Guenther Steiner, ex jefe del equipo Haas, critic\u00f3 el flojo rendimiento del piloto australiano en el equipo franc\u00e9s, que parece no levantar cabeza: \u201cEl Alpine (monoplaza) no es tan malo como pensamos, pero tiene sus pros y sus contras. Doohan no sum\u00f3 ninguno de los seis puntos, por cierto, solo Gasly lo logr\u00f3, deber\u00e1 reaccionar. \u201d.<\/p>\n<\/div>\n<div class=\"sc-a7166897-0 eoLsBE\" readability=\"6\">\n<section readability=\"2\"><picture><img alt=\"El apoyo a Doohan y freno a Colapinto en Alpine\" loading=\"lazy\" width=\"290\" height=\"290\" decoding=\"async\" data-nimg=\"1\" src=\"http:\/\/cordobadirecto.com\/wp-content\/uploads\/2025\/04\/el-piloto-de-alpine-companero-de-colapinto-que-fue-a-ver-jugar-al-como-de-nico-paz-1.jpg\"><\/picture>\n<p><span>Mir\u00e1 tambi\u00e9n<\/span><\/p>\n<hr>\n<h3>El apoyo a Doohan y freno a Colapinto en Alpine<\/h3>\n<\/p>\n<\/section>\n<\/div>\n<div class=\"sc-a7166897-0 eoLsBE\" readability=\"6\">\n<section readability=\"2\"><picture><img alt=\"La foto viral de Colapinto comiendo un asado con el hijo de Flavio Briatore\" loading=\"lazy\" width=\"290\" height=\"290\" decoding=\"async\" data-nimg=\"1\" src=\"http:\/\/cordobadirecto.com\/wp-content\/uploads\/2025\/04\/el-piloto-de-alpine-companero-de-colapinto-que-fue-a-ver-jugar-al-como-de-nico-paz-2.jpg\"><\/picture>\n<p><span>Mir\u00e1 tambi\u00e9n<\/span><\/p>\n<hr>\n<h3>La foto viral de Colapinto comiendo un asado con el hijo de Flavio Briatore<\/h3>\n<\/p>\n<\/section>\n<\/div>\n<div class=\"sc-a7166897-0 eoLsBE\" readability=\"7\">\n<section readability=\"4\"><picture><img alt=\"Agust\u00edn Canapino con Ol\u00e9: la divisi\u00f3n del TC2000, la importancia del ruido y la locura de los yanquis por el TC\" loading=\"lazy\" width=\"290\" height=\"290\" decoding=\"async\" data-nimg=\"1\" src=\"http:\/\/cordobadirecto.com\/wp-content\/uploads\/2025\/04\/el-piloto-de-alpine-companero-de-colapinto-que-fue-a-ver-jugar-al-como-de-nico-paz-3.jpg\"><\/picture>\n<p><span>Mir\u00e1 tambi\u00e9n<\/span><\/p>\n<hr>\n<h3>Agust\u00edn Canapino con Ol\u00e9: la divisi\u00f3n del TC2000, la importancia del ruido y la locura de los yanquis por el TC<\/h3>\n<\/p>\n<\/section>\n<\/div>\n<\/div>\n","protected":false},"excerpt":{"rendered":"<p>27\/04\/2025 11:04hs. Completamente ajeno a los rumores que auguran un inminente cambio en la segunda butaca de Alpine, con un Franco Colapinto que cada vez parece posicionarse m\u00e1s cerca del auto que hoy ocupa Jack Doohan, Pierre Gasly, piloto del primer auto de la escuder\u00eda francesa, disfruta de unos d\u00edas libres antes de viajar al [&hellip;]<\/p>\n","protected":false},"author":1,"featured_media":165215,"comment_status":"closed","ping_status":"closed","sticky":false,"template":"","format":"standard","meta":[],"categories":[21],"tags":[],"_links":{"self":[{"href":"http:\/\/cordobadirecto.com\/index.php\/wp-json\/wp\/v2\/posts\/165214"}],"collection":[{"href":"http:\/\/cordobadirecto.com\/index.php\/wp-json\/wp\/v2\/posts"}],"about":[{"href":"http:\/\/cordobadirecto.com\/index.php\/wp-json\/wp\/v2\/types\/post"}],"author":[{"embeddable":true,"href":"http:\/\/cordobadirecto.com\/index.php\/wp-json\/wp\/v2\/users\/1"}],"replies":[{"embeddable":true,"href":"http:\/\/cordobadirecto.com\/index.php\/wp-json\/wp\/v2\/comments?post=165214"}],"version-history":[{"count":0,"href":"http:\/\/cordobadirecto.com\/index.php\/wp-json\/wp\/v2\/posts\/165214\/revisions"}],"wp:featuredmedia":[{"embeddable":true,"href":"http:\/\/cordobadirecto.com\/index.php\/wp-json\/wp\/v2\/media\/165215"}],"wp:attachment":[{"href":"http:\/\/cordobadirecto.com\/index.php\/wp-json\/wp\/v2\/media?parent=165214"}],"wp:term":[{"taxonomy":"category","embeddable":true,"href":"http:\/\/cordobadirecto.com\/index.php\/wp-json\/wp\/v2\/categories?post=165214"},{"taxonomy":"post_tag","embeddable":true,"href":"http:\/\/cordobadirecto.com\/index.php\/wp-json\/wp\/v2\/tags?post=165214"}],"curies":[{"name":"wp","href":"https:\/\/api.w.org\/{rel}","templated":true}]}}