{"id":165238,"date":"2025-04-25T14:39:02","date_gmt":"2025-04-25T14:39:02","guid":{"rendered":"https:\/\/cordoba.gob.ar\/?p=77269"},"modified":"2025-04-25T14:39:02","modified_gmt":"2025-04-25T14:39:02","slug":"la-zurda-la-pelicula-cordobesa-beneficiaria-del-programa-cash-rebate-ya-puede-verse-en-cines","status":"publish","type":"post","link":"http:\/\/cordobadirecto.com\/index.php\/2025\/04\/25\/la-zurda-la-pelicula-cordobesa-beneficiaria-del-programa-cash-rebate-ya-puede-verse-en-cines\/","title":{"rendered":"\u201cLa Zurda\u201d, la pel\u00edcula cordobesa beneficiaria del programa Cash Rebate ya puede verse en cines"},"content":{"rendered":"<div><img src=\"http:\/\/cordobadirecto.com\/wp-content\/uploads\/2025\/04\/la-zurda-la-pelicula-cordobesa-beneficiaria-del-programa-cash-rebate-ya-puede-verse-en-cines.png\" class=\"ff-og-image-inserted\"><\/div>\n<ul>\n<li data-prosemirror-content-type=\"node\" data-prosemirror-node-name=\"paragraph\" data-prosemirror-node-block=\"true\"><strong>El filme, dirigido por Rosendo Ruiz, relata la historia de dos j\u00f3venes cuarteteros acusados injustamente de un crimen.<\/strong><\/li>\n<\/ul>\n<hr>\n<p data-prosemirror-content-type=\"node\" data-prosemirror-node-name=\"paragraph\" data-prosemirror-node-block=\"true\">El jueves 24 de abril lleg\u00f3 a los cines de todo el pa\u00eds el estreno de \u201cLa Zurda\u201d, la pel\u00edcula dirigida por Rosendo Ruiz y filmada \u00edntegramente en C\u00f3rdoba.<\/p>\n<p data-prosemirror-content-type=\"node\" data-prosemirror-node-name=\"paragraph\" data-prosemirror-node-block=\"true\">Se trata de uno de los largometrajes beneficiarios del programa CBA Acci\u00f3n de la Municipalidad de C\u00f3rdoba, gestionado a trav\u00e9s de la Secretar\u00eda de Cultura, y el ente C\u00f3rdoba Acelera.<\/p>\n<p data-prosemirror-content-type=\"node\" data-prosemirror-node-name=\"paragraph\" data-prosemirror-node-block=\"true\">\u201cLa Zurda\u201d es uno de los 33 proyectos seleccionados de la 1ra edici\u00f3n de Cash Rebate, el sistema de reintegros a producciones audiovisuales realizadas en la ciudad de C\u00f3rdoba.<\/p>\n<p data-prosemirror-content-type=\"node\" data-prosemirror-node-name=\"paragraph\" data-prosemirror-node-block=\"true\">El thriller de ficci\u00f3n relata la historia de dos j\u00f3venes que sue\u00f1an con triunfar con su banda de cuarteto, pero que una noche son acusados de un crimen que no cometieron.<\/p>\n<p data-prosemirror-content-type=\"node\" data-prosemirror-node-name=\"paragraph\" data-prosemirror-node-block=\"true\">Por su condici\u00f3n social, est\u00e1n convencidos que ser\u00e1n condenados y se dan a la fuga, para intentar encontrar al verdadero culpable y demostrar su inocencia.<\/p>\n<p data-prosemirror-content-type=\"node\" data-prosemirror-node-name=\"paragraph\" data-prosemirror-node-block=\"true\">\u201c\u00bfPor qu\u00e9 odiar al \u2018villero\u2019, al pobre, al marginal, al que limpiavidrios, al que cuida autos? \u00bfNo deber\u00edamos conmovernos por su vulnerabilidad, por su precaria situaci\u00f3n? \u00bfSer\u00e1 porque perdimos la capacidad de empatizar? Despu\u00e9s de hacer la pel\u00edcula, sigo pensando las respuestas\u201d, reflexiona Rosendo Ruiz.<\/p>\n<p data-prosemirror-content-type=\"node\" data-prosemirror-node-name=\"paragraph\" data-prosemirror-node-block=\"true\">El director, que hizo su debut cinematogr\u00e1fico en 2010 con la reconocida pel\u00edcula cordobesa \u201cDe Caravana\u201d, agrega: \u201cEs la funci\u00f3n que tenemos los artistas: devolverle a la comunidad las historias que nos cruzan, que nos suceden a nosotros y a las personas que nos rodean\u201d.<\/p>\n<p data-prosemirror-content-type=\"node\" data-prosemirror-node-name=\"paragraph\" data-prosemirror-node-block=\"true\">El largometraje viene de presentarse en BAFICI, el festival de cine independiente m\u00e1s importante del pa\u00eds, donde cosech\u00f3 elogios y aplausos en la categor\u00eda \u201cCompetencia oficial internacional\u201d.<\/p>\n<p data-prosemirror-content-type=\"node\" data-prosemirror-node-name=\"paragraph\" data-prosemirror-node-block=\"true\">\u201cLa Zurda\u201d tiene banda sonora y m\u00fasica original de Monada y est\u00e1 protagonizada por Juan Cruz El G\u00e1name, Marcio Rams\u00e9s Salas Ortuay, Alejandro Orlando, Majo Sorbello, Daniel Pati\u00f1o Aguilar y Micaela Abdullatif.<\/p>\n<p data-prosemirror-content-type=\"node\" data-prosemirror-node-name=\"paragraph\" data-prosemirror-node-block=\"true\">Fue realizada por una co-producci\u00f3n de El Carro Cine y Jaque Content, con el apoyo de la Municipalidad de C\u00f3rdoba, el Polo Audiovisual C\u00f3rdoba y el INCAA. Tr\u00e1iler disponible en el siguiente <a href=\"https:\/\/www.youtube.com\/watch?v=seLUU2iS0no\">link<\/a>.<\/p>\n<p data-prosemirror-content-type=\"node\" data-prosemirror-node-name=\"paragraph\" data-prosemirror-node-block=\"true\"><strong data-prosemirror-content-type=\"mark\" data-prosemirror-mark-name=\"strong\">Sobre CBA Acci\u00f3n<\/strong><\/p>\n<p data-prosemirror-content-type=\"node\" data-prosemirror-node-name=\"paragraph\" data-prosemirror-node-block=\"true\">La iniciativa forma parte del R\u00e9gimen de Fomento y Promoci\u00f3n de la Actividad Audiovisual de la ciudad de C\u00f3rdoba \u201cPaola Su\u00e1rez\u201d, que busca impulsar la industria audiovisual, generar empleo en el sector y posicionar a C\u00f3rdoba como destino internacional de rodaje.<\/p>\n<p data-prosemirror-content-type=\"node\" data-prosemirror-node-name=\"paragraph\" data-prosemirror-node-block=\"true\">Contin\u00faa abierta la 1ra convocatoria del sistema Cash Rebate de C\u00f3rdoba Acci\u00f3n para proyectos publicitarios. Para m\u00e1s informaci\u00f3n: <a href=\"https:\/\/audiovisual.cordoba.gob.ar\/\" data-prosemirror-content-type=\"mark\" data-prosemirror-mark-name=\"link\">https:\/\/audiovisual.cordoba.gob.ar\/<\/a><\/p>\n","protected":false},"excerpt":{"rendered":"<p>El filme, dirigido por Rosendo Ruiz, relata la historia de dos j\u00f3venes cuarteteros acusados injustamente de un crimen. El jueves 24 de abril lleg\u00f3 a los cines de todo el pa\u00eds el estreno de \u201cLa Zurda\u201d, la pel\u00edcula dirigida por Rosendo Ruiz y filmada \u00edntegramente en C\u00f3rdoba. Se trata de uno de los largometrajes beneficiarios [&hellip;]<\/p>\n","protected":false},"author":1,"featured_media":165239,"comment_status":"closed","ping_status":"closed","sticky":false,"template":"","format":"standard","meta":[],"categories":[44],"tags":[],"_links":{"self":[{"href":"http:\/\/cordobadirecto.com\/index.php\/wp-json\/wp\/v2\/posts\/165238"}],"collection":[{"href":"http:\/\/cordobadirecto.com\/index.php\/wp-json\/wp\/v2\/posts"}],"about":[{"href":"http:\/\/cordobadirecto.com\/index.php\/wp-json\/wp\/v2\/types\/post"}],"author":[{"embeddable":true,"href":"http:\/\/cordobadirecto.com\/index.php\/wp-json\/wp\/v2\/users\/1"}],"replies":[{"embeddable":true,"href":"http:\/\/cordobadirecto.com\/index.php\/wp-json\/wp\/v2\/comments?post=165238"}],"version-history":[{"count":0,"href":"http:\/\/cordobadirecto.com\/index.php\/wp-json\/wp\/v2\/posts\/165238\/revisions"}],"wp:featuredmedia":[{"embeddable":true,"href":"http:\/\/cordobadirecto.com\/index.php\/wp-json\/wp\/v2\/media\/165239"}],"wp:attachment":[{"href":"http:\/\/cordobadirecto.com\/index.php\/wp-json\/wp\/v2\/media?parent=165238"}],"wp:term":[{"taxonomy":"category","embeddable":true,"href":"http:\/\/cordobadirecto.com\/index.php\/wp-json\/wp\/v2\/categories?post=165238"},{"taxonomy":"post_tag","embeddable":true,"href":"http:\/\/cordobadirecto.com\/index.php\/wp-json\/wp\/v2\/tags?post=165238"}],"curies":[{"name":"wp","href":"https:\/\/api.w.org\/{rel}","templated":true}]}}