{"id":165287,"date":"2025-04-27T18:51:31","date_gmt":"2025-04-27T18:51:31","guid":{"rendered":"https:\/\/www.ole.com.ar\/autos\/valentin-perrone-mejor-carrera-moto3-gp-espana-motogp_0_4H7fK2PsDX.html"},"modified":"2025-04-27T18:51:31","modified_gmt":"2025-04-27T18:51:31","slug":"valentin-perrone-hizo-su-mejor-carrera-en-moto3-en-el-gp-de-espana","status":"publish","type":"post","link":"http:\/\/cordobadirecto.com\/index.php\/2025\/04\/27\/valentin-perrone-hizo-su-mejor-carrera-en-moto3-en-el-gp-de-espana\/","title":{"rendered":"Valent\u00edn Perrone hizo su mejor carrera en Moto3 en el GP de Espa\u00f1a"},"content":{"rendered":"<p><time class=\"createDate\" datetime=\"2025-04-27T15:51:31-03:00\">27\/04\/2025 15:51hs.<\/time><\/p>\n<div id=\"storyBody\">\n<div class=\"custom-text \" readability=\"41.966386554622\">\n<p>El viernes, cuando sali\u00f3 a la pista de Jerez y tuvo tan buenas sensaciones, se olfateaba que <strong><a href=\"https:\/\/www.ole.com.ar\/tema\/valentin-perrone.html\" title=\"valentin perrone\" alt=\"valentin perrone\" class=\"slug\">Valent\u00edn Perrone<\/a><\/strong> tendr\u00eda un gran fin de semana. El pase a la Q2, el 10\u00b0 lugar en la clasificaci\u00f3n y la carrera, que fue la mejor desde que lleg\u00f3 al <strong><a href=\"https:\/\/www.ole.com.ar\/tema\/moto3.html\" title=\"Moto3\" alt=\"Moto3\" class=\"slug\">Moto3<\/a><\/strong>, lo ratificaron. En el <strong>GP de Espa\u00f1a<\/strong>, el pibe de 17 a\u00f1os mostr\u00f3 su velocidad, algo que ya se hab\u00eda visto en fechas anteriores, pero sobre todo su madurez, que aumenta con cada experiencia pasada en el campeonato mundial.<\/p>\n<\/div>\n<div class=\"custom-text \" readability=\"41\">\n<p>Despu\u00e9s del 15\u00b0 puesto en Qatar, por el que hab\u00eda conseguido su primer punto en el certamen, <strong>el argentino obtuvo un 10\u00b0 lugar en Jerez<\/strong>. Podr\u00eda haber sido algo m\u00e1s, ya que gan\u00f3 posiciones r\u00e1pidamente -lleg\u00f3 a estar 7\u00b0-, pero una penalizaci\u00f3n le hizo perder algo de terreno. En ese tramo, cuando qued\u00f3 alejado del grupo y tuvo que decidir si apretar o regular, apareci\u00f3 la frialdad que fue desarrollando con el correr de las carreras.<\/p>\n<\/div>\n<div class=\"sc-e7b891c4-0 ifHnQL image-embed\"><img alt=\"Perrone persiguiendo a Lunetta, a quien termin\u00f3 superando para terminar 10\u00b0. (EFE\/ Jose Manuel Vidal)\" loading=\"lazy\" width=\"720\" height=\"100\" decoding=\"async\" data-nimg=\"1\" src=\"http:\/\/cordobadirecto.com\/wp-content\/uploads\/2025\/04\/valentin-perrone-hizo-su-mejor-carrera-en-moto3-en-el-gp-de-espana.jpg\"><span class=\"epigraphe\">Perrone persiguiendo a Lunetta, a quien termin\u00f3 superando para terminar 10\u00b0. (EFE\/ Jose Manuel Vidal)<\/span><\/div>\n<div class=\"custom-text \" readability=\"42\">\n<p>&#8220;Como el ritmo del grupo delantero era muy r\u00e1pido, quedamos partidos en dos y termin\u00e9 solo sin rebufo. Pude alcanzar a Lunetta y avanzar con \u00e9l hasta alcanzar al pelot\u00f3n, pero el ritmo que llevaban era muy elevado y dije <strong>&#8216;s\u00e9 que el neum\u00e1tico se va a gastar y m\u00e1s adelante estar\u00e9 jodido&#8217;<\/strong>, por lo que trat\u00e9 de trabajar en m\u00ed, no ser tan agresivo y al final pude acabar en 10\u00aa posici\u00f3n&#8221;, explic\u00f3 el piloto de Tech3, que en ciertas ocasiones apret\u00f3 de m\u00e1s y cometi\u00f3 errores, pero esta vez trat\u00f3 de apretar y no abarcar y obtuvo r\u00e9ditos.<\/p>\n<\/div>\n<div class=\"custom-text \" readability=\"38\">\n<p>&#8220;Estoy contento con el resultado y con el trabajo de todo el equipo. A seguir arriba, aprendiendo y disfrutando, que este fin de semana s\u00ed que hemos disfrutado&#8221;, concluy\u00f3 Perrone, quien lleg\u00f3 a la l\u00ednea de <strong>siete puntos y se ubic\u00f3 24\u00b0 entre 30 competidores<\/strong>.<\/p>\n<\/div>\n<p><h2>El MotoGP tiene un nuevo puntero del campeonato<\/h2>\n<\/p>\n<div class=\"custom-text \" readability=\"34.126213592233\">\n<p><strong><a href=\"https:\/\/www.ole.com.ar\/tema\/alex-marquez.html\" title=\"Alex Marquez\" alt=\"Alex Marquez\" class=\"slug\">\u00c1lex M\u00e1rquez<\/a> <\/strong>(Gresini) se llev\u00f3 la victoria en su Gran Premio local y salt\u00f3 a la punta del campeonato: lleg\u00f3 a 140 puntos y pas\u00f3 por uno a su hermano, <a href=\"https:\/\/www.ole.com.ar\/tema\/marc-marquez.html\" title=\"Marc M\u00e1rquez\" alt=\"Marc M\u00e1rquez\" class=\"slug\">Marc<\/a> (Ducati), que no tuvo una buena carrera y result\u00f3 12\u00b0. Fabio Quartararo (Yamaha) y Pecco Bagnaia (Ducati) lo acompa\u00f1aron en el podio del <a href=\"https:\/\/www.ole.com.ar\/tema\/motogp.html\" title=\"MotoGP\" alt=\"MotoGP\" class=\"slug\">MotoGP<\/a>. <\/p>\n<\/div>\n<div class=\"sc-e7b891c4-0 ifHnQL image-embed\"><img alt=\"\u00c1lex M\u00e1rquez se hizo fuerte en su hogar, Espa\u00f1a. (EFE\/Rom\u00e1n R\u00edos)\" loading=\"lazy\" width=\"720\" height=\"100\" decoding=\"async\" data-nimg=\"1\" src=\"http:\/\/cordobadirecto.com\/wp-content\/uploads\/2025\/04\/valentin-perrone-hizo-su-mejor-carrera-en-moto3-en-el-gp-de-espana-1.jpg\"><span class=\"epigraphe\">\u00c1lex M\u00e1rquez se hizo fuerte en su hogar, Espa\u00f1a. (EFE\/Rom\u00e1n R\u00edos)<\/span><\/div>\n<div class=\"sc-a7166897-0 eoLsBE\" readability=\"7\">\n<section readability=\"4\"><picture><img alt=\"Agust\u00edn Canapino con Ol\u00e9: la divisi\u00f3n del TC2000, la importancia del ruido y la locura de los yanquis por el TC\" loading=\"lazy\" width=\"290\" height=\"290\" decoding=\"async\" data-nimg=\"1\" src=\"http:\/\/cordobadirecto.com\/wp-content\/uploads\/2025\/04\/valentin-perrone-hizo-su-mejor-carrera-en-moto3-en-el-gp-de-espana-2.jpg\"><\/picture>\n<p><span>Mir\u00e1 tambi\u00e9n<\/span><\/p>\n<hr>\n<h3>Agust\u00edn Canapino con Ol\u00e9: la divisi\u00f3n del TC2000, la importancia del ruido y la locura de los yanquis por el TC<\/h3>\n<\/p>\n<\/section>\n<\/div>\n<div class=\"sc-a7166897-0 eoLsBE\" readability=\"6.5\">\n<section readability=\"3\"><picture><img alt=\"Valent\u00edn Yankelevich con Ol\u00e9: &quot;Amo los autos, el legado familiar no era lo m\u00edo&quot;\" loading=\"lazy\" width=\"290\" height=\"290\" decoding=\"async\" data-nimg=\"1\" src=\"http:\/\/cordobadirecto.com\/wp-content\/uploads\/2025\/04\/valentin-perrone-hizo-su-mejor-carrera-en-moto3-en-el-gp-de-espana-3.jpg\"><\/picture>\n<p><span>Mir\u00e1 tambi\u00e9n<\/span><\/p>\n<hr>\n<h3>Valent\u00edn Yankelevich con Ol\u00e9: &#8220;Amo los autos, el legado familiar no era lo m\u00edo&#8221;<\/h3>\n<\/p>\n<\/section>\n<\/div>\n<div class=\"sc-a7166897-0 eoLsBE\" readability=\"6\">\n<section readability=\"2\"><picture><img alt=\"La otra cara de la F\u00f3rmula 1: el show fuera de la pista\" loading=\"lazy\" width=\"290\" height=\"290\" decoding=\"async\" data-nimg=\"1\" src=\"http:\/\/cordobadirecto.com\/wp-content\/uploads\/2025\/04\/valentin-perrone-hizo-su-mejor-carrera-en-moto3-en-el-gp-de-espana-4.jpg\"><\/picture>\n<p><span>Mir\u00e1 tambi\u00e9n<\/span><\/p>\n<hr>\n<h3>La otra cara de la F\u00f3rmula 1: el show fuera de la pista<\/h3>\n<\/p>\n<\/section>\n<\/div>\n<div class=\"sc-a7166897-0 eoLsBE\" readability=\"6\">\n<section readability=\"2\"><picture><img alt=\"Jack Doohan tiene una vida m\u00e1s: corre el GP de Miami y Franco Colapinto espera \" loading=\"lazy\" width=\"290\" height=\"290\" decoding=\"async\" data-nimg=\"1\" src=\"http:\/\/cordobadirecto.com\/wp-content\/uploads\/2025\/04\/valentin-perrone-hizo-su-mejor-carrera-en-moto3-en-el-gp-de-espana-5.jpg\"><\/picture>\n<p><span>Mir\u00e1 tambi\u00e9n<\/span><\/p>\n<hr>\n<h3>Jack Doohan tiene una vida m\u00e1s: corre el GP de Miami y Franco Colapinto espera<br \/>\n<\/h3>\n<\/p>\n<\/section>\n<\/div>\n<\/div>\n","protected":false},"excerpt":{"rendered":"<p>27\/04\/2025 15:51hs. El viernes, cuando sali\u00f3 a la pista de Jerez y tuvo tan buenas sensaciones, se olfateaba que Valent\u00edn Perrone tendr\u00eda un gran fin de semana. El pase a la Q2, el 10\u00b0 lugar en la clasificaci\u00f3n y la carrera, que fue la mejor desde que lleg\u00f3 al Moto3, lo ratificaron. En el GP [&hellip;]<\/p>\n","protected":false},"author":1,"featured_media":165288,"comment_status":"closed","ping_status":"closed","sticky":false,"template":"","format":"standard","meta":[],"categories":[21],"tags":[],"_links":{"self":[{"href":"http:\/\/cordobadirecto.com\/index.php\/wp-json\/wp\/v2\/posts\/165287"}],"collection":[{"href":"http:\/\/cordobadirecto.com\/index.php\/wp-json\/wp\/v2\/posts"}],"about":[{"href":"http:\/\/cordobadirecto.com\/index.php\/wp-json\/wp\/v2\/types\/post"}],"author":[{"embeddable":true,"href":"http:\/\/cordobadirecto.com\/index.php\/wp-json\/wp\/v2\/users\/1"}],"replies":[{"embeddable":true,"href":"http:\/\/cordobadirecto.com\/index.php\/wp-json\/wp\/v2\/comments?post=165287"}],"version-history":[{"count":0,"href":"http:\/\/cordobadirecto.com\/index.php\/wp-json\/wp\/v2\/posts\/165287\/revisions"}],"wp:featuredmedia":[{"embeddable":true,"href":"http:\/\/cordobadirecto.com\/index.php\/wp-json\/wp\/v2\/media\/165288"}],"wp:attachment":[{"href":"http:\/\/cordobadirecto.com\/index.php\/wp-json\/wp\/v2\/media?parent=165287"}],"wp:term":[{"taxonomy":"category","embeddable":true,"href":"http:\/\/cordobadirecto.com\/index.php\/wp-json\/wp\/v2\/categories?post=165287"},{"taxonomy":"post_tag","embeddable":true,"href":"http:\/\/cordobadirecto.com\/index.php\/wp-json\/wp\/v2\/tags?post=165287"}],"curies":[{"name":"wp","href":"https:\/\/api.w.org\/{rel}","templated":true}]}}