{"id":165289,"date":"2025-04-28T16:06:48","date_gmt":"2025-04-28T16:06:48","guid":{"rendered":"https:\/\/www.ole.com.ar\/futbol-ascenso\/ascenso_0_vJ7NYR7enS.html"},"modified":"2025-04-28T16:06:48","modified_gmt":"2025-04-28T16:06:48","slug":"colon-quinta-derrota-al-hilo-y-clima-caliente-en-santa-fe","status":"publish","type":"post","link":"http:\/\/cordobadirecto.com\/index.php\/2025\/04\/28\/colon-quinta-derrota-al-hilo-y-clima-caliente-en-santa-fe\/","title":{"rendered":"Col\u00f3n: quinta derrota al hilo y clima caliente en Santa Fe"},"content":{"rendered":"<p><span class=\"createDate\">27\/04\/2025 22:30hs.<\/span><time class=\"modificatedDate\" datetime=\"2025-04-28T06:58:24-03:00\"> Actualizado al 28\/04\/2025 06:58hs.<\/time><\/p>\n<div id=\"storyBody\">\n<div class=\"custom-text \" readability=\"32.588075880759\">\n<p>Lo de <strong><a href=\"https:\/\/www.ole.com.ar\/tema\/colon.html\" title=\"Col\u00f3n\" alt=\"Col\u00f3n\" class=\"slug\">Col\u00f3n <\/a><\/strong>es una ca\u00edda cincontrol. Por m\u00e1s que intente, el paraca\u00eddas pareciera no abrirse y el fondo de la Zona B de la <a href=\"https:\/\/www.ole.com.ar\/tema\/primera-nacional.html\" title=\"Primera Nacional\" alt=\"Primera Nacional\" class=\"slug\">Primera Nacional<\/a> est\u00e1 cada vez m\u00e1s cerca. Las fechas pasan, la reacci\u00f3n no surge y el equipo volvi\u00f3 a sufrir un nuevo golpazo: <strong>cay\u00f3 en el debut de Andr\u00e9s Yllana frente a <a href=\"https:\/\/www.ole.com.ar\/tema\/defensores-de-belgrano.html\" title=\"Defensores de Belgrano\" alt=\"Defensores de Belgrano\" class=\"slug\">Defensores de Belgrano<\/a> y perdi\u00f3 por quinto encuentro consecutivo<\/strong>.<\/p>\n<\/div>\n<div class=\"custom-text \" readability=\"36.32044198895\">\n<p><strong>Ni el m\u00e1s pesimista se hubiera imaginado este presente.<\/strong> Luego de un 2024 en el que estuvo lejos de la pelea por la vuelta a la <a href=\"https:\/\/www.ole.com.ar\/tema\/liga-profesional.html\" title=\"Liga Profesional\" alt=\"Liga Profesional\" class=\"slug\">Liga Profesional<\/a>, el Sabalero apost\u00f3 por la llegada del Pata Pereyra para conducir las riendas del plantel. Pero el ex DT, afectado por los malos resultados, apenas dur\u00f3 11 fechas y <strong>el clima en Santa Fe est\u00e1 cada vez m\u00e1s caliente<\/strong>.<\/p>\n<\/div>\n<div class=\"custom-text \" readability=\"38\">\n<p>Yllana, con s\u00f3lo un pu\u00f1ado de entrenamientos, prefiri\u00f3 no meter mano en la formaci\u00f3n. Y nada cambi\u00f3 en el andar de Col\u00f3n: le cost\u00f3 generar, le cost\u00f3 generar confianza y le cost\u00f3 dar vuelta el resultado a\u00fan cuando el Drag\u00f3n se qued\u00f3 con diez futbolistas poco despu\u00e9s del 1-0 de Facundo Pons y hasta cuando se qued\u00f3 con nueve y <strong>Bernardi desperdici\u00f3 un penal a los 44\u2019 del ST<\/strong>.<\/p>\n<\/div>\n<div class=\"sc-a7166897-0 eoLsBE\" readability=\"6\">\n<section readability=\"2\"><picture><img alt=\"Independiente empat\u00f3 con Riestra en un partido muy duro\" loading=\"lazy\" width=\"290\" height=\"290\" decoding=\"async\" data-nimg=\"1\" src=\"http:\/\/cordobadirecto.com\/wp-content\/uploads\/2025\/04\/colon-quinta-derrota-al-hilo-y-clima-caliente-en-santa-fe.jpg\"><\/picture>\n<p><span>Mir\u00e1 tambi\u00e9n<\/span><\/p>\n<hr>\n<h3>Independiente empat\u00f3 con Riestra en un partido muy duro<\/h3>\n<\/p>\n<\/section>\n<\/div>\n<div class=\"sc-a7166897-0 eoLsBE\" readability=\"6.5\">\n<section readability=\"3\"><picture><img alt=\"Marchesin a Borja: &quot;Golpeador de ni\u00f1os, les pegaste a tus hijos&quot;\" loading=\"lazy\" width=\"290\" height=\"290\" decoding=\"async\" data-nimg=\"1\" src=\"http:\/\/cordobadirecto.com\/wp-content\/uploads\/2025\/04\/colon-quinta-derrota-al-hilo-y-clima-caliente-en-santa-fe-1.jpg\"><\/picture>\n<p><span>Mir\u00e1 tambi\u00e9n<\/span><\/p>\n<hr>\n<h3>Marchesin a Borja: &#8220;Golpeador de ni\u00f1os, les pegaste a tus hijos&#8221;<\/h3>\n<\/p>\n<\/section>\n<\/div>\n<div class=\"sc-a7166897-0 eoLsBE\" readability=\"6.5\">\n<section readability=\"3\"><picture><img alt=\"Mastantuono y el consejo decisivo del Pity Mart\u00ednez para romperla en el cl\u00e1sico con Boca\" loading=\"lazy\" width=\"290\" height=\"290\" decoding=\"async\" data-nimg=\"1\" src=\"http:\/\/cordobadirecto.com\/wp-content\/uploads\/2025\/04\/colon-quinta-derrota-al-hilo-y-clima-caliente-en-santa-fe-2.jpg\"><\/picture>\n<p><span>Mir\u00e1 tambi\u00e9n<\/span><\/p>\n<hr>\n<h3>Mastantuono y el consejo decisivo del Pity Mart\u00ednez para romperla en el cl\u00e1sico con Boca<\/h3>\n<\/p>\n<\/section>\n<\/div>\n<\/div>\n","protected":false},"excerpt":{"rendered":"<p>27\/04\/2025 22:30hs. Actualizado al 28\/04\/2025 06:58hs. Lo de Col\u00f3n es una ca\u00edda cincontrol. Por m\u00e1s que intente, el paraca\u00eddas pareciera no abrirse y el fondo de la Zona B de la Primera Nacional est\u00e1 cada vez m\u00e1s cerca. Las fechas pasan, la reacci\u00f3n no surge y el equipo volvi\u00f3 a sufrir un nuevo golpazo: cay\u00f3 [&hellip;]<\/p>\n","protected":false},"author":1,"featured_media":165290,"comment_status":"closed","ping_status":"closed","sticky":false,"template":"","format":"standard","meta":[],"categories":[21],"tags":[],"_links":{"self":[{"href":"http:\/\/cordobadirecto.com\/index.php\/wp-json\/wp\/v2\/posts\/165289"}],"collection":[{"href":"http:\/\/cordobadirecto.com\/index.php\/wp-json\/wp\/v2\/posts"}],"about":[{"href":"http:\/\/cordobadirecto.com\/index.php\/wp-json\/wp\/v2\/types\/post"}],"author":[{"embeddable":true,"href":"http:\/\/cordobadirecto.com\/index.php\/wp-json\/wp\/v2\/users\/1"}],"replies":[{"embeddable":true,"href":"http:\/\/cordobadirecto.com\/index.php\/wp-json\/wp\/v2\/comments?post=165289"}],"version-history":[{"count":0,"href":"http:\/\/cordobadirecto.com\/index.php\/wp-json\/wp\/v2\/posts\/165289\/revisions"}],"wp:featuredmedia":[{"embeddable":true,"href":"http:\/\/cordobadirecto.com\/index.php\/wp-json\/wp\/v2\/media\/165290"}],"wp:attachment":[{"href":"http:\/\/cordobadirecto.com\/index.php\/wp-json\/wp\/v2\/media?parent=165289"}],"wp:term":[{"taxonomy":"category","embeddable":true,"href":"http:\/\/cordobadirecto.com\/index.php\/wp-json\/wp\/v2\/categories?post=165289"},{"taxonomy":"post_tag","embeddable":true,"href":"http:\/\/cordobadirecto.com\/index.php\/wp-json\/wp\/v2\/tags?post=165289"}],"curies":[{"name":"wp","href":"https:\/\/api.w.org\/{rel}","templated":true}]}}