{"id":165298,"date":"2025-04-28T19:41:02","date_gmt":"2025-04-28T19:41:02","guid":{"rendered":"http:\/\/estaciontrip.com.ar\/?p=10238"},"modified":"2025-04-28T19:41:02","modified_gmt":"2025-04-28T19:41:02","slug":"las-huellas-del-papa-francisco-en-cordoba-de-argentina","status":"publish","type":"post","link":"http:\/\/cordobadirecto.com\/index.php\/2025\/04\/28\/las-huellas-del-papa-francisco-en-cordoba-de-argentina\/","title":{"rendered":"Las huellas del papa Francisco en C\u00f3rdoba de Argentina"},"content":{"rendered":"<p><strong><em>(Por Patricia Veltri).-<\/em><\/strong>El papa argentino Francisco, fallecido en el Vaticano el lunes 21 de abril, un d\u00eda despu\u00e9s de haber dado la bendici\u00f3n de Pascuas a sus fieles congregados frente a la Bas\u00edlica de San Pedro, estuvo durante dos per\u00edodos en C\u00f3rdoba de Argentina: uno entre 1958 y 1960, y otro entre 1990 y 1992.<\/p>\n<p>La primera, fue como novicio jesuita. En esos a\u00f1os vivi\u00f3 en unos departamentos de barrio Pueyrred\u00f3n, en la calle Buchardo 1750, de la capital cordobesa, donde funcionaba el noviciado. <\/p>\n<p>En 1959 estuvo en la <strong>capilla de Impira,<\/strong> un paraje rural cerca de la ciudad de Oncativo. La capillita est\u00e1 consagrada en honor a la Virgen de la Merced, construida en 1850 dentro de la estancia de una familia de apellido Ludue\u00f1a. Aunque no est\u00e1 documentado, hay testimonios que cuentan que dio misa y que -ya siendo Papa- recordaba el lugar y el himno a la Virgen que siempre entonan los fieles.<strong> <\/strong>\u201cIncluso la tarareaba\u201d, comenta Sebasti\u00e1n Pfaffen, autor junto a Javier C\u00e1mara, del libro <em>Aquel Bergoglio, este Francisco<\/em> que repasa los a\u00f1os del Papa en C\u00f3rdoba.&nbsp;<\/p>\n<p>El otro per\u00edodo se dio entre 1990 y 1992, cuando tambi\u00e9n vivi\u00f3 como Jorge Bergoglio, su nombre secular. Esta fue una estad\u00eda de introspecci\u00f3n que \u00e9l defini\u00f3 como \u00abpurificci\u00f3n interior\u00bb. Hab\u00eda sido enviado por la jerarqu\u00eda eclesi\u00e1stica porte\u00f1a por su rol controversial durante la dictadura militar argentina. <\/p>\n<p>Vivi\u00f3 dos a\u00f1os en la Residencia Mayor de la Compa\u00f1\u00eda de Jes\u00fas. Y esto es lo que se recorre en un circuito tur\u00edstico dise\u00f1ado por Turismo de la Ciudad de C\u00f3rdoba apenas fue nombrado Papa.<\/p>\n<p>Seg\u00fan adel\u00e1nt\u00f3 la directora de Productos Tur\u00edsticos de la Ciudad, Kuki Peralta, \u00abse est\u00e1 trabajando en un c\u00f3digo QR que se colocar\u00e1 en un totem para que los turistas puedan escanear con sus tel\u00e9fonos celulares y as\u00ed acceder a toda la informaci\u00f3n pertinente\u00bb.<\/p>\n<p>El recorrido tur\u00edstico se realiza en ocasiones especiales programadas porque se visitan los lugares que forman parte de los espacios de clausura de la orden jesuita. <\/p>\n<p>En el paseo se cuenta que Francisco lleg\u00f3 a C\u00f3rdoba el 16 de julio de 1990 para la fiesta de Nuestra Se\u00f1ora del Carmen e ingres\u00f3 a la Residencia de la Compa\u00f1\u00eda de Jes\u00fas por la puerta de calle Caseros, como cualquier jesuita m\u00e1s.<\/p>\n<p>Ah\u00ed cumplir\u00eda funciones como portero., atenci\u00f3n de llamados telef\u00f3nicos, recepci\u00f3n de fieles, encargado de las compras dom\u00e9sticas, Tambi\u00e9n cocinaba y lavaba ropa.&nbsp;Asimismo, dedicaba tiempo a la lectura y escritura.<\/p>\n<p>En la visita guiada se ve una escalera que a\u00fan se usan los residentes, que fue testigo de su rutina diaria. Francisco la sub\u00eda para rezar frente al Jes\u00fas de la Paciencia y se deten\u00eda ante la imagen de San Jos\u00e9 y el Ni\u00f1o. Se relata tambi\u00e9n, que en el comedor compart\u00eda las comidas con los dem\u00e1s hermanos y que una vez pas\u00f3 la noche cocinando peceto con ensalada rusa para regalarles una fiesta de casamiento a una pareja carenciada.&nbsp;<\/p>\n<p>El patio, que permanece tal cual, tiene una parra y \u00e1rboles de palta. Bergoglio sol\u00eda caminar por la galer\u00eda rezando el Rosario.&nbsp;<\/p>\n<p>Ocup\u00f3 la habitaci\u00f3n n\u00famero 5: modesta, sin ba\u00f1o privado. y desde la que se escuchaba el ruido de colectivos cruzando la calle.&nbsp;&nbsp;<\/p>\n<p>La Capilla Dom\u00e9stica fue uno de sus lugares preferidos. Permanec\u00eda especialmente frente a una imagen de la virgen Mar\u00eda protegiendo a los novicios bajo su manto. All\u00ed tambi\u00e9n confesaba a los fieles, algunos viajaban especialmente desde Traslasierra, la regi\u00f3n del cura Jos\u00e9 Gabriel Brochero, el mimo que a\u00f1os despu\u00e9s nombrar\u00eda como santo.<\/p>\n<figure class=\"wp-block-image size-full is-resized\"><a href=\"http:\/\/cordobadirecto.com\/wp-content\/uploads\/2025\/04\/las-huellas-del-papa-francisco-en-cordoba-de-argentina.jpg\"><img loading=\"lazy\" decoding=\"async\" width=\"550\" height=\"413\" src=\"http:\/\/cordobadirecto.com\/wp-content\/uploads\/2025\/04\/las-huellas-del-papa-francisco-en-cordoba-de-argentina.jpg\" alt class=\"wp-image-10240\" srcset=\"http:\/\/cordobadirecto.com\/wp-content\/uploads\/2025\/04\/las-huellas-del-papa-francisco-en-cordoba-de-argentina.jpg 550w, http:\/\/cordobadirecto.com\/wp-content\/uploads\/2025\/04\/las-huellas-del-papa-francisco-en-cordoba-de-argentina-1.jpg 300w\" sizes=\"(max-width: 550px) 100vw, 550px\"><\/a><\/figure>\n","protected":false},"excerpt":{"rendered":"<p>(Por Patricia Veltri).-El papa argentino Francisco, fallecido en el Vaticano el lunes 21 de abril, un d\u00eda despu\u00e9s de haber dado la bendici\u00f3n de Pascuas a sus fieles congregados frente a la Bas\u00edlica de San Pedro, estuvo durante dos per\u00edodos en C\u00f3rdoba de Argentina: uno entre 1958 y 1960, y otro entre 1990 y 1992. [&hellip;]<\/p>\n","protected":false},"author":1,"featured_media":165299,"comment_status":"closed","ping_status":"closed","sticky":false,"template":"","format":"standard","meta":[],"categories":[22],"tags":[],"_links":{"self":[{"href":"http:\/\/cordobadirecto.com\/index.php\/wp-json\/wp\/v2\/posts\/165298"}],"collection":[{"href":"http:\/\/cordobadirecto.com\/index.php\/wp-json\/wp\/v2\/posts"}],"about":[{"href":"http:\/\/cordobadirecto.com\/index.php\/wp-json\/wp\/v2\/types\/post"}],"author":[{"embeddable":true,"href":"http:\/\/cordobadirecto.com\/index.php\/wp-json\/wp\/v2\/users\/1"}],"replies":[{"embeddable":true,"href":"http:\/\/cordobadirecto.com\/index.php\/wp-json\/wp\/v2\/comments?post=165298"}],"version-history":[{"count":0,"href":"http:\/\/cordobadirecto.com\/index.php\/wp-json\/wp\/v2\/posts\/165298\/revisions"}],"wp:featuredmedia":[{"embeddable":true,"href":"http:\/\/cordobadirecto.com\/index.php\/wp-json\/wp\/v2\/media\/165299"}],"wp:attachment":[{"href":"http:\/\/cordobadirecto.com\/index.php\/wp-json\/wp\/v2\/media?parent=165298"}],"wp:term":[{"taxonomy":"category","embeddable":true,"href":"http:\/\/cordobadirecto.com\/index.php\/wp-json\/wp\/v2\/categories?post=165298"},{"taxonomy":"post_tag","embeddable":true,"href":"http:\/\/cordobadirecto.com\/index.php\/wp-json\/wp\/v2\/tags?post=165298"}],"curies":[{"name":"wp","href":"https:\/\/api.w.org\/{rel}","templated":true}]}}