{"id":165300,"date":"2025-04-29T03:12:06","date_gmt":"2025-04-29T03:12:06","guid":{"rendered":"http:\/\/cordobadirecto.com\/index.php\/2025\/04\/29\/cual-es-el-precio-del-alquiler-de-una-casa-en-cordoba-capital-segun-el-barrio-la-nacion\/"},"modified":"2025-04-29T03:12:06","modified_gmt":"2025-04-29T03:12:06","slug":"cual-es-el-precio-del-alquiler-de-una-casa-en-cordoba-capital-segun-el-barrio-la-nacion","status":"publish","type":"post","link":"http:\/\/cordobadirecto.com\/index.php\/2025\/04\/29\/cual-es-el-precio-del-alquiler-de-una-casa-en-cordoba-capital-segun-el-barrio-la-nacion\/","title":{"rendered":"Cu\u00e1l es el precio del alquiler de una casa en <b>C\u00f3rdoba<\/b> capital, seg\u00fan el barrio &#8211; La Naci\u00f3n"},"content":{"rendered":"<p>En el segmento m\u00e1s econ\u00f3mico, la opci\u00f3n m\u00e1s barata es una casa &#8230; En <b>Nueva C\u00f3rdoba<\/b>, un barrio muy cercano al centro y con fuerte vida&nbsp;&#8230; <\/p>\n","protected":false},"excerpt":{"rendered":"<p>En el segmento m\u00e1s econ\u00f3mico, la opci\u00f3n m\u00e1s barata es una casa &#8230; En Nueva C\u00f3rdoba, un barrio muy cercano al centro y con fuerte vida&nbsp;&#8230;<\/p>\n","protected":false},"author":1,"featured_media":0,"comment_status":"closed","ping_status":"closed","sticky":false,"template":"","format":"standard","meta":[],"categories":[40],"tags":[],"_links":{"self":[{"href":"http:\/\/cordobadirecto.com\/index.php\/wp-json\/wp\/v2\/posts\/165300"}],"collection":[{"href":"http:\/\/cordobadirecto.com\/index.php\/wp-json\/wp\/v2\/posts"}],"about":[{"href":"http:\/\/cordobadirecto.com\/index.php\/wp-json\/wp\/v2\/types\/post"}],"author":[{"embeddable":true,"href":"http:\/\/cordobadirecto.com\/index.php\/wp-json\/wp\/v2\/users\/1"}],"replies":[{"embeddable":true,"href":"http:\/\/cordobadirecto.com\/index.php\/wp-json\/wp\/v2\/comments?post=165300"}],"version-history":[{"count":0,"href":"http:\/\/cordobadirecto.com\/index.php\/wp-json\/wp\/v2\/posts\/165300\/revisions"}],"wp:attachment":[{"href":"http:\/\/cordobadirecto.com\/index.php\/wp-json\/wp\/v2\/media?parent=165300"}],"wp:term":[{"taxonomy":"category","embeddable":true,"href":"http:\/\/cordobadirecto.com\/index.php\/wp-json\/wp\/v2\/categories?post=165300"},{"taxonomy":"post_tag","embeddable":true,"href":"http:\/\/cordobadirecto.com\/index.php\/wp-json\/wp\/v2\/tags?post=165300"}],"curies":[{"name":"wp","href":"https:\/\/api.w.org\/{rel}","templated":true}]}}