{"id":165305,"date":"2025-04-29T09:31:45","date_gmt":"2025-04-29T09:31:45","guid":{"rendered":"https:\/\/puntoapunto.com.ar\/?p=372495"},"modified":"2025-04-29T09:31:45","modified_gmt":"2025-04-29T09:31:45","slug":"arcor-activo-opcion-de-comprar-para-quedarse-con-el-100-de-la-serenisima-mastellone-resiste","status":"publish","type":"post","link":"http:\/\/cordobadirecto.com\/index.php\/2025\/04\/29\/arcor-activo-opcion-de-comprar-para-quedarse-con-el-100-de-la-serenisima-mastellone-resiste\/","title":{"rendered":"Arcor activ\u00f3 opci\u00f3n de comprar para quedarse con el 100% de La Seren\u00edsima (Mastellone resiste)"},"content":{"rendered":"<p>&nbsp;<!-- \u00a1O bien no hay banners, estan desactivados o no estan programados para esta ubicaci\u00f3n! -->\n<\/p>\n<p>&nbsp;\n<\/p>\n<p>En una jugada que promete revolucionar el mercada alimenticio,&nbsp;<strong>Arcor<\/strong>, el principal productor de caramelos duros a nivel mundial, realiz\u00f3 una opci\u00f3n para quedarse con el 51% del capital de Mastellone Hermanos, la mayor l\u00e1ctea del pa\u00eds, due\u00f1a de <strong>La Seren\u00edsima<\/strong>&nbsp;para leches, cremas y quesos. Pero a \u00faltimo hora de ayer lunes, los fundadores impugnaron por no estar de acuerdo por el valor de cada acci\u00f3n.\n<\/p>\n<p>As\u00ed lo inform\u00f3 la compa\u00f1\u00eda fundada en Arroyito, en un comunicado enviado a la&nbsp;<strong>Comisi\u00f3n Nacional de Valores (CNV).<\/strong>\n<\/p>\n<p><img decoding=\"async\" class=\"aligncenter wp-image-372500 size-full\" src=\"http:\/\/cordobadirecto.com\/wp-content\/uploads\/2025\/04\/arcor-activo-opcion-de-comprar-para-quedarse-con-el-100-de-la-serenisima-mastellone-resiste.jpg\" alt width=\"969\" height=\"1318\" srcset=\"http:\/\/cordobadirecto.com\/wp-content\/uploads\/2025\/04\/arcor-activo-opcion-de-comprar-para-quedarse-con-el-100-de-la-serenisima-mastellone-resiste.jpg 969w, http:\/\/cordobadirecto.com\/wp-content\/uploads\/2025\/04\/arcor-activo-opcion-de-comprar-para-quedarse-con-el-100-de-la-serenisima-mastellone-resiste-3.jpg 221w, http:\/\/cordobadirecto.com\/wp-content\/uploads\/2025\/04\/arcor-activo-opcion-de-comprar-para-quedarse-con-el-100-de-la-serenisima-mastellone-resiste-4.jpg 753w, http:\/\/cordobadirecto.com\/wp-content\/uploads\/2025\/04\/arcor-activo-opcion-de-comprar-para-quedarse-con-el-100-de-la-serenisima-mastellone-resiste-5.jpg 768w, http:\/\/cordobadirecto.com\/wp-content\/uploads\/2025\/04\/arcor-activo-opcion-de-comprar-para-quedarse-con-el-100-de-la-serenisima-mastellone-resiste-6.jpg 750w\" sizes=\"(max-width: 969px) 100vw, 969px\" loading=\"lazy\"><!-- \u00a1O bien no hay banners, estan desactivados o no estan programados para esta ubicaci\u00f3n! -->\n<\/p>\n<p>Los compradores son&nbsp;<strong>Bagley Latinoam\u00e9rica y Bagley Argentina<\/strong>, dos joint ventures productores de galletitas que el Gigante de Arroyito tiene en sociedad, desde hace dos d\u00e9cadas, con la francesa&nbsp;<strong>Danone.&nbsp;<\/strong><\/p>\n<p>En los \u201990, los galos le compraron a Mastellone el negocio -y la marca La Seren\u00edsima- para postres y yogures.\n<\/p>\n<p>Mastellone estaba, desde inicios de este siglo, controlada por el fondo Dallpoint, que tom\u00f3 la mayor\u00eda de la empresa luego de la reestructuraci\u00f3n de su deuda financiera.\n<\/p>\n<p>Tras el deceso del forjador de la l\u00e1ctea, Pascual Mastellone -falleci\u00f3 en agosto de 2014-, en 2015, sus herederos firmaron con Arcor un acuerdo por el cual, gradualmente, la alimenticia de la familia Pagani adquiri\u00f3 porcentajes accionarios.\n<\/p>\n<p>En una comunicaci\u00f3n a la CNV desde Mastellone se opusieron a la operaci\u00f3n manifestando que \u00abimpugnar\u00e1n el precio por acci\u00f3n por considerar que no concuerda con las pautas establecidas en el contrato\u00bb.\n<\/p>\n<p><img loading=\"lazy\" decoding=\"async\" class=\"aligncenter wp-image-372501 size-full\" src=\"http:\/\/cordobadirecto.com\/wp-content\/uploads\/2025\/04\/arcor-activo-opcion-de-comprar-para-quedarse-con-el-100-de-la-serenisima-mastellone-resiste-1.jpg\" alt width=\"1260\" height=\"1724\" srcset=\"http:\/\/cordobadirecto.com\/wp-content\/uploads\/2025\/04\/arcor-activo-opcion-de-comprar-para-quedarse-con-el-100-de-la-serenisima-mastellone-resiste-1.jpg 1260w, http:\/\/cordobadirecto.com\/wp-content\/uploads\/2025\/04\/arcor-activo-opcion-de-comprar-para-quedarse-con-el-100-de-la-serenisima-mastellone-resiste-7.jpg 219w, http:\/\/cordobadirecto.com\/wp-content\/uploads\/2025\/04\/arcor-activo-opcion-de-comprar-para-quedarse-con-el-100-de-la-serenisima-mastellone-resiste-8.jpg 748w, http:\/\/cordobadirecto.com\/wp-content\/uploads\/2025\/04\/arcor-activo-opcion-de-comprar-para-quedarse-con-el-100-de-la-serenisima-mastellone-resiste-9.jpg 768w, http:\/\/cordobadirecto.com\/wp-content\/uploads\/2025\/04\/arcor-activo-opcion-de-comprar-para-quedarse-con-el-100-de-la-serenisima-mastellone-resiste-10.jpg 1123w, http:\/\/cordobadirecto.com\/wp-content\/uploads\/2025\/04\/arcor-activo-opcion-de-comprar-para-quedarse-con-el-100-de-la-serenisima-mastellone-resiste-11.jpg 750w, http:\/\/cordobadirecto.com\/wp-content\/uploads\/2025\/04\/arcor-activo-opcion-de-comprar-para-quedarse-con-el-100-de-la-serenisima-mastellone-resiste-12.jpg 1140w\" sizes=\"auto, (max-width: 1260px) 100vw, 1260px\">\n<\/p>\n<div class=\"g g-38\">\n<div class=\"g-dyn a-12 c-1\"><a class=\"gofollow\" data-track=\"MTIsMzgsMSw2MA==\" href=\"https:\/\/www.farmaciashpfarma.com.ar\/blog\/institucional\/beneficios-corporativos-en-campana-antigripal.html\" target=\"_blank\" rel=\"noopener\"><img src=\"http:\/\/cordobadirecto.com\/wp-content\/uploads\/2025\/04\/arcor-activo-opcion-de-comprar-para-quedarse-con-el-100-de-la-serenisima-mastellone-resiste-2.jpg\" loading=\"lazy\"><\/a><\/div>\n<\/div>\n","protected":false},"excerpt":{"rendered":"<p>&nbsp; &nbsp; En una jugada que promete revolucionar el mercada alimenticio,&nbsp;Arcor, el principal productor de caramelos duros a nivel mundial, realiz\u00f3 una opci\u00f3n para quedarse con el 51% del capital de Mastellone Hermanos, la mayor l\u00e1ctea del pa\u00eds, due\u00f1a de La Seren\u00edsima&nbsp;para leches, cremas y quesos. Pero a \u00faltimo hora de ayer lunes, los fundadores [&hellip;]<\/p>\n","protected":false},"author":1,"featured_media":165306,"comment_status":"closed","ping_status":"closed","sticky":false,"template":"","format":"standard","meta":[],"categories":[25],"tags":[],"_links":{"self":[{"href":"http:\/\/cordobadirecto.com\/index.php\/wp-json\/wp\/v2\/posts\/165305"}],"collection":[{"href":"http:\/\/cordobadirecto.com\/index.php\/wp-json\/wp\/v2\/posts"}],"about":[{"href":"http:\/\/cordobadirecto.com\/index.php\/wp-json\/wp\/v2\/types\/post"}],"author":[{"embeddable":true,"href":"http:\/\/cordobadirecto.com\/index.php\/wp-json\/wp\/v2\/users\/1"}],"replies":[{"embeddable":true,"href":"http:\/\/cordobadirecto.com\/index.php\/wp-json\/wp\/v2\/comments?post=165305"}],"version-history":[{"count":0,"href":"http:\/\/cordobadirecto.com\/index.php\/wp-json\/wp\/v2\/posts\/165305\/revisions"}],"wp:featuredmedia":[{"embeddable":true,"href":"http:\/\/cordobadirecto.com\/index.php\/wp-json\/wp\/v2\/media\/165306"}],"wp:attachment":[{"href":"http:\/\/cordobadirecto.com\/index.php\/wp-json\/wp\/v2\/media?parent=165305"}],"wp:term":[{"taxonomy":"category","embeddable":true,"href":"http:\/\/cordobadirecto.com\/index.php\/wp-json\/wp\/v2\/categories?post=165305"},{"taxonomy":"post_tag","embeddable":true,"href":"http:\/\/cordobadirecto.com\/index.php\/wp-json\/wp\/v2\/tags?post=165305"}],"curies":[{"name":"wp","href":"https:\/\/api.w.org\/{rel}","templated":true}]}}