{"id":165345,"date":"2025-04-28T20:24:39","date_gmt":"2025-04-28T20:24:39","guid":{"rendered":"https:\/\/www.ole.com.ar\/autos\/ferrari-cambio-color-gp-miami-formula-1-blanco-hamilton-leclerc_0_Y1OwUD5TGm.html"},"modified":"2025-04-28T20:24:39","modified_gmt":"2025-04-28T20:24:39","slug":"ferrari-cambiara-de-color-para-el-gp-de-miami","status":"publish","type":"post","link":"http:\/\/cordobadirecto.com\/index.php\/2025\/04\/28\/ferrari-cambiara-de-color-para-el-gp-de-miami\/","title":{"rendered":"Ferrari cambiar\u00e1 de color para el GP de Miami"},"content":{"rendered":"<p><time class=\"createDate\" datetime=\"2025-04-28T17:24:39-03:00\">28\/04\/2025 17:24hs.<\/time><\/p>\n<div id=\"storyBody\">\n<div class=\"custom-text \" readability=\"35.87537993921\">\n<p>Arranc\u00f3 la semana del <strong>Gran Premio de Miami<\/strong> en la <strong><a href=\"https:\/\/www.ole.com.ar\/tema\/formula-1.html\" title=\"F\u00f3rmula 1\" alt=\"F\u00f3rmula 1\" class=\"slug\">F\u00f3rmula 1<\/a><\/strong>. Desde el viernes, los pilotos sacar\u00e1n sus coches al circuito de Florida y los equipos ya comenzaron a palpitar la carrera. En ese sentido, <strong>Ferrari<\/strong> present\u00f3 la indumentaria que usar\u00e1 en la cita estadounidense y <strong>sorprendi\u00f3 al cambiar el cl\u00e1sico rojo por el blanco<\/strong>.<\/p>\n<\/div>\n<div class=\"custom-text \" readability=\"33.604430379747\">\n<p>La Scuderia no tuvo el arranque deseado en esta temporada de la M\u00e1xima. Con un <strong><a href=\"https:\/\/www.ole.com.ar\/tema\/lewis-hamilton.html\" title=\"Lewis Hamilton\" alt=\"Lewis Hamilton\" class=\"slug\">Lewis Hamilton<\/a><\/strong> que no est\u00e1 dando los frutos esperados y a\u00fan est\u00e1 en proceso de adaptaci\u00f3n al coche, y un <strong><a href=\"https:\/\/www.ole.com.ar\/tema\/charles-leclerc.html\" title=\"Charles Leclerc\" alt=\"Charles Leclerc\" class=\"slug\">Charles Leclerc<\/a><\/strong> que no logra ser constante en el podio de las carreras, el equipo marcha 4\u00b0 en el campeonato de constructores.<\/p>\n<\/div>\n<div class=\"sc-e7b891c4-0 ifHnQL image-embed\"><img alt=\"Los pilotos de Ferrari, con el blanco que usar\u00e1n en Miami. (@ScuderiaFerrari)\" loading=\"lazy\" width=\"720\" height=\"100\" decoding=\"async\" data-nimg=\"1\" src=\"http:\/\/cordobadirecto.com\/wp-content\/uploads\/2025\/04\/ferrari-cambiara-de-color-para-el-gp-de-miami.jpg\"><span class=\"epigraphe\">Los pilotos de Ferrari, con el blanco que usar\u00e1n en Miami. (@ScuderiaFerrari)<\/span><\/div>\n<div class=\"custom-text \" readability=\"38\">\n<p>Igual, le vaya mejor o peor, Ferrari sigue siendo un cl\u00e1sico de la competencia. <strong>As\u00ed de cl\u00e1sico como el rojo que lo caracteriza, pero que ser\u00e1 puesto a un lado en Miami<\/strong>. En la presentaci\u00f3n de vestimenta para el pr\u00f3ximo GP, Hamilton y Leclerc lucieron el blanco que aparece para reemplazarlo.<\/p>\n<\/div>\n<div class=\"custom-text \" readability=\"38\">\n<p>Bah, <strong>no es que el rojo haya sido removido del todo sino que se invirti\u00f3<\/strong>: en lugar de ser el color central, se presentar\u00e1 en los detalles del cuello y las mangas. Por su parte, los patrocinadores mantienen su lugar en la remera y la gorra se suma al blanco brillante con el caracter\u00edstico escudo de Ferrari en el centro.<\/p>\n<\/div>\n<p><h2>La presentaci\u00f3n de la vestimenta blanca en redes sociales<\/h2>\n<\/p>\n<div class=\"custom-text \" readability=\"36.868085106383\">\n<p>El cambio de color, <strong>\u00bfuna nueva costumbre para <a href=\"https:\/\/www.ole.com.ar\/tema\/ferrari.html\" title=\"Ferrari\" alt=\"Ferrari\" class=\"slug\">Ferrari<\/a> en Miami?<\/strong> Y es que el a\u00f1o pasado, tambi\u00e9n en la carrera de Florida, <strong>la escuder\u00eda tampoco us\u00f3 el rojo<\/strong>. En su lugar, <strong>tanto sus pilotos como los autos estuvieron pintados de azul<\/strong>. <\/p>\n<\/div>\n<div class=\"sc-e7b891c4-0 ifHnQL image-embed\"><img alt=\"La \u00faltima vez en Miami, Leclerc termin\u00f3 en el podio vestido de azul. (AFP)\" loading=\"lazy\" width=\"720\" height=\"100\" decoding=\"async\" data-nimg=\"1\" src=\"http:\/\/cordobadirecto.com\/wp-content\/uploads\/2025\/04\/ferrari-cambiara-de-color-para-el-gp-de-miami-1.jpg\"><span class=\"epigraphe\">La \u00faltima vez en Miami, Leclerc termin\u00f3 en el podio vestido de azul. (AFP)<\/span><\/div>\n<p><h2>Horarios del Gran Premio de Miami 2025, donde Ferrari ir\u00e1 de blanco<\/h2>\n<\/p>\n<p><h3>Viernes 2 de mayo<\/h3>\n<\/p>\n<div class=\"custom-text \">\n<ul>\n<li>13.30 a 14.30 horas | <strong>Pr\u00e1cticas libres<\/strong><\/li>\n<li>17.30 a 18.30 horas | <strong>Clasificaci\u00f3n sprint<\/strong><\/li>\n<\/ul>\n<\/div>\n<p><h3>S\u00e1bado 3 de mayo<\/h3>\n<\/p>\n<div class=\"custom-text \">\n<ul>\n<li>13 a 14 horas | <strong>Sprint<\/strong><\/li>\n<li>17 a 18 horas | <strong>Clasificaci\u00f3n carrera<\/strong><\/li>\n<\/ul>\n<\/div>\n<p><h3>Domingo 4 de mayo<\/h3>\n<\/p>\n<div class=\"custom-text \">\n<ul>\n<li>17 horas | <strong>Carrera<\/strong><\/li>\n<\/ul>\n<\/div>\n<div class=\"sc-e7b891c4-0 ifHnQL image-embed\"><img alt=\"Hamilton quiere pelear m\u00e1s alto vestido de blanco. (@ScuderiaFerrari)\" loading=\"lazy\" width=\"720\" height=\"100\" decoding=\"async\" data-nimg=\"1\" src=\"http:\/\/cordobadirecto.com\/wp-content\/uploads\/2025\/04\/ferrari-cambiara-de-color-para-el-gp-de-miami-2.jpg\"><span class=\"epigraphe\">Hamilton quiere pelear m\u00e1s alto vestido de blanco. (@ScuderiaFerrari)<\/span><\/div>\n<div class=\"sc-a7166897-0 eoLsBE\" readability=\"7\">\n<section readability=\"4\"><picture><img alt=\"C\u00f3mo seguir y a qu\u00e9 hora a Franco Colapinto, Nicki Nicole y m\u00e1s en la charla Endeavor de emprendedores\" loading=\"lazy\" width=\"290\" height=\"290\" decoding=\"async\" data-nimg=\"1\" src=\"http:\/\/cordobadirecto.com\/wp-content\/uploads\/2025\/04\/ferrari-cambiara-de-color-para-el-gp-de-miami-3.jpg\"><\/picture>\n<p><span>Mir\u00e1 tambi\u00e9n<\/span><\/p>\n<hr>\n<h3>C\u00f3mo seguir y a qu\u00e9 hora a Franco Colapinto, Nicki Nicole y m\u00e1s en la charla Endeavor de emprendedores<\/h3>\n<\/p>\n<\/section>\n<\/div>\n<div class=\"sc-a7166897-0 eoLsBE\" readability=\"7\">\n<section readability=\"4\"><picture><img alt=\"Agust\u00edn Canapino con Ol\u00e9: la divisi\u00f3n del TC2000, la importancia del ruido y la locura de los yanquis por el TC\" loading=\"lazy\" width=\"290\" height=\"290\" decoding=\"async\" data-nimg=\"1\" src=\"http:\/\/cordobadirecto.com\/wp-content\/uploads\/2025\/04\/ferrari-cambiara-de-color-para-el-gp-de-miami-4.jpg\"><\/picture>\n<p><span>Mir\u00e1 tambi\u00e9n<\/span><\/p>\n<hr>\n<h3>Agust\u00edn Canapino con Ol\u00e9: la divisi\u00f3n del TC2000, la importancia del ruido y la locura de los yanquis por el TC<\/h3>\n<\/p>\n<\/section>\n<\/div>\n<div class=\"sc-a7166897-0 eoLsBE\" readability=\"7\">\n<section readability=\"4\"><picture><img alt=\"Cadillac se presentar\u00e1 a la F\u00f3rmula 1 en el GP de Miami, \u00bftambi\u00e9n estar\u00e1 Checo P\u00e9rez?\" loading=\"lazy\" width=\"290\" height=\"290\" decoding=\"async\" data-nimg=\"1\" src=\"http:\/\/cordobadirecto.com\/wp-content\/uploads\/2025\/04\/ferrari-cambiara-de-color-para-el-gp-de-miami-5.jpg\"><\/picture>\n<p><span>Mir\u00e1 tambi\u00e9n<\/span><\/p>\n<hr>\n<h3>Cadillac se presentar\u00e1 a la F\u00f3rmula 1 en el GP de Miami, \u00bftambi\u00e9n estar\u00e1 Checo P\u00e9rez?<\/h3>\n<\/p>\n<\/section>\n<\/div>\n<\/div>\n","protected":false},"excerpt":{"rendered":"<p>28\/04\/2025 17:24hs. Arranc\u00f3 la semana del Gran Premio de Miami en la F\u00f3rmula 1. Desde el viernes, los pilotos sacar\u00e1n sus coches al circuito de Florida y los equipos ya comenzaron a palpitar la carrera. En ese sentido, Ferrari present\u00f3 la indumentaria que usar\u00e1 en la cita estadounidense y sorprendi\u00f3 al cambiar el cl\u00e1sico rojo [&hellip;]<\/p>\n","protected":false},"author":1,"featured_media":165346,"comment_status":"closed","ping_status":"closed","sticky":false,"template":"","format":"standard","meta":[],"categories":[21],"tags":[],"_links":{"self":[{"href":"http:\/\/cordobadirecto.com\/index.php\/wp-json\/wp\/v2\/posts\/165345"}],"collection":[{"href":"http:\/\/cordobadirecto.com\/index.php\/wp-json\/wp\/v2\/posts"}],"about":[{"href":"http:\/\/cordobadirecto.com\/index.php\/wp-json\/wp\/v2\/types\/post"}],"author":[{"embeddable":true,"href":"http:\/\/cordobadirecto.com\/index.php\/wp-json\/wp\/v2\/users\/1"}],"replies":[{"embeddable":true,"href":"http:\/\/cordobadirecto.com\/index.php\/wp-json\/wp\/v2\/comments?post=165345"}],"version-history":[{"count":0,"href":"http:\/\/cordobadirecto.com\/index.php\/wp-json\/wp\/v2\/posts\/165345\/revisions"}],"wp:featuredmedia":[{"embeddable":true,"href":"http:\/\/cordobadirecto.com\/index.php\/wp-json\/wp\/v2\/media\/165346"}],"wp:attachment":[{"href":"http:\/\/cordobadirecto.com\/index.php\/wp-json\/wp\/v2\/media?parent=165345"}],"wp:term":[{"taxonomy":"category","embeddable":true,"href":"http:\/\/cordobadirecto.com\/index.php\/wp-json\/wp\/v2\/categories?post=165345"},{"taxonomy":"post_tag","embeddable":true,"href":"http:\/\/cordobadirecto.com\/index.php\/wp-json\/wp\/v2\/tags?post=165345"}],"curies":[{"name":"wp","href":"https:\/\/api.w.org\/{rel}","templated":true}]}}