{"id":165354,"date":"2025-04-28T18:05:03","date_gmt":"2025-04-28T18:05:03","guid":{"rendered":"https:\/\/cordoba.gob.ar\/?p=77327"},"modified":"2025-04-28T18:05:03","modified_gmt":"2025-04-28T18:05:03","slug":"mas-de-300-perros-con-sus-tutores-participaron-de-la-primera-correcaminata-canina-en-el-parque-sarmiento","status":"publish","type":"post","link":"http:\/\/cordobadirecto.com\/index.php\/2025\/04\/28\/mas-de-300-perros-con-sus-tutores-participaron-de-la-primera-correcaminata-canina-en-el-parque-sarmiento\/","title":{"rendered":"M\u00e1s de 300 perros con sus tutores participaron de la primera correcaminata canina en el Parque Sarmiento"},"content":{"rendered":"<div><img src=\"http:\/\/cordobadirecto.com\/wp-content\/uploads\/2025\/04\/mas-de-300-perros-con-sus-tutores-participaron-de-la-primera-correcaminata-canina-en-el-parque-sarmiento.jpg\" class=\"ff-og-image-inserted\"><\/div>\n<ul>\n<li data-prosemirror-content-type=\"node\" data-prosemirror-node-name=\"paragraph\" data-prosemirror-node-block=\"true\"><strong>Busc\u00f3 adem\u00e1s promover la tenencia responsable e impulsar la actividad f\u00edsica de perros con sus tutores.<\/strong><\/li>\n<\/ul>\n<hr>\n<p data-prosemirror-content-type=\"node\" data-prosemirror-node-name=\"paragraph\" data-prosemirror-node-block=\"true\">Resaltando el especial v\u00ednculo entre los animales de compa\u00f1\u00eda y sus tutores, el s\u00e1bado pasado la Municipalidad de C\u00f3rdoba realiz\u00f3 la primera correcaminata canina, donde participaron 305 perros de distintas edades, razas y tama\u00f1os.<\/p>\n<p data-prosemirror-content-type=\"node\" data-prosemirror-node-name=\"paragraph\" data-prosemirror-node-block=\"true\">En el Parque Sarmiento, el mayor pulm\u00f3n verde del centro de la ciudad, ni\u00f1os, j\u00f3venes y adultos aprovecharon para correr o caminar con sus animales de compa\u00f1\u00eda en un entorno seguro y divertido.<\/p>\n<p data-prosemirror-content-type=\"node\" data-prosemirror-node-name=\"paragraph\" data-prosemirror-node-block=\"true\">El evento estuvo a cargo del ente municipal BioC\u00f3rdoba y la organizaci\u00f3n Canrun, en el marco del D\u00eda del Animal y que acompa\u00f1\u00f3 a otras m\u00faltiples acciones desarrolladas en el mes de abril.<\/p>\n<p data-prosemirror-content-type=\"node\" data-prosemirror-node-name=\"paragraph\" data-prosemirror-node-block=\"true\">Esta primera correcaminta busc\u00f3 adem\u00e1s promover la tenencia responsable, impulsar la actividad f\u00edsica de perros con sus tutores, junto con el cuidado de los espacios p\u00fablicos y el entorno natural.<\/p>\n<p data-prosemirror-content-type=\"node\" data-prosemirror-node-name=\"paragraph\" data-prosemirror-node-block=\"true\">Durante la jornada se implement\u00f3 una feria de la Econom\u00eda Circular, kerm\u00e9s ambiental, ecocanje, vacunaci\u00f3n antirr\u00e1bica gratuita y charlas sobre bienestar animal.<\/p>\n<p data-prosemirror-content-type=\"node\" data-prosemirror-node-name=\"paragraph\" data-prosemirror-node-block=\"true\">La largada fue desde la Isla Encantada, un sector ic\u00f3nico del parque, desde donde los corredores y caminantes disfrutaron de senderos rodeados de naturaleza, atravesando \u00e1reas arboladas y espacios abiertos ideales para compartir esta aventura.<\/p>\n<p data-prosemirror-content-type=\"node\" data-prosemirror-node-name=\"paragraph\" data-prosemirror-node-block=\"true\">La actividad tuvo cinco categor\u00edas: carrera y caminata de tres kil\u00f3metros, adem\u00e1s de otras modalidades de caminata de un kil\u00f3metro, tambi\u00e9n adaptada para personas con discapacidad, perros con carritos o un circuito espec\u00edfico para ni\u00f1os.<\/p>\n<p data-prosemirror-content-type=\"node\" data-prosemirror-node-name=\"paragraph\" data-prosemirror-node-block=\"true\">Al finalizar la correcaminata, todos recibieron una medalla por su participaci\u00f3n y vivieron un inolvidable momento junto a su animal de compa\u00f1\u00eda.<\/p>\n","protected":false},"excerpt":{"rendered":"<p>Busc\u00f3 adem\u00e1s promover la tenencia responsable e impulsar la actividad f\u00edsica de perros con sus tutores. Resaltando el especial v\u00ednculo entre los animales de compa\u00f1\u00eda y sus tutores, el s\u00e1bado pasado la Municipalidad de C\u00f3rdoba realiz\u00f3 la primera correcaminata canina, donde participaron 305 perros de distintas edades, razas y tama\u00f1os. En el Parque Sarmiento, el [&hellip;]<\/p>\n","protected":false},"author":1,"featured_media":165355,"comment_status":"closed","ping_status":"closed","sticky":false,"template":"","format":"standard","meta":[],"categories":[44],"tags":[],"_links":{"self":[{"href":"http:\/\/cordobadirecto.com\/index.php\/wp-json\/wp\/v2\/posts\/165354"}],"collection":[{"href":"http:\/\/cordobadirecto.com\/index.php\/wp-json\/wp\/v2\/posts"}],"about":[{"href":"http:\/\/cordobadirecto.com\/index.php\/wp-json\/wp\/v2\/types\/post"}],"author":[{"embeddable":true,"href":"http:\/\/cordobadirecto.com\/index.php\/wp-json\/wp\/v2\/users\/1"}],"replies":[{"embeddable":true,"href":"http:\/\/cordobadirecto.com\/index.php\/wp-json\/wp\/v2\/comments?post=165354"}],"version-history":[{"count":0,"href":"http:\/\/cordobadirecto.com\/index.php\/wp-json\/wp\/v2\/posts\/165354\/revisions"}],"wp:featuredmedia":[{"embeddable":true,"href":"http:\/\/cordobadirecto.com\/index.php\/wp-json\/wp\/v2\/media\/165355"}],"wp:attachment":[{"href":"http:\/\/cordobadirecto.com\/index.php\/wp-json\/wp\/v2\/media?parent=165354"}],"wp:term":[{"taxonomy":"category","embeddable":true,"href":"http:\/\/cordobadirecto.com\/index.php\/wp-json\/wp\/v2\/categories?post=165354"},{"taxonomy":"post_tag","embeddable":true,"href":"http:\/\/cordobadirecto.com\/index.php\/wp-json\/wp\/v2\/tags?post=165354"}],"curies":[{"name":"wp","href":"https:\/\/api.w.org\/{rel}","templated":true}]}}