{"id":165356,"date":"2025-04-28T17:23:30","date_gmt":"2025-04-28T17:23:30","guid":{"rendered":"https:\/\/cordoba.gob.ar\/?p=77315"},"modified":"2025-04-28T17:23:30","modified_gmt":"2025-04-28T17:23:30","slug":"comenzo-la-campana-hay-otro-modo-crecer-sin-violencia-es-posible-para-promover-el-buen-trato-hacia-las-infancias","status":"publish","type":"post","link":"http:\/\/cordobadirecto.com\/index.php\/2025\/04\/28\/comenzo-la-campana-hay-otro-modo-crecer-sin-violencia-es-posible-para-promover-el-buen-trato-hacia-las-infancias\/","title":{"rendered":"Comenz\u00f3 la campa\u00f1a \u201cHay otro modo, crecer sin violencia es posible\u201d para promover el buen trato hacia las infancias"},"content":{"rendered":"<div><img src=\"http:\/\/cordobadirecto.com\/wp-content\/uploads\/2025\/04\/comenzo-la-campana-hay-otro-modo-crecer-sin-violencia-es-posible-para-promover-el-buen-trato-hacia-las-infancias.jpg\" class=\"ff-og-image-inserted\"><\/div>\n<ul>\n<li><strong>La campa\u00f1a invita a adultos a repensar las pr\u00e1cticas heredadas de crianza que muchas veces reproducen violencias arraigadas.<\/strong><\/li>\n<li><strong>Se realiza en los Consejos Comunitarios de Ni\u00f1ez y Adolescencia de los CPC.<\/strong><\/li>\n<\/ul>\n<hr>\n<p>En el marco del D\u00eda Internacional de la Lucha Contra el Maltrato Infantil, la Municipalidad de C\u00f3rdoba, a trav\u00e9s de la Secretar\u00eda de Pol\u00edticas Sociales y Desarrollo Humano, reafirma su compromiso con la protecci\u00f3n de las infancias y el desarrollo de pol\u00edticas p\u00fablicas que garanticen entornos libres de violencia.<\/p>\n<p>Desde el municipio se trabaja de manera sostenida en la promoci\u00f3n de entornos libres de violencia y la protecci\u00f3n de los derechos de la ni\u00f1ez.<\/p>\n<p>A partir de 2023, se implement\u00f3 el Taller \u201cBuen Trato\u201d con el fin de acompa\u00f1ar a madres, padres y referentes afectivos en su labor educativa y de cuidado, brind\u00e1ndoles herramientas para una crianza respetuosa, libre de violencia y estereotipos de g\u00e9nero.<\/p>\n<p>Durante el a\u00f1o pasado, se realizaron 20 talleres en espacios sociocomunitarios, con la participaci\u00f3n de 300 referentes. Recibieron material gr\u00e1fico y certificaci\u00f3n por su participaci\u00f3n.<\/p>\n<p>En el marco de la Alianza con UNICEF, la campa\u00f1a \u201cHay otro modo. Crecer sin violencia es posible\u201d, llevada adelante durante 2024, sensibiliz\u00f3 a la poblaci\u00f3n de diferentes barrios de la ciudad sobre la importancia de criar sin violencia.<\/p>\n<p>\u201cHay otro modo\u201d busca que los vecinos y vecinas puedan reflexionar sobre los diferentes estilos de crianza, y sobre los distintos tipos de violencia, que muchas veces han naturalizado; invitando a descubrir otros modos de educar y relacionarse con ni\u00f1as, ni\u00f1os y adolescentes.<\/p>\n<p>Seg\u00fan datos de UNICEF, en Argentina solo 3 de cada 10 hogares cr\u00edan a sus hijos sin ning\u00fan tipo de violencia. El 63% de los hogares utiliza agresi\u00f3n verbal, el 40% recurre a castigos f\u00edsicos y un 10% aplica castigos severos.<\/p>\n<p>Estos datos resaltan la necesidad de promover acciones para erradicar las diversas formas de violencia y garantizar el derecho a la protecci\u00f3n de las infancias.<\/p>\n<p><strong>La campa\u00f1a \u00abHay otro modo. Crecer sin violencia es posible\u00bb se expande<\/strong><\/p>\n<p>Este a\u00f1o continuar\u00e1 la campa\u00f1a en los Consejos Comunitarios de Ni\u00f1ez y Adolescencia de los Centros de Participaci\u00f3n Comunal (CPC) de la ciudad.<\/p>\n<p>Esta actividad responde a una de las conclusiones del Consejo Municipal de Ni\u00f1ez y Adolescencia 2024, que subray\u00f3 la necesidad de crear espacios de recreaci\u00f3n y desaprendizaje de patrones violentos y heteronormativos.<\/p>\n<p>La propuesta ser\u00e1 presentada al finalizar cada sesi\u00f3n mensual de los Consejos Comunitarios, acompa\u00f1ada de una introducci\u00f3n sobre los derechos de las infancias, a cargo del equipo de Promoci\u00f3n de Derechos.<\/p>\n<p>La actividad es abierta a todo el p\u00fablico, tanto para los miembros del Consejo como para las personas que se encuentren en el CPC.<\/p>\n<p>Adem\u00e1s, busca fortalecer el trabajo conjunto con instituciones y organizaciones que deseen participar a trav\u00e9s del Taller de Buen Trato.<\/p>\n<p><strong>CRONOGRAMA:<\/strong><\/p>\n<ul>\n<li>CPC Col\u00f3n: 06\/05 \u2013 09:00 a 11:00 hs<\/li>\n<li>CPC Chalet San Felipe: 07\/05 \u2013 09:00 a 11:00 hs<\/li>\n<li>CPC Empalme: 07\/05 \u2013 09:00 a 12:00 hs<\/li>\n<li>CPC Jard\u00edn: 09\/05 \u2013 10:00 a 11:30 hs<\/li>\n<li>CPC Ruta 20: 13\/05 \u2013 10:00 a 12:00 hs<\/li>\n<li>CPC Arg\u00fcello: 13\/05 \u2013 10:00 a 12:00 hs<\/li>\n<li>CPC Pueyrred\u00f3n: 21\/05 \u2013 10:00 a 12:00 hs<\/li>\n<li>CPC Villa Libertador: 27\/05 \u2013 09:00 a 11:00 hs<\/li>\n<li>CPC Rancagua: 27\/05 \u2013 09:30 a 11:30 hs<\/li>\n<\/ul>\n","protected":false},"excerpt":{"rendered":"<p>La campa\u00f1a invita a adultos a repensar las pr\u00e1cticas heredadas de crianza que muchas veces reproducen violencias arraigadas. Se realiza en los Consejos Comunitarios de Ni\u00f1ez y Adolescencia de los CPC. En el marco del D\u00eda Internacional de la Lucha Contra el Maltrato Infantil, la Municipalidad de C\u00f3rdoba, a trav\u00e9s de la Secretar\u00eda de Pol\u00edticas [&hellip;]<\/p>\n","protected":false},"author":1,"featured_media":165357,"comment_status":"closed","ping_status":"closed","sticky":false,"template":"","format":"standard","meta":[],"categories":[44],"tags":[],"_links":{"self":[{"href":"http:\/\/cordobadirecto.com\/index.php\/wp-json\/wp\/v2\/posts\/165356"}],"collection":[{"href":"http:\/\/cordobadirecto.com\/index.php\/wp-json\/wp\/v2\/posts"}],"about":[{"href":"http:\/\/cordobadirecto.com\/index.php\/wp-json\/wp\/v2\/types\/post"}],"author":[{"embeddable":true,"href":"http:\/\/cordobadirecto.com\/index.php\/wp-json\/wp\/v2\/users\/1"}],"replies":[{"embeddable":true,"href":"http:\/\/cordobadirecto.com\/index.php\/wp-json\/wp\/v2\/comments?post=165356"}],"version-history":[{"count":0,"href":"http:\/\/cordobadirecto.com\/index.php\/wp-json\/wp\/v2\/posts\/165356\/revisions"}],"wp:featuredmedia":[{"embeddable":true,"href":"http:\/\/cordobadirecto.com\/index.php\/wp-json\/wp\/v2\/media\/165357"}],"wp:attachment":[{"href":"http:\/\/cordobadirecto.com\/index.php\/wp-json\/wp\/v2\/media?parent=165356"}],"wp:term":[{"taxonomy":"category","embeddable":true,"href":"http:\/\/cordobadirecto.com\/index.php\/wp-json\/wp\/v2\/categories?post=165356"},{"taxonomy":"post_tag","embeddable":true,"href":"http:\/\/cordobadirecto.com\/index.php\/wp-json\/wp\/v2\/tags?post=165356"}],"curies":[{"name":"wp","href":"https:\/\/api.w.org\/{rel}","templated":true}]}}