{"id":165410,"date":"2025-04-30T15:44:19","date_gmt":"2025-04-30T15:44:19","guid":{"rendered":"https:\/\/www.ole.com.ar\/autos\/franco-colapinto-alpine-formula-1_0_vDCsEHu2dZ.html"},"modified":"2025-04-30T15:44:19","modified_gmt":"2025-04-30T15:44:19","slug":"las-repercusiones-en-el-mundo-sobre-el-posible-debut-de-franco-colapinto-en-imola","status":"publish","type":"post","link":"http:\/\/cordobadirecto.com\/index.php\/2025\/04\/30\/las-repercusiones-en-el-mundo-sobre-el-posible-debut-de-franco-colapinto-en-imola\/","title":{"rendered":"Las repercusiones en el mundo sobre el posible debut de Franco Colapinto en Imola"},"content":{"rendered":"<p><time class=\"createDate\" datetime=\"2025-04-30T12:44:19-03:00\">30\/04\/2025 12:44hs.<\/time><\/p>\n<div id=\"storyBody\">\n<div class=\"custom-text \" readability=\"30.658914728682\">\n<p>Un bombazo inesperado sacudi\u00f3 territorio argentino y a toda la <a href=\"https:\/\/www.ole.com.ar\/tema\/formula-1.html\" title=\"F\u00f3rmula 1\" alt=\"F\u00f3rmula 1\" class=\"slug\">F\u00f3rmula 1<\/a>. Un empresario filtr\u00f3 por accidente que <strong><a href=\"https:\/\/www.ole.com.ar\/tema\/franco-colapinto.html\" title=\"Franco Colapinto\" alt=\"Franco Colapinto\" class=\"slug\">Franco Colapinto<\/a><\/strong> tendr\u00eda su debut como titular de <strong><a href=\"https:\/\/www.ole.com.ar\/tema\/alpine.html\" title=\"Alpine\" alt=\"Alpine\" class=\"slug\">Alpine<\/a><\/strong> en el circuito de Imola, y <strong>la revelaci\u00f3n repercuti\u00f3 en cada rinc\u00f3n del planeta&#8230;<\/strong><\/p>\n<\/div>\n<div class=\"custom-text \" readability=\"32.125423728814\">\n<p>El art\u00edfice de este movimiento fue <strong>Horacio Mar\u00edn<\/strong>, presidente de YPF, empresa argentina que es uno de los principales sponsors del piloto, mientras estaba dando una entrevista en A24. Por accidente, <a href=\"https:\/\/www.ole.com.ar\/autos\/franco-colapinto-debu-imola-formula-1-sponsor-escapo_0_GWtE25Sfrc.html\" title=\"mientras estaba fuera de c\u00e1mara, tir\u00f3 &quot;Imola&quot; \" alt=\"mientras estaba fuera de c\u00e1mara, tir\u00f3 &quot;Imola&quot; \">mientras estaba fuera de c\u00e1mara,<\/a><strong><a href=\"https:\/\/www.ole.com.ar\/autos\/franco-colapinto-debu-imola-formula-1-sponsor-escapo_0_GWtE25Sfrc.html\" target=\"_blank\" title=\"mientras estaba fuera de c\u00e1mara, tir\u00f3 &quot;Imola&quot; \" alt=\"mientras estaba fuera de c\u00e1mara, tir\u00f3 &quot;Imola&quot; \" rel=\"noopener\"> tir\u00f3 &#8220;Imola&#8221; <\/a>como posible (\u00bfo confirmado?) debut de <a href=\"https:\/\/www.ole.com.ar\/tema\/franco-colapinto.html\" target=\"_blank\" title=\"Franco Colapinto\" alt=\"Franco Colapinto\" class=\"slug\" rel=\"noopener\">Franco<\/a>.<\/strong><\/p>\n<\/div>\n<p><h2><strong>La repercusi\u00f3n de la noticia<\/strong><\/h2>\n<\/p>\n<div class=\"custom-text \" readability=\"39\">\n<p><strong>Varios medios internacionales especializados en F\u00f3rmula 1 se hicieron eco de la posible noticia y primicia del empresario<\/strong>: &#8220;En Alpine, se ha hablado todo el a\u00f1o sobre la posici\u00f3n de Jack Doohan, mientras que Franco Colapinto est\u00e1 buscando ocupar su puesto. Un patrocinador del argentino ha cometido ahora un error muy llamativo&#8230;&#8221;, solt\u00f3 <strong>Racingnews365<\/strong>, portal de noticias de los <strong>Pa\u00edses Bajos<\/strong>.<\/p>\n<\/div>\n<div class=\"sc-e7b891c4-0 ifHnQL image-embed\"><img alt=\"Varios medios del mundo se hicieron eco de la &quot;noticia&quot;.\" loading=\"lazy\" width=\"720\" height=\"100\" decoding=\"async\" data-nimg=\"1\" src=\"http:\/\/cordobadirecto.com\/wp-content\/uploads\/2025\/04\/las-repercusiones-en-el-mundo-sobre-el-posible-debut-de-franco-colapinto-en-imola.jpg\"><span class=\"epigraphe\">Varios medios del mundo se hicieron eco de la &#8220;noticia&#8221;.<\/span><\/div>\n<div class=\"custom-text \" readability=\"39\">\n<p>Sobre el final de la nota, agreg\u00f3: &#8220;No es seguro si Colapinto reemplazar\u00e1 a Doohan, pero es un doloroso error&#8221;. Por otro lado, en <strong>Francia <\/strong>tambi\u00e9n tuvieron repercusi\u00f3n las palabras del argentino. &#8220;\u00bfColapinto en los Alpes de Imola? \u00a1Un patrocinador publica la informaci\u00f3n!&#8221;, titul\u00f3 <strong>France Racing<\/strong>.<\/p>\n<\/div>\n<div class=\"sc-e7b891c4-0 ifHnQL image-embed\"><img alt=\"Portales de noticias de Italia, Espa\u00f1a, Francia y otros pa\u00edses, publicaron la noticia de Colapinto.\" loading=\"lazy\" width=\"720\" height=\"100\" decoding=\"async\" data-nimg=\"1\" src=\"http:\/\/cordobadirecto.com\/wp-content\/uploads\/2025\/04\/las-repercusiones-en-el-mundo-sobre-el-posible-debut-de-franco-colapinto-en-imola-1.jpg\"><span class=\"epigraphe\">Portales de noticias de Italia, Espa\u00f1a, Francia y otros pa\u00edses, publicaron la noticia de Colapinto.<\/span><\/div>\n<div class=\"custom-text \" readability=\"37\">\n<p>&#8220;Es la telenovela de la temporada en Alpine. <strong>\u00bfJack Doohan ser\u00e1 reemplazado por Franco Colapinto (\u00bfy cu\u00e1ndo?)?<\/strong> Hay muchos rumores, pero probablemente alg\u00fan patrocinador acaba de filtrar la informaci\u00f3n&#8221;, sum\u00f3, acompa\u00f1ado de la explicaci\u00f3n del caso.<\/p>\n<\/div>\n<div class=\"custom-text \" readability=\"39\">\n<p>Tambi\u00e9n, Motorcycle Sports, de Reino Unido, public\u00f3:<strong> &#8220;Bomba alpina: Colapinto listo para reemplazar a Doohan en Imola en una revelaci\u00f3n impactante&#8221;<\/strong>. Y anticip\u00f3: &#8220;En un sorprendente giro de los acontecimientos, los rumores de que Franco Colapinto podr\u00eda reemplazar a Jack Doohan en Alpine han puesto al mundo del automovilismo en un estado de agitaci\u00f3n&#8221;.<\/p>\n<\/div>\n<div class=\"sc-e7b891c4-0 ifHnQL image-embed\"><img alt=\"A un empresario argentino se le escap\u00f3 que Colapinto podr\u00eda debutar en Imola.\" loading=\"lazy\" width=\"720\" height=\"100\" decoding=\"async\" data-nimg=\"1\" src=\"http:\/\/cordobadirecto.com\/wp-content\/uploads\/2025\/04\/las-repercusiones-en-el-mundo-sobre-el-posible-debut-de-franco-colapinto-en-imola-2.jpg\"><span class=\"epigraphe\">A un empresario argentino se le escap\u00f3 que Colapinto podr\u00eda debutar en Imola.<\/span><\/div>\n<div class=\"custom-text \" readability=\"33\">\n<p><strong>FormulaPasssion<\/strong> de <strong>Italia <\/strong>escribi\u00f3: <strong>&#8220;\u00bfColapinto comenzar\u00e1 en Alpine en Imola?<\/strong> Surge en TV en vivo un sensacional comentario &#8216;off the r\u00e9cord&#8217; de uno de los patrocinadores del argentino&#8221;.<\/p>\n<\/div>\n<p><h2><strong>\u00bfTendr\u00e1 Franco Colapinto su debut?<\/strong><\/h2>\n<\/p>\n<div class=\"custom-text \" readability=\"35\">\n<p>Todav\u00eda no hay una palabra oficial de <strong>Alpine<\/strong>, pero este martes se produjo un<strong> &#8220;accidente verbal&#8221;<\/strong> que ilusiona a los argentinos con ver a Franco Colapinto debutar en el equipo franc\u00e9s durante esta temporada de la F\u00f3rmula 1. <strong>\u00bfSer\u00e1?<\/strong><\/p>\n<\/div>\n<div class=\"sc-734b4696-1 kFfZtB\" readability=\"6\">\n<div class=\"sc-d00d9e74-0 hnHYbk\" type=\"embed\">\n<div class=\"sc-d00d9e74-1 iKVbz videoText\" id=\"contentTitleembed4Wj74gpN\" type=\"embed\"><svg fill=\"#ffffff\"><symbol id=\"play\" viewBox=\"0 0 512 512\"><path d=\"M512 256C512 397.4 397.4 512 256 512C114.6 512 0 397.4 0 256C0 114.6 114.6 0 256 0C397.4 0 512 114.6 512 256zM176 168V344C176 352.7 180.7 360.7 188.3 364.9C195.8 369.2 205.1 369 212.5 364.5L356.5 276.5C363.6 272.1 368 264.4 368 256C368 247.6 363.6 239.9 356.5 235.5L212.5 147.5C205.1 142.1 195.8 142.8 188.3 147.1C180.7 151.3 176 159.3 176 168V168z\" \/><\/symbol><use xlink:href=\"#play\" \/><\/svg><\/p>\n<div class=\"right\">\n<p>Franco Colapinto<!-- --> &#8211; <span>&nbsp;<\/span><\/p>\n<h2 class=\"title-vid\">Se le escap\u00f3 que Colapinto debutar\u00e1 en Imola<\/h2>\n<\/div>\n<\/div>\n<p><span class=\"back\" id=\"spanBackembed4Wj74gpN\"><\/span><\/div>\n<div class=\"JWvideoNota_title\" readability=\"7\">\n<p>El desliz del presidente de YPF (Video: A24)<\/p>\n<\/div>\n<\/div>\n<div class=\"custom-text \" readability=\"38\">\n<p>Por supuesto, falta la confirmaci\u00f3n de Alpine, que seguramente, en caso de ser as\u00ed, lo informar\u00e1 antes de la carrera en Italia, que se correr\u00e1 el 18 de mayo. <\/p>\n<\/div>\n<div class=\"custom-text \" readability=\"40\">\n<p>Sin embargo, el desliz del empresario argentino concuerda con las especulaciones sobre el contrato de Doohan (a quien Colapinto en alg\u00fan momento reemplazar\u00e1, para eso lo llevaron), el cual ser\u00eda de seis carreras, v\u00ednculo que termina, entonces, este fin de semana en el GP de Miami.<\/p>\n<\/div>\n<div class=\"sc-e7b891c4-0 ifHnQL image-embed\"><img alt=\"Franco Colapinto y su posible debut de Alpine.\" loading=\"lazy\" width=\"720\" height=\"100\" decoding=\"async\" data-nimg=\"1\" src=\"http:\/\/cordobadirecto.com\/wp-content\/uploads\/2025\/04\/las-repercusiones-en-el-mundo-sobre-el-posible-debut-de-franco-colapinto-en-imola-3.jpg\"><span class=\"epigraphe\">Franco Colapinto y su posible debut de Alpine.<\/span><\/div>\n<div class=\"custom-text \" readability=\"43\">\n<p>Quiz\u00e1 especulando con esta chance, o sea, a la espera de lo que sucediera con Doohan, Colapinto se mantuvo con perfil bajo en la sede de Enstone, en Inglaterra, manejando el simulador, mientras el equipo eleg\u00eda al estonio Paul Aron como reserva y blindaba al australiano con declaraciones, sobre todo de Olivier Oakes, el mandam\u00e1s en boxes. <\/p>\n<\/div>\n<div class=\"custom-text \" readability=\"36\">\n<p>A la voluntad del franc\u00e9s, de aparentemente mantener a Doohan en el monoplaza, se contrapondr\u00eda la de Flavio Briatore, quien fue el responsable m\u00e1ximo de la llegada de Colapinto a Alpine. <\/p>\n<\/div>\n<div class=\"custom-text \" readability=\"34\">\n<p>El italiano fue contratado por la escuder\u00eda en medio de la temporada 2024 para tratar de levantarla. El hacedor de los campeonatos de Michael Schumacher en Benetton y Fernando Alonso en Renault es el principal impulsor de la llegada del bonaerense de 21 a\u00f1os al volante.<\/p>\n<\/div>\n<div class=\"sc-a7166897-0 eoLsBE\" readability=\"6.5\">\n<section readability=\"3\"><picture><img alt=\"Alpine le da pista a Franco Colapinto en redes: el argentino present\u00f3 el circuito de Miami en el simulador\" loading=\"lazy\" width=\"290\" height=\"290\" decoding=\"async\" data-nimg=\"1\" src=\"http:\/\/cordobadirecto.com\/wp-content\/uploads\/2025\/04\/las-repercusiones-en-el-mundo-sobre-el-posible-debut-de-franco-colapinto-en-imola-4.jpg\"><\/picture>\n<p><span>Mir\u00e1 tambi\u00e9n<\/span><\/p>\n<hr>\n<h3>Alpine le da pista a Franco Colapinto en redes: el argentino present\u00f3 el circuito de Miami en el simulador<\/h3>\n<\/p>\n<\/section>\n<\/div>\n<div class=\"sc-a7166897-0 eoLsBE\" readability=\"6.5\">\n<section readability=\"3\"><picture><img alt=\"Franco Colapinto debutar\u00e1 en Imola, seg\u00fan se le escap\u00f3 a un sponsor importante\" loading=\"lazy\" width=\"290\" height=\"290\" decoding=\"async\" data-nimg=\"1\" src=\"http:\/\/cordobadirecto.com\/wp-content\/uploads\/2025\/04\/las-repercusiones-en-el-mundo-sobre-el-posible-debut-de-franco-colapinto-en-imola-5.jpg\"><\/picture>\n<p><span>Mir\u00e1 tambi\u00e9n<\/span><\/p>\n<hr>\n<h3>Franco Colapinto debutar\u00e1 en Imola, seg\u00fan se le escap\u00f3 a un sponsor importante<\/h3>\n<\/p>\n<\/section>\n<\/div>\n<\/div>\n","protected":false},"excerpt":{"rendered":"<p>30\/04\/2025 12:44hs. Un bombazo inesperado sacudi\u00f3 territorio argentino y a toda la F\u00f3rmula 1. Un empresario filtr\u00f3 por accidente que Franco Colapinto tendr\u00eda su debut como titular de Alpine en el circuito de Imola, y la revelaci\u00f3n repercuti\u00f3 en cada rinc\u00f3n del planeta&#8230; El art\u00edfice de este movimiento fue Horacio Mar\u00edn, presidente de YPF, empresa [&hellip;]<\/p>\n","protected":false},"author":1,"featured_media":165411,"comment_status":"closed","ping_status":"closed","sticky":false,"template":"","format":"standard","meta":[],"categories":[21],"tags":[],"_links":{"self":[{"href":"http:\/\/cordobadirecto.com\/index.php\/wp-json\/wp\/v2\/posts\/165410"}],"collection":[{"href":"http:\/\/cordobadirecto.com\/index.php\/wp-json\/wp\/v2\/posts"}],"about":[{"href":"http:\/\/cordobadirecto.com\/index.php\/wp-json\/wp\/v2\/types\/post"}],"author":[{"embeddable":true,"href":"http:\/\/cordobadirecto.com\/index.php\/wp-json\/wp\/v2\/users\/1"}],"replies":[{"embeddable":true,"href":"http:\/\/cordobadirecto.com\/index.php\/wp-json\/wp\/v2\/comments?post=165410"}],"version-history":[{"count":0,"href":"http:\/\/cordobadirecto.com\/index.php\/wp-json\/wp\/v2\/posts\/165410\/revisions"}],"wp:featuredmedia":[{"embeddable":true,"href":"http:\/\/cordobadirecto.com\/index.php\/wp-json\/wp\/v2\/media\/165411"}],"wp:attachment":[{"href":"http:\/\/cordobadirecto.com\/index.php\/wp-json\/wp\/v2\/media?parent=165410"}],"wp:term":[{"taxonomy":"category","embeddable":true,"href":"http:\/\/cordobadirecto.com\/index.php\/wp-json\/wp\/v2\/categories?post=165410"},{"taxonomy":"post_tag","embeddable":true,"href":"http:\/\/cordobadirecto.com\/index.php\/wp-json\/wp\/v2\/tags?post=165410"}],"curies":[{"name":"wp","href":"https:\/\/api.w.org\/{rel}","templated":true}]}}