{"id":165414,"date":"2025-04-30T17:05:45","date_gmt":"2025-04-30T17:05:45","guid":{"rendered":"https:\/\/www.ole.com.ar\/futbol-ascenso\/ascenso-primera-nacional-colon-moreno-fabianesi_0_Nby4exMv2N.html"},"modified":"2025-04-30T17:05:45","modified_gmt":"2025-04-30T17:05:45","slug":"moreno-y-fabianesi-sobre-la-crisis-en-colon-nunca-me-paso-de-perder-cinco-partidos-seguidos","status":"publish","type":"post","link":"http:\/\/cordobadirecto.com\/index.php\/2025\/04\/30\/moreno-y-fabianesi-sobre-la-crisis-en-colon-nunca-me-paso-de-perder-cinco-partidos-seguidos\/","title":{"rendered":"Moreno y Fabianesi sobre la crisis en Col\u00f3n: &#8220;Nunca me pas\u00f3 de perder cinco partidos seguidos&#8221;"},"content":{"rendered":"<p><time class=\"createDate\" datetime=\"2025-04-29T17:27:19-03:00\">29\/04\/2025 17:27hs.<\/time><\/p>\n<div id=\"storyBody\">\n<div class=\"custom-text \" readability=\"36.513043478261\">\n<p>Un protagonista del cual todo <a href=\"https:\/\/www.ole.com.ar\/tema\/colon.html\" title=\"Col\u00f3n\" alt=\"Col\u00f3n\" class=\"slug\">Col\u00f3n<\/a> esperaba declaraciones.<strong> Iv\u00e1n Moreno y Fabianesi, Director Deportivo del club, fue uno de los apuntados<\/strong> -junto a Victor Godano- por parte de los hinchas en medio de la crisis futbol\u00edstica que atraviesa el Sabalero en la <a href=\"https:\/\/www.ole.com.ar\/tema\/primera-nacional.html\" title=\"Primera Nacional\" alt=\"Primera Nacional\" class=\"slug\">Primera Nacional<\/a>. Y este martes, post entrenamiento del plantel, habl\u00f3 con los medios.<\/p>\n<\/div>\n<div class=\"custom-text \" readability=\"40\">\n<p>De movida, el Torero asumi\u00f3 la responsabilidad de la situaci\u00f3n: &#8220;No me esperaba este momento, ni creo que nadie lo deseaba. Es una situaci\u00f3n muy mala y real, pero <strong>tengo la claridad necesaria para corregirla<\/strong>&#8220;, inici\u00f3. A su vez, agreg\u00f3: &#8220;Estoy acostumbrado a los desaf\u00edos. Estoy en el lugar que quiro estar y no me arrepiento de nada&#8221;.<\/p>\n<\/div>\n<div class=\"custom-text \" readability=\"36\">\n<p>Siguiendo por la misma linea, se refiri\u00f3 a lo que vivi\u00f3 en las \u00faltimas semanas: &#8220;Recib\u00ed presiones. <strong>Hay quienes critican sin construir<\/strong>. Estamos en este cargo porque otros no quisieron asumir el desaf\u00edo. Abrimos las puertas del predio para quien quiera aportar&#8221;, dispar\u00f3.<\/p>\n<\/div>\n<div class=\"sc-e7b891c4-0 ifHnQL image-embed\"><img alt=\"El Torero fue uno de los apuntados por los hinchas (Foto: Internet).\" loading=\"lazy\" width=\"720\" height=\"100\" decoding=\"async\" data-nimg=\"1\" src=\"http:\/\/cordobadirecto.com\/wp-content\/uploads\/2025\/04\/moreno-y-fabianesi-sobre-la-crisis-en-colon-nunca-me-paso-de-perder-cinco-partidos-seguidos.jpg\"><span class=\"epigraphe\">El Torero fue uno de los apuntados por los hinchas (Foto: Internet).<\/span><\/div>\n<p><h2><strong>La salida del Pata Pereyra y la llegada de Yllana<\/strong><\/h2>\n<\/p>\n<div class=\"custom-text \" readability=\"34\">\n<p>Otro de los temas que toc\u00f3 el ex volante del club fue la salida del entrenador Ariel Pereyra: &#8220;El ciclo de Ariel y las expectativas que ten\u00edamos con respecto al equipo <strong>no estaban alineadas con lo que pretend\u00edamos<\/strong>. Por eso es que lo interrumpimos&#8221;.<\/p>\n<\/div>\n<div class=\"custom-text \" readability=\"36.246819338422\">\n<p>Al mismo tiempo, se refiri\u00f3 a la llegada de Andr\u00e9s Yllana: &#8220;Lo fuimos a buscar en el mercado anterior porque era el \u00faltimo campe\u00f3n de la categor\u00eda (con <a href=\"https:\/\/www.ole.com.ar\/tema\/aldosivi.html\" title=\"Aldosivi\" alt=\"Aldosivi\" class=\"slug\">Aldosivi<\/a>). No se pudo en ese momento, pero ahora s\u00ed. Andr\u00e9s tuvo mucha predisposici\u00f3n e intenci\u00f3n de venir a Col\u00f3n.<strong> Cre\u00eda que todav\u00eda pod\u00edamos revertir la situaci\u00f3n y ten\u00eda un diagn\u00f3stico claro del equipo<\/strong>. Eso agiliz\u00f3 todo&#8221;.<\/p>\n<\/div>\n<div class=\"custom-text \" readability=\"39\">\n<p>En medio de esta transici\u00f3n de t\u00e9cnicos, Moreno y Fabianesi habl\u00f3 sobre el nivel f\u00edsico el equipo: &#8220;Hubo una merma. Algunos errores en la planificaci\u00f3n anterior, la cantidad de lesionados, y <strong>hay datos contundentes que demuestran que debemos mejorar en ese aspecto<\/strong>. Para jugar como quiere Yllana, hay que estar bien f\u00edsicamente&#8221;.<\/p>\n<\/div>\n<div class=\"sc-e7b891c4-0 ifHnQL image-embed\"><img alt=\"Moreno y Fabianesi habl\u00f3 de todo post entrenamiento (Prensa Col\u00f3n).\" loading=\"lazy\" width=\"720\" height=\"100\" decoding=\"async\" data-nimg=\"1\" src=\"http:\/\/cordobadirecto.com\/wp-content\/uploads\/2025\/04\/moreno-y-fabianesi-sobre-la-crisis-en-colon-nunca-me-paso-de-perder-cinco-partidos-seguidos-1.jpg\"><span class=\"epigraphe\">Moreno y Fabianesi habl\u00f3 de todo post entrenamiento (Prensa Col\u00f3n).<\/span><\/div>\n<p><h2><strong>Refuerzos: lo que podr\u00eda llegar y lo que vino en el mercado anterior<\/strong><\/h2>\n<\/p>\n<div class=\"custom-text \" readability=\"38\">\n<p>Tras ser consultado sobre el mercado de pases que se avecina, el Director Deportivo sentenci\u00f3: &#8220;Andr\u00e9s necesita tiempo para evaluar el plantel. <strong>Nosotros tenemos una idea de los puestos a reforzar, pero lo consensuaremos con \u00e9l<\/strong>. Se har\u00e1 un diagn\u00f3stico compartido. El mercado anterior fue inteligente, el de ahora tiene que ser eficiente&#8221;.<\/p>\n<\/div>\n<div class=\"custom-text \" readability=\"40\">\n<p>En la misma sinton\u00eda, se expres\u00f3 en relaci\u00f3n a los que llegaron este a\u00f1o: &#8220;<strong>Algunos estuvieron por encima de lo esperado, otros por debajo<\/strong>. Pero es imprudente dar nombres ahora. Ten\u00eda m\u00e1s expectativas, no me puedo conformar con los resultados. Algunas decisiones ten\u00edan fundamento en su momento, pero esto es f\u00fatbol. A veces acert\u00e1s, a veces no&#8221;.<\/p>\n<\/div>\n<div class=\"custom-text \" readability=\"36.164516129032\">\n<p>A su vez, cerr\u00f3 refiri\u00e9ndose al trabajo que hay por delante y cual es el \u00fanico objetivo en la mira: &#8220;<strong>Nunca me pas\u00f3 de perder cinco partidos seguidos<\/strong>. No pido paciencia, pero s\u00ed que entiendan que estamos ocupados en corregir esto. <strong>El \u00fanico resultado aceptable es el <a href=\"https:\/\/www.ole.com.ar\/tema\/ascenso.html\" title=\"Ascenso\" alt=\"Ascenso\" class=\"slug\">ascenso<\/a><\/strong>. No hay otro objetivo posible&#8221;. <\/p>\n<\/div>\n<div class=\"sc-a7166897-0 eoLsBE\" readability=\"6\">\n<section readability=\"2\"><picture><img alt=\"El hist\u00f3rico ex Boca que fue despedido de su cargo como DT\" loading=\"lazy\" width=\"290\" height=\"290\" decoding=\"async\" data-nimg=\"1\" src=\"http:\/\/cordobadirecto.com\/wp-content\/uploads\/2025\/04\/moreno-y-fabianesi-sobre-la-crisis-en-colon-nunca-me-paso-de-perder-cinco-partidos-seguidos-2.jpg\"><\/picture>\n<p><span>Mir\u00e1 tambi\u00e9n<\/span><\/p>\n<hr>\n<h3>El hist\u00f3rico ex Boca que fue despedido de su cargo como DT<\/h3>\n<\/p>\n<\/section>\n<\/div>\n<div class=\"sc-a7166897-0 eoLsBE\" readability=\"6\">\n<section readability=\"2\"><picture><img alt=\"Trist\u00e1n Su\u00e1rez se impuso con autoridad ante All Boys y se prende en el Nacional\" loading=\"lazy\" width=\"290\" height=\"290\" decoding=\"async\" data-nimg=\"1\" src=\"http:\/\/cordobadirecto.com\/wp-content\/uploads\/2025\/04\/moreno-y-fabianesi-sobre-la-crisis-en-colon-nunca-me-paso-de-perder-cinco-partidos-seguidos-3.jpg\"><\/picture>\n<p><span>Mir\u00e1 tambi\u00e9n<\/span><\/p>\n<hr>\n<h3>Trist\u00e1n Su\u00e1rez se impuso con autoridad ante All Boys y se prende en el Nacional<\/h3>\n<\/p>\n<\/section>\n<\/div>\n<\/div>\n","protected":false},"excerpt":{"rendered":"<p>29\/04\/2025 17:27hs. Un protagonista del cual todo Col\u00f3n esperaba declaraciones. Iv\u00e1n Moreno y Fabianesi, Director Deportivo del club, fue uno de los apuntados -junto a Victor Godano- por parte de los hinchas en medio de la crisis futbol\u00edstica que atraviesa el Sabalero en la Primera Nacional. Y este martes, post entrenamiento del plantel, habl\u00f3 con [&hellip;]<\/p>\n","protected":false},"author":1,"featured_media":165415,"comment_status":"closed","ping_status":"closed","sticky":false,"template":"","format":"standard","meta":[],"categories":[21],"tags":[],"_links":{"self":[{"href":"http:\/\/cordobadirecto.com\/index.php\/wp-json\/wp\/v2\/posts\/165414"}],"collection":[{"href":"http:\/\/cordobadirecto.com\/index.php\/wp-json\/wp\/v2\/posts"}],"about":[{"href":"http:\/\/cordobadirecto.com\/index.php\/wp-json\/wp\/v2\/types\/post"}],"author":[{"embeddable":true,"href":"http:\/\/cordobadirecto.com\/index.php\/wp-json\/wp\/v2\/users\/1"}],"replies":[{"embeddable":true,"href":"http:\/\/cordobadirecto.com\/index.php\/wp-json\/wp\/v2\/comments?post=165414"}],"version-history":[{"count":0,"href":"http:\/\/cordobadirecto.com\/index.php\/wp-json\/wp\/v2\/posts\/165414\/revisions"}],"wp:featuredmedia":[{"embeddable":true,"href":"http:\/\/cordobadirecto.com\/index.php\/wp-json\/wp\/v2\/media\/165415"}],"wp:attachment":[{"href":"http:\/\/cordobadirecto.com\/index.php\/wp-json\/wp\/v2\/media?parent=165414"}],"wp:term":[{"taxonomy":"category","embeddable":true,"href":"http:\/\/cordobadirecto.com\/index.php\/wp-json\/wp\/v2\/categories?post=165414"},{"taxonomy":"post_tag","embeddable":true,"href":"http:\/\/cordobadirecto.com\/index.php\/wp-json\/wp\/v2\/tags?post=165414"}],"curies":[{"name":"wp","href":"https:\/\/api.w.org\/{rel}","templated":true}]}}