{"id":165423,"date":"2025-04-30T22:12:57","date_gmt":"2025-04-30T22:12:57","guid":{"rendered":"https:\/\/puntoapunto.com.ar\/?p=372567"},"modified":"2025-04-30T22:12:57","modified_gmt":"2025-04-30T22:12:57","slug":"cordoba-expuso-su-modelo-de-empleo-en-la-expo-efi-gobernar-es-generar-trabajo","status":"publish","type":"post","link":"http:\/\/cordobadirecto.com\/index.php\/2025\/04\/30\/cordoba-expuso-su-modelo-de-empleo-en-la-expo-efi-gobernar-es-generar-trabajo\/","title":{"rendered":"C\u00f3rdoba expuso su modelo de empleo en la Expo EFI: \u201cGobernar es generar trabajo\u201d"},"content":{"rendered":"\n<p>La ministra de<a href=\"https:\/\/desarrolloyempleo.cba.gov.ar\/\"> Desarrollo Social y Promoci\u00f3n del Empleo<\/a>, <strong>Laura Jure,<\/strong> en representaci\u00f3n del Gobierno provincial, disert\u00f3 en la <strong>12\u00b0 edici\u00f3n de la Expo EFI, que tiene lugar en la ciudad de Buenos Aires, el 29 y 30 de abril.<\/strong><\/p>\n<p>El evento est\u00e1 consolidado como una exitosa convenci\u00f3n sobre econom\u00eda, finanzas e inversiones del pa\u00eds, y re\u00fane workshop, stands, seminarios, aulas acad\u00e9micas y espacios literarios que buscan acercar informaci\u00f3n estrat\u00e9gica para la toma de decisiones.<\/p>\n<p>En esta oportunidad, bajo el lema<strong> \u201c<em>Camino a la estabilidad: claves para una Argentina previsible\u201d<\/em>,<\/strong> Expo EFI tambi\u00e9n da lugar al Congreso Econ\u00f3mico Argentino para analizar la actualidad y las perspectivas econ\u00f3micas, las finanzas y los mercados, las estrategias de inversi\u00f3n, las reformas estructurales y de largo plazo, el contexto internacional, las elecciones legislativas, y el panorama laboral y social, entre otros temas destacados.<\/p>\n<p>Jure fue parte del panel <em>Panorama Pol\u00edtico y Social: Potenciando al Capital Humano;<\/em> espacio en el cual expuso el modelo de gesti\u00f3n cordob\u00e9s en materia de empleo y la sinergia con el sector privado. En espacio la ministra detall\u00f3 c\u00f3mo el Gobierno Provincial genera las condiciones para que el sector privado pueda crear puestos de trabajo:<strong> \u201c<em>Desde el sector p\u00fablico brindamos previsibilidad, seguridad jur\u00eddica, garant\u00eda econ\u00f3mica, certeza pol\u00edtica y contenci\u00f3n a trav\u00e9s del empleo\u201d.<\/em><\/strong><\/p>\n<p><img decoding=\"async\" class=\"aligncenter size-full wp-image-372569\" src=\"http:\/\/cordobadirecto.com\/wp-content\/uploads\/2025\/04\/cordoba-expuso-su-modelo-de-empleo-en-la-expo-efi-gobernar-es-generar-trabajo.jpg\" alt width=\"1280\" height=\"852\" srcset=\"http:\/\/cordobadirecto.com\/wp-content\/uploads\/2025\/04\/cordoba-expuso-su-modelo-de-empleo-en-la-expo-efi-gobernar-es-generar-trabajo.jpg 1280w, http:\/\/cordobadirecto.com\/wp-content\/uploads\/2025\/04\/cordoba-expuso-su-modelo-de-empleo-en-la-expo-efi-gobernar-es-generar-trabajo-1.jpg 300w, http:\/\/cordobadirecto.com\/wp-content\/uploads\/2025\/04\/cordoba-expuso-su-modelo-de-empleo-en-la-expo-efi-gobernar-es-generar-trabajo-2.jpg 1024w, http:\/\/cordobadirecto.com\/wp-content\/uploads\/2025\/04\/cordoba-expuso-su-modelo-de-empleo-en-la-expo-efi-gobernar-es-generar-trabajo-3.jpg 768w, http:\/\/cordobadirecto.com\/wp-content\/uploads\/2025\/04\/cordoba-expuso-su-modelo-de-empleo-en-la-expo-efi-gobernar-es-generar-trabajo-4.jpg 750w, http:\/\/cordobadirecto.com\/wp-content\/uploads\/2025\/04\/cordoba-expuso-su-modelo-de-empleo-en-la-expo-efi-gobernar-es-generar-trabajo-5.jpg 1140w\" sizes=\"(max-width: 1280px) 100vw, 1280px\" loading=\"lazy\"><\/p>\n<p>En este sentido, la funcionaria destac\u00f3 los 25 a\u00f1os del PPP como pol\u00edtica de Estado y su gran impacto en la vida de miles de j\u00f3venes. Detall\u00f3 las principales claves de este programa y las modalidades puestas en marcha en su \u00faltima edici\u00f3n. <em>\u201cNuestro objetivo es fortalecer esta sinergia con el sector privado, y alimentar el c\u00edrculo de la educaci\u00f3n, la formaci\u00f3n y el empleo\u201d. <\/em><\/p>\n<p><em>\u201c<strong>El gobernador Mart\u00edn Llaryora entiende que gobernar es generar trabajo, y es el sector privado el que lo genera. Para ello la Provincia apuesta a invertir en obras e infraestructura que las empresas necesitan para su potenciamiento y desarrollo\u201d<\/strong><\/em><strong>.<\/strong> En la misma l\u00ednea Jure se expres\u00f3 sobre la importancia de<em> \u201cla formaci\u00f3n de talentos que el mercado demanda para mejorar la competitividad de los sectores\u201d<\/em> tanto para el trabajo formal como para el autoempleo\/emprendedurismo.<\/p>\n<p>El panel fue moderado por Paulino Rodr\u00edgues de LN+ y estuvo conformado, adem\u00e1s, por Roxana Maurizio de la UBA y CONICET e Ignacio Mart\u00edn Ibarz\u00e1bal de Argentinos por la Educaci\u00f3n.<\/p>\n","protected":false},"excerpt":{"rendered":"<p>La ministra de Desarrollo Social y Promoci\u00f3n del Empleo, Laura Jure, en representaci\u00f3n del Gobierno provincial, disert\u00f3 en la 12\u00b0 edici\u00f3n de la Expo EFI, que tiene lugar en la ciudad de Buenos Aires, el 29 y 30 de abril. El evento est\u00e1 consolidado como una exitosa convenci\u00f3n sobre econom\u00eda, finanzas e inversiones del pa\u00eds, [&hellip;]<\/p>\n","protected":false},"author":1,"featured_media":165424,"comment_status":"closed","ping_status":"closed","sticky":false,"template":"","format":"standard","meta":[],"categories":[25],"tags":[],"_links":{"self":[{"href":"http:\/\/cordobadirecto.com\/index.php\/wp-json\/wp\/v2\/posts\/165423"}],"collection":[{"href":"http:\/\/cordobadirecto.com\/index.php\/wp-json\/wp\/v2\/posts"}],"about":[{"href":"http:\/\/cordobadirecto.com\/index.php\/wp-json\/wp\/v2\/types\/post"}],"author":[{"embeddable":true,"href":"http:\/\/cordobadirecto.com\/index.php\/wp-json\/wp\/v2\/users\/1"}],"replies":[{"embeddable":true,"href":"http:\/\/cordobadirecto.com\/index.php\/wp-json\/wp\/v2\/comments?post=165423"}],"version-history":[{"count":0,"href":"http:\/\/cordobadirecto.com\/index.php\/wp-json\/wp\/v2\/posts\/165423\/revisions"}],"wp:featuredmedia":[{"embeddable":true,"href":"http:\/\/cordobadirecto.com\/index.php\/wp-json\/wp\/v2\/media\/165424"}],"wp:attachment":[{"href":"http:\/\/cordobadirecto.com\/index.php\/wp-json\/wp\/v2\/media?parent=165423"}],"wp:term":[{"taxonomy":"category","embeddable":true,"href":"http:\/\/cordobadirecto.com\/index.php\/wp-json\/wp\/v2\/categories?post=165423"},{"taxonomy":"post_tag","embeddable":true,"href":"http:\/\/cordobadirecto.com\/index.php\/wp-json\/wp\/v2\/tags?post=165423"}],"curies":[{"name":"wp","href":"https:\/\/api.w.org\/{rel}","templated":true}]}}