{"id":165429,"date":"2025-05-01T02:32:30","date_gmt":"2025-05-01T02:32:30","guid":{"rendered":"http:\/\/cordobadirecto.com\/index.php\/2025\/05\/01\/cordoba-passerini-ajusta-la-planta-politica-y-responsabiliza-a-la-nacion-por-los-problemas\/"},"modified":"2025-05-01T02:32:30","modified_gmt":"2025-05-01T02:32:30","slug":"cordoba-passerini-ajusta-la-planta-politica-y-responsabiliza-a-la-nacion-por-los-problemas","status":"publish","type":"post","link":"http:\/\/cordobadirecto.com\/index.php\/2025\/05\/01\/cordoba-passerini-ajusta-la-planta-politica-y-responsabiliza-a-la-nacion-por-los-problemas\/","title":{"rendered":"<b>C\u00f3rdoba<\/b>: Passerini ajusta la planta pol\u00edtica y responsabiliza a la Naci\u00f3n por los problemas &#8230;"},"content":{"rendered":"<p>&#8230; <b>nuevo<\/b> secretario de Ambiente Sustentable y <b>Econom\u00eda<\/b> Circular. Mart\u00edn llega desde el equipo de Asesor\u00eda Letrada de la comuna. En la misma zona del&nbsp;&#8230; <\/p>\n","protected":false},"excerpt":{"rendered":"<p>&#8230; nuevo secretario de Ambiente Sustentable y Econom\u00eda Circular. Mart\u00edn llega desde el equipo de Asesor\u00eda Letrada de la comuna. En la misma zona del&nbsp;&#8230;<\/p>\n","protected":false},"author":1,"featured_media":0,"comment_status":"closed","ping_status":"closed","sticky":false,"template":"","format":"standard","meta":[],"categories":[40],"tags":[],"_links":{"self":[{"href":"http:\/\/cordobadirecto.com\/index.php\/wp-json\/wp\/v2\/posts\/165429"}],"collection":[{"href":"http:\/\/cordobadirecto.com\/index.php\/wp-json\/wp\/v2\/posts"}],"about":[{"href":"http:\/\/cordobadirecto.com\/index.php\/wp-json\/wp\/v2\/types\/post"}],"author":[{"embeddable":true,"href":"http:\/\/cordobadirecto.com\/index.php\/wp-json\/wp\/v2\/users\/1"}],"replies":[{"embeddable":true,"href":"http:\/\/cordobadirecto.com\/index.php\/wp-json\/wp\/v2\/comments?post=165429"}],"version-history":[{"count":0,"href":"http:\/\/cordobadirecto.com\/index.php\/wp-json\/wp\/v2\/posts\/165429\/revisions"}],"wp:attachment":[{"href":"http:\/\/cordobadirecto.com\/index.php\/wp-json\/wp\/v2\/media?parent=165429"}],"wp:term":[{"taxonomy":"category","embeddable":true,"href":"http:\/\/cordobadirecto.com\/index.php\/wp-json\/wp\/v2\/categories?post=165429"},{"taxonomy":"post_tag","embeddable":true,"href":"http:\/\/cordobadirecto.com\/index.php\/wp-json\/wp\/v2\/tags?post=165429"}],"curies":[{"name":"wp","href":"https:\/\/api.w.org\/{rel}","templated":true}]}}