{"id":165430,"date":"2025-04-30T21:58:00","date_gmt":"2025-04-30T21:58:00","guid":{"rendered":"https:\/\/es.digitaltrends.com\/?p=1068713"},"modified":"2025-04-30T21:58:00","modified_gmt":"2025-04-30T21:58:00","slug":"9-aspectos-centrales-de-el-eternauta-antes-de-ver-la-serie","status":"publish","type":"post","link":"http:\/\/cordobadirecto.com\/index.php\/2025\/04\/30\/9-aspectos-centrales-de-el-eternauta-antes-de-ver-la-serie\/","title":{"rendered":"9 aspectos centrales de El Eternauta antes de ver la serie"},"content":{"rendered":"<p>Este mi\u00e9rcoles 30 de abril se estrena en <a href=\"https:\/\/es.digitaltrends.com\/entretenimiento\/9-aspectos-centrales-de-el-eternauta-antes-de-ver-la-serie\/\" rel>Netflix<\/a>, <a href=\"https:\/\/es.digitaltrends.com\/entretenimiento\/el-eternauta-espectacular-trailer-de-ricardo-darin-en-un-buenos-aires-apocaliptico\/\" rel>El Eternauta<\/a>, una serie de ciencia ficci\u00f3n basada en el c\u00f3mic y la obra de H\u00e9ctor Germ\u00e1n Oesterheld y Francisco Solano L\u00f3pez, publicado por primera vez en 1957.<\/p>\n<p>En la adaptaci\u00f3n televisiva, el protagonista Juan Salvo es encarnado por el reconocid\u00edsimo Ricardo Dar\u00edn, quien debe luchar contra una inesperada nieve en Buenos Aires y una invasi\u00f3n de seres alien\u00edgenas.<\/p>\n<figure data-wp-context=\"{&quot;uploadedSrc&quot;:&quot;https:\\\/\\\/es.digitaltrends.com\\\/wp-content\\\/uploads\\\/2025\\\/04\\\/el-eternauta-netflix.jpg&quot;,&quot;figureClassNames&quot;:&quot;wp-block-image size-large&quot;,&quot;figureStyles&quot;:null,&quot;imgClassNames&quot;:&quot;wp-image-1068715&quot;,&quot;imgStyles&quot;:null,&quot;targetWidth&quot;:1200,&quot;targetHeight&quot;:800,&quot;scaleAttr&quot;:false,&quot;ariaLabel&quot;:&quot;Enlarge image&quot;,&quot;alt&quot;:&quot;&quot;}\" data-wp-interactive=\"core\/image\" class=\"wp-block-image size-large wp-lightbox-container\"><img decoding=\"async\" data-wp-init=\"callbacks.setButtonStyles\" data-wp-on-async--click=\"actions.showLightbox\" data-wp-on-async--load=\"callbacks.setButtonStyles\" data-wp-on-async-window--resize=\"callbacks.setButtonStyles\" src=\"http:\/\/cordobadirecto.com\/wp-content\/uploads\/2025\/05\/9-aspectos-centrales-de-el-eternauta-antes-de-ver-la-serie.jpg\" alt class=\"wp-image-1068715\"><button class=\"lightbox-trigger\" type=\"button\" aria-haspopup=\"dialog\" aria-label=\"Enlarge image\" data-wp-init=\"callbacks.initTriggerButton\" data-wp-on-async--click=\"actions.showLightbox\" data-wp-style--right=\"context.imageButtonRight\" data-wp-style--top=\"context.imageButtonTop\"> <svg width=\"12\" height=\"12\" fill=\"none\" viewBox=\"0 0 12 12\"> <path fill=\"#fff\" d=\"M2 0a2 2 0 0 0-2 2v2h1.5V2a.5.5 0 0 1 .5-.5h2V0H2Zm2 10.5H2a.5.5 0 0 1-.5-.5V8H0v2a2 2 0 0 0 2 2h2v-1.5ZM8 12v-1.5h2a.5.5 0 0 0 .5-.5V8H12v2a2 2 0 0 1-2 2H8Zm2-12a2 2 0 0 1 2 2v2h-1.5V2a.5.5 0 0 0-.5-.5H8V0h2Z\" \/> <\/svg> <\/button><figcaption id=\"caption-attachment-1068715\" class=\"wp-caption-text\"><span class=\"credit\">Imagen utilizada con permiso del titular de los derechos de autor<\/span><\/figcaption><\/figure>\n<p>La trama comienza con una misteriosa y mortal nevada radiactiva que cae sobre la capital argentina, obligando al protagonista, Juan Salvo, junto a su familia y amigos, a buscar refugio y adaptarse a un mundo apocal\u00edptico.<\/p>\n<figure class=\"wp-block-embed is-type-video is-provider-youtube wp-block-embed-youtube wp-embed-aspect-16-9 wp-has-aspect-ratio\">\n<div class=\"wp-block-embed__wrapper\">\n<iframe title=\"El Eternauta | Tr\u00e1iler oficial | Netflix\" width=\"100%\" height=\"281\" src=\"https:\/\/www.youtube.com\/embed\/ykLTd5aTa88?feature=oembed\" frameborder=\"0\" allow=\"accelerometer; autoplay; clipboard-write; encrypted-media; gyroscope; picture-in-picture; web-share\" referrerpolicy=\"strict-origin-when-cross-origin\" allowfullscreen>[embedded content]<\/iframe>\n<\/div>\n<\/figure>\n<p>Por eso, antes de sumergirte en la serie, queremos darte 9 datos sobre el c\u00f3mic para que te puedas orientar en esta historia \u00e9pica de la ciencia ficci\u00f3n latinoamericana.<\/p>\n<div class=\"b-connatix b-connatix--video\" id=\"dt-cnx-container-6812a00498e8f\">\n<div class=\"b-connatix__label\">Recommended Videos<\/div>\n<div class=\"b-connatix__container\"> <\/div><\/div>\n<h2 class=\"wp-block-heading\">9 datos imprescindibles de El Eternauta<\/h2>\n<ol class=\"wp-block-list\">\n<li>\u00ab<em><strong>El Eternauta<\/strong><\/em>\u00bb es un ic\u00f3nico c\u00f3mic argentino creado por H\u00e9ctor Germ\u00e1n Oesterheld y Francisco Solano L\u00f3pez, publicado por primera vez en 1957 en la revista Hora Cero Semanal. Pertenece a los g\u00e9neros de ciencia ficci\u00f3n y aventura.<\/li>\n<li>La obra surgi\u00f3 durante una edad dorada del c\u00f3mic en Argentina en los a\u00f1os 50, un per\u00edodo marcado por la agitaci\u00f3n pol\u00edtica y social tras el derrocamiento de Juan Domingo Per\u00f3n en 1955.<\/li>\n<li>H\u00e9ctor Germ\u00e1n Oesterheld ya era un escritor reconocido y utiliz\u00f3 este c\u00f3mic para expresar sus preocupaciones sociales y pol\u00edticas, diferenci\u00e1ndose de sus contempor\u00e1neos. Francisco Solano L\u00f3pez aport\u00f3 un talento excepcional en el dibujo, creando un estilo visual \u00fanico.<\/li>\n<li>Los habitantes de Buenos Aires que logran vivir deben luchar constantemente por su supervivencia, buscando recursos b\u00e1sicos y enfrent\u00e1ndose a seres alien\u00edgenas y otros enemigos. La historia aborda la uni\u00f3n de supervivientes como un mensaje de solidaridad.<\/li>\n<li>M\u00e1s all\u00e1 de la aventura, \u00ab<em>El Eternauta<\/em>\u00bb es una profunda cr\u00edtica social y pol\u00edtica, explorando temas como la opresi\u00f3n, la injusticia y la lucha por la libertad, y funcionando como un llamado a la resistencia y la solidaridad.<\/li>\n<li>Innovador en su estructura, utiliza un metarrelato donde el propio Oesterheld aparece escuchando la historia de Juan Salvo, quien ha viajado en el tiempo. Tambi\u00e9n explora conceptos complejos de tiempo y espacio.<\/li>\n<li>El arte de Francisco Solano L\u00f3pez es fundamental, caracterizado por su realismo y atenci\u00f3n al detalle, y su habilidad para crear atm\u00f3sfera y tensi\u00f3n. Destacan especialmente sus dise\u00f1os de personajes y criaturas alien\u00edgenas.<\/li>\n<\/ol>\n<figure data-wp-context=\"{&quot;uploadedSrc&quot;:&quot;https:\\\/\\\/es.digitaltrends.com\\\/wp-content\\\/uploads\\\/2025\\\/04\\\/Comic-El-Eternauta.jpeg&quot;,&quot;figureClassNames&quot;:&quot;wp-block-image size-large&quot;,&quot;figureStyles&quot;:null,&quot;imgClassNames&quot;:&quot;wp-image-1068716&quot;,&quot;imgStyles&quot;:null,&quot;targetWidth&quot;:1218,&quot;targetHeight&quot;:849,&quot;scaleAttr&quot;:false,&quot;ariaLabel&quot;:&quot;Enlarge image&quot;,&quot;alt&quot;:&quot;&quot;}\" data-wp-interactive=\"core\/image\" class=\"wp-block-image size-large wp-lightbox-container\"><img decoding=\"async\" data-wp-init=\"callbacks.setButtonStyles\" data-wp-on-async--click=\"actions.showLightbox\" data-wp-on-async--load=\"callbacks.setButtonStyles\" data-wp-on-async-window--resize=\"callbacks.setButtonStyles\" src=\"http:\/\/cordobadirecto.com\/wp-content\/uploads\/2025\/05\/9-aspectos-centrales-de-el-eternauta-antes-de-ver-la-serie-1.jpg\" alt class=\"wp-image-1068716\"><button class=\"lightbox-trigger\" type=\"button\" aria-haspopup=\"dialog\" aria-label=\"Enlarge image\" data-wp-init=\"callbacks.initTriggerButton\" data-wp-on-async--click=\"actions.showLightbox\" data-wp-style--right=\"context.imageButtonRight\" data-wp-style--top=\"context.imageButtonTop\"> <svg width=\"12\" height=\"12\" fill=\"none\" viewBox=\"0 0 12 12\"> <path fill=\"#fff\" d=\"M2 0a2 2 0 0 0-2 2v2h1.5V2a.5.5 0 0 1 .5-.5h2V0H2Zm2 10.5H2a.5.5 0 0 1-.5-.5V8H0v2a2 2 0 0 0 2 2h2v-1.5ZM8 12v-1.5h2a.5.5 0 0 0 .5-.5V8H12v2a2 2 0 0 1-2 2H8Zm2-12a2 2 0 0 1 2 2v2h-1.5V2a.5.5 0 0 0-.5-.5H8V0h2Z\" \/> <\/svg> <\/button><figcaption id=\"caption-attachment-1068716\" class=\"wp-caption-text\"><span class=\"credit\">Imagen utilizada con permiso del titular de los derechos de autor<\/span><\/figcaption><\/figure>\n<ul class=\"wp-block-list\">\n<li>Durante la \u00faltima dictadura militar argentina (1976-1983), la obra sufri\u00f3 modificaciones como la edici\u00f3n a color de 1982.<\/li>\n<li>Tr\u00e1gicamente, su autor, H\u00e9ctor Germ\u00e1n Oesterheld, fue desaparecido por el r\u00e9gimen en 1977, lo que intensific\u00f3 la percepci\u00f3n de la obra como s\u00edmbolo de resistencia y denuncia.<\/li>\n<\/ul>\n<p>El protagonista Ricardo Dar\u00edn se ha referido a aspectos t\u00e9cnicos desafiantes de la adaptaci\u00f3n para Netflix.<\/p>\n<p>&nbsp;\u201cEl peso del vestuario, la m\u00e1scara, las armas, la mochila, las botas\u2026 Y la nieve que te tiran todo el tiempo, que va mojando el traje y lo hace pesar el doble. Son obst\u00e1culos f\u00edsicos\u201d, detall\u00f3.<\/p>\n<p>Pero lo m\u00e1s desafiante, seg\u00fan Dar\u00edn, fue otra cosa:&nbsp;\u201cDespu\u00e9s est\u00e1 lo otro,<strong>&nbsp;c\u00f3mo lidiar con semejante historia, que es truculenta<\/strong>\u201d.<\/p>\n<ol class=\"wp-block-list\"><\/ol>\n<p> <span id=\"publisher-md\" itemprop=\"publisher\" itemscope itemtype=\"https:\/\/schema.org\/Organization\"> <span itemprop=\"url\" itemtype=\"https:\/\/schema.org\/Url\" content=\"https:\/\/es.digitaltrends.com\"> <span itemprop=\"logo\" itemscope itemtype=\"https:\/\/schema.org\/ImageObject\"> <meta itemprop=\"url\" content=\"https:\/\/cdn.dtcn.com\/dt\/dt-logo-small.png\"> <meta itemprop=\"width\" content=\"0\"> <meta itemprop=\"height\" content=\"0\"> <\/span> <meta itemprop=\"name\" content=\"Digital Trends Espa\u00f1ol\"> <\/span> <span itemprop=\"image\" itemscope itemtype=\"https:\/\/schema.org\/ImageObject\"> <meta itemprop=\"url\" content=\"https:\/\/es.digitaltrends.com\/wp-content\/uploads\/2025\/04\/El-Eternauta-1.jpeg?p=1\"> <\/span> <\/span> <\/p>\n","protected":false},"excerpt":{"rendered":"<p>Este mi\u00e9rcoles 30 de abril se estrena en Netflix, El Eternauta, una serie de ciencia ficci\u00f3n basada en el c\u00f3mic y la obra de H\u00e9ctor Germ\u00e1n Oesterheld y Francisco Solano L\u00f3pez, publicado por primera vez en 1957. En la adaptaci\u00f3n televisiva, el protagonista Juan Salvo es encarnado por el reconocid\u00edsimo Ricardo Dar\u00edn, quien debe luchar [&hellip;]<\/p>\n","protected":false},"author":1,"featured_media":165431,"comment_status":"closed","ping_status":"closed","sticky":false,"template":"","format":"standard","meta":[],"categories":[18],"tags":[],"_links":{"self":[{"href":"http:\/\/cordobadirecto.com\/index.php\/wp-json\/wp\/v2\/posts\/165430"}],"collection":[{"href":"http:\/\/cordobadirecto.com\/index.php\/wp-json\/wp\/v2\/posts"}],"about":[{"href":"http:\/\/cordobadirecto.com\/index.php\/wp-json\/wp\/v2\/types\/post"}],"author":[{"embeddable":true,"href":"http:\/\/cordobadirecto.com\/index.php\/wp-json\/wp\/v2\/users\/1"}],"replies":[{"embeddable":true,"href":"http:\/\/cordobadirecto.com\/index.php\/wp-json\/wp\/v2\/comments?post=165430"}],"version-history":[{"count":0,"href":"http:\/\/cordobadirecto.com\/index.php\/wp-json\/wp\/v2\/posts\/165430\/revisions"}],"wp:featuredmedia":[{"embeddable":true,"href":"http:\/\/cordobadirecto.com\/index.php\/wp-json\/wp\/v2\/media\/165431"}],"wp:attachment":[{"href":"http:\/\/cordobadirecto.com\/index.php\/wp-json\/wp\/v2\/media?parent=165430"}],"wp:term":[{"taxonomy":"category","embeddable":true,"href":"http:\/\/cordobadirecto.com\/index.php\/wp-json\/wp\/v2\/categories?post=165430"},{"taxonomy":"post_tag","embeddable":true,"href":"http:\/\/cordobadirecto.com\/index.php\/wp-json\/wp\/v2\/tags?post=165430"}],"curies":[{"name":"wp","href":"https:\/\/api.w.org\/{rel}","templated":true}]}}