{"id":165493,"date":"2025-04-30T22:13:56","date_gmt":"2025-04-30T22:13:56","guid":{"rendered":"https:\/\/www.ole.com.ar\/autos\/red-bull-max-verstappen-zafo-carrera-gran-premio-yeda-formula-1-comunicado-fia_0_TCTpBzLCFa.html"},"modified":"2025-04-30T22:13:56","modified_gmt":"2025-04-30T22:13:56","slug":"por-que-zafo-max-verstappen-en-la-formula-1-de-este-ano-y-se-supo-recien-ahora","status":"publish","type":"post","link":"http:\/\/cordobadirecto.com\/index.php\/2025\/04\/30\/por-que-zafo-max-verstappen-en-la-formula-1-de-este-ano-y-se-supo-recien-ahora\/","title":{"rendered":"Por qu\u00e9 zaf\u00f3 Max Verstappen en la F\u00f3rmula 1 de este a\u00f1o y se supo reci\u00e9n ahora"},"content":{"rendered":"<p><time class=\"createDate\" datetime=\"2025-04-30T19:13:56-03:00\">30\/04\/2025 19:13hs.<\/time><\/p>\n<div id=\"storyBody\">\n<div class=\"custom-text \" readability=\"40\">\n<p><strong>Al cierre de cada sesi\u00f3n de clasificaci\u00f3n y carrera de F\u00f3rmula 1,<\/strong> <strong>todos los coches y pilotos deben pasar por una serie de inspecciones postcompetencia<\/strong> para verificar que hayan competido de forma legal. Entre las revisiones m\u00e1s habituales se encuentran el pesaje de los pilotos y los monoplazas, el an\u00e1lisis de la flexi\u00f3n de los alerones delanteros y traseros, y controles al azar a los diez primeros en cruzar la l\u00ednea de meta, quienes pueden ser sometidos a inspecciones f\u00edsicas m\u00e1s exhaustivas, entre otras evaluaciones.<\/p>\n<\/div>\n<div class=\"custom-text \" readability=\"40\">\n<p>De por s\u00ed,<strong> el fin de semana de Max Verstappen no termin\u00f3 siendo el perfecto, aunque le fue bastante bien igual, <\/strong> ya que lleg\u00f3 en segunda posici\u00f3n, justo por detr\u00e1s de Oscar Piastri (McLaren) en el circuito de Yeda,<strong> tras haber sido penalizado con cinco segundos por salirse del circuito<\/strong> al intentar mantener la posici\u00f3n en la largada frente al piloto australiano.<\/p>\n<\/div>\n<div class=\"sc-e7b891c4-0 ifHnQL image-embed\"><img alt=\"El Red Bull de Verstappen.\" loading=\"lazy\" width=\"720\" height=\"100\" decoding=\"async\" data-nimg=\"1\" src=\"http:\/\/cordobadirecto.com\/wp-content\/uploads\/2025\/05\/por-que-zafo-max-verstappen-en-la-formula-1-de-este-ano-y-se-supo-recien-ahora.jpg\"><span class=\"epigraphe\">El Red Bull de Verstappen.<\/span><\/div>\n<div class=\"custom-text \" readability=\"39\">\n<p><strong>Paralelamente, su auto, el N\u00b0 1 de la parrilla, fue elegido para realizar una revisi\u00f3n exhaustiva<\/strong>, mucho mayor a lo habitual, en la que se le busca si est\u00e1 dentro del reglamento hasta el \u00faltimo detalle. pero&#8230; zaf\u00f3. Su Red Bull cumpl\u00eda con todas las exigencias. <\/p>\n<\/div>\n<p><h2><strong>Cu\u00e1l fue el comunicado de la FIA sobre la revisi\u00f3n al Red Bull de Verstappen<\/strong><\/h2>\n<\/p>\n<div class=\"custom-text \" readability=\"40\">\n<p><strong>&#8220;Tras la carrera en Yeda, el coche n\u00famero 1 fue seleccionado al azar entre los diez mejores para someterse a inspecciones f\u00edsicas m\u00e1s exhaustivas.<\/strong> Se inspeccionaron el sistema de admisi\u00f3n de aire del motor (Art\u00edculo 5.15), el sistema de aceite y refrigerante y el sistema de refrigeraci\u00f3n del aire de admisi\u00f3n (Art\u00edculo 7) as\u00ed como todos los sensores instalados, su cableado y las conexiones a la SECU (Sistema de Control del Motor) y otras unidades.<strong>Todos los componentes inspeccionados cumplieron con el Reglamento T\u00e9cnico de F\u00f3rmula 1 de 2025&#8243;<\/strong>, rez\u00f3 el comunicado del delegado t\u00e9cnico de la FIA, Jo Bauer.<\/p>\n<\/div>\n<p><h2><strong>A qu\u00e9 hora y por d\u00f3nde ver el pr\u00f3ximo Gran Premio de Miami<\/strong><\/h2>\n<\/p>\n<div class=\"custom-text \" readability=\"36\">\n<p><strong>Luego de la gira por Asia, la sexta fecha de la F1<\/strong> tendr\u00e1 lugar este fin de semana en Norteam\u00e9rica, m\u00e1s precisamente<strong> en Miami. Con Max m\u00e1s relajado, claro&#8230;<\/strong><\/p>\n<\/div>\n<div class=\"custom-text \" readability=\"40\">\n<p><strong>La actividad de la M\u00e1xima en Florida, donde se realizar\u00e1 la segunda Sprint del a\u00f1o<\/strong> (carrera corta de algunos s\u00e1bados), dar\u00e1 inicio con la primera y \u00fanica pr\u00e1ctica libre a las 13.30 de este viernes. M\u00e1s tarde, a las 17.30 tendr\u00e1 lugar la qualy a la primera carrera de la jornada, que se llevar\u00e1 a cabo el s\u00e1bado a las 13. <strong>A su vez, la clasificaci\u00f3n del evento principal ser\u00e1 a las 17.<\/strong><\/p>\n<\/div>\n<div class=\"sc-e7b891c4-0 ifHnQL image-embed\"><img alt=\"Oscar Piastri (McLaren) es el l\u00edder de la tabla.\" loading=\"lazy\" width=\"720\" height=\"100\" decoding=\"async\" data-nimg=\"1\" src=\"http:\/\/cordobadirecto.com\/wp-content\/uploads\/2025\/05\/por-que-zafo-max-verstappen-en-la-formula-1-de-este-ano-y-se-supo-recien-ahora-1.jpg\"><span class=\"epigraphe\">Oscar Piastri (McLaren) es el l\u00edder de la tabla.<\/span><\/div>\n<div class=\"custom-text \" readability=\"36\">\n<p><strong>Como es habitual,<\/strong> <strong>el plato fuerte se disputar\u00e1 el domingo a las 17. <\/strong>Toda la acci\u00f3n se podr\u00e1 ver de principio a fin a trav\u00e9s de la se\u00f1al televisiva de <strong>Fox Sports, as\u00ed como por la plataforma Disney+ Premium.<\/strong><\/p>\n<\/div>\n<p><h2>La agenda del finde<\/h2>\n<\/p>\n<div class=\"custom-text \" readability=\"32\">\n<p><strong>Pr\u00e1ctica libre 1:<\/strong> viernes a las 13.30<\/p>\n<\/div>\n<div class=\"custom-text \" readability=\"32\">\n<p><strong>Qualy para la Sprint: <\/strong>viernes a las 17.30<\/p>\n<\/div>\n<div class=\"custom-text \">\n<p><strong>Sprint:<\/strong> s\u00e1bado a las 13<\/p>\n<\/div>\n<div class=\"custom-text \" readability=\"32\">\n<p><strong>Qualy para la carrera principal: <\/strong>s\u00e1bado a las 17<\/p>\n<\/div>\n<div class=\"custom-text \" readability=\"32\">\n<p><strong>Carrera:<\/strong> domingo a las 17<\/p>\n<\/div>\n<div class=\"sc-a7166897-0 eoLsBE\" readability=\"6\">\n<section readability=\"2\"><picture><img alt=\"Oficial: la F\u00f3rmula 1 se queda en M\u00e9xico hasta 2028 tras renovar contrato\" loading=\"lazy\" width=\"290\" height=\"290\" decoding=\"async\" data-nimg=\"1\" src=\"http:\/\/cordobadirecto.com\/wp-content\/uploads\/2025\/05\/por-que-zafo-max-verstappen-en-la-formula-1-de-este-ano-y-se-supo-recien-ahora-2.jpg\"><\/picture>\n<p><span>Mir\u00e1 tambi\u00e9n<\/span><\/p>\n<hr>\n<h3>Oficial: la F\u00f3rmula 1 se queda en M\u00e9xico hasta 2028 tras renovar contrato<\/h3>\n<\/p>\n<\/section>\n<\/div>\n<div class=\"sc-a7166897-0 eoLsBE\" readability=\"6\">\n<section readability=\"2\"><picture><img alt=\"Por qu\u00e9 a Franco Colapinto le conviene debutar en Imola para Alpine \" loading=\"lazy\" width=\"290\" height=\"290\" decoding=\"async\" data-nimg=\"1\" src=\"http:\/\/cordobadirecto.com\/wp-content\/uploads\/2025\/05\/por-que-zafo-max-verstappen-en-la-formula-1-de-este-ano-y-se-supo-recien-ahora-3.jpg\"><\/picture>\n<p><span>Mir\u00e1 tambi\u00e9n<\/span><\/p>\n<hr>\n<h3>Por qu\u00e9 a Franco Colapinto le conviene debutar en Imola para Alpine <\/h3>\n<\/p>\n<\/section>\n<\/div>\n<div class=\"sc-a7166897-0 eoLsBE\" readability=\"6\">\n<section readability=\"2\"><picture><img alt=\"Las repercusiones en el mundo sobre el posible debut de Franco Colapinto en Imola\" loading=\"lazy\" width=\"290\" height=\"290\" decoding=\"async\" data-nimg=\"1\" src=\"http:\/\/cordobadirecto.com\/wp-content\/uploads\/2025\/05\/por-que-zafo-max-verstappen-en-la-formula-1-de-este-ano-y-se-supo-recien-ahora-4.jpg\"><\/picture>\n<p><span>Mir\u00e1 tambi\u00e9n<\/span><\/p>\n<hr>\n<h3>Las repercusiones en el mundo sobre el posible debut de Franco Colapinto en Imola<\/h3>\n<\/p>\n<\/section>\n<\/div>\n<\/div>\n","protected":false},"excerpt":{"rendered":"<p>30\/04\/2025 19:13hs. Al cierre de cada sesi\u00f3n de clasificaci\u00f3n y carrera de F\u00f3rmula 1, todos los coches y pilotos deben pasar por una serie de inspecciones postcompetencia para verificar que hayan competido de forma legal. Entre las revisiones m\u00e1s habituales se encuentran el pesaje de los pilotos y los monoplazas, el an\u00e1lisis de la flexi\u00f3n [&hellip;]<\/p>\n","protected":false},"author":1,"featured_media":165494,"comment_status":"closed","ping_status":"closed","sticky":false,"template":"","format":"standard","meta":[],"categories":[21],"tags":[],"_links":{"self":[{"href":"http:\/\/cordobadirecto.com\/index.php\/wp-json\/wp\/v2\/posts\/165493"}],"collection":[{"href":"http:\/\/cordobadirecto.com\/index.php\/wp-json\/wp\/v2\/posts"}],"about":[{"href":"http:\/\/cordobadirecto.com\/index.php\/wp-json\/wp\/v2\/types\/post"}],"author":[{"embeddable":true,"href":"http:\/\/cordobadirecto.com\/index.php\/wp-json\/wp\/v2\/users\/1"}],"replies":[{"embeddable":true,"href":"http:\/\/cordobadirecto.com\/index.php\/wp-json\/wp\/v2\/comments?post=165493"}],"version-history":[{"count":0,"href":"http:\/\/cordobadirecto.com\/index.php\/wp-json\/wp\/v2\/posts\/165493\/revisions"}],"wp:featuredmedia":[{"embeddable":true,"href":"http:\/\/cordobadirecto.com\/index.php\/wp-json\/wp\/v2\/media\/165494"}],"wp:attachment":[{"href":"http:\/\/cordobadirecto.com\/index.php\/wp-json\/wp\/v2\/media?parent=165493"}],"wp:term":[{"taxonomy":"category","embeddable":true,"href":"http:\/\/cordobadirecto.com\/index.php\/wp-json\/wp\/v2\/categories?post=165493"},{"taxonomy":"post_tag","embeddable":true,"href":"http:\/\/cordobadirecto.com\/index.php\/wp-json\/wp\/v2\/tags?post=165493"}],"curies":[{"name":"wp","href":"https:\/\/api.w.org\/{rel}","templated":true}]}}