{"id":165495,"date":"2025-04-30T18:11:05","date_gmt":"2025-04-30T18:11:05","guid":{"rendered":"https:\/\/www.ole.com.ar\/autos\/franco-colapinto-conviene-debutar-imola-alpine-formula-1_0_8DzXnmZCD3.html"},"modified":"2025-04-30T18:11:05","modified_gmt":"2025-04-30T18:11:05","slug":"por-que-a-franco-colapinto-le-conviene-debutar-en-imola-para-alpine","status":"publish","type":"post","link":"http:\/\/cordobadirecto.com\/index.php\/2025\/04\/30\/por-que-a-franco-colapinto-le-conviene-debutar-en-imola-para-alpine\/","title":{"rendered":"Por qu\u00e9 a Franco Colapinto le conviene debutar en Imola para Alpine"},"content":{"rendered":"<p><time class=\"createDate\" datetime=\"2025-04-30T15:11:05-03:00\">30\/04\/2025 15:11hs.<\/time><\/p>\n<div id=\"storyBody\">\n<div class=\"custom-text \" readability=\"38.139534883721\">\n<p>El destino de <strong><a href=\"https:\/\/www.ole.com.ar\/tema\/franco-colapinto.html\" title=\"Franco Colapinto\" alt=\"Franco Colapinto\" class=\"slug\">Franco Colapinto<\/a><\/strong>, por varias razones, parece que le escribi\u00f3 una cruz en el calendario e<strong>l 18 de mayo para debutar en Alpine por la s\u00e9ptima fecha de la F\u00f3rmula 1 en Imola<\/strong>, o sea, dentro de dos jornadas, ya que este finde se corre el GP de Miami y luego hay descanso. Todos los caminos conducen al aut\u00f3dromo Dino y Enzo Ferrari.<\/p>\n<\/div>\n<div class=\"custom-text \" readability=\"34.86553030303\">\n<p>A saber: este martes, a Horacio Mar\u00edn, presidente de YPF, sponsor del argentino, <a href=\"https:\/\/www.ole.com.ar\/autos\/franco-colapinto-debu-imola-formula-1-sponsor-escapo_0_GWtE25Sfrc.html\" target=\"_self\" title=\"se le escap\u00f3 &quot;Imola&quot; cuando pensaba que estaba fuera de aire en una entrevista\" alt=\"se le escap\u00f3 &quot;Imola&quot; cuando pensaba que estaba fuera de aire en una entrevista\" rel=\"noopener\">se le escap\u00f3 &#8220;Imola&#8221; cuando pensaba que estaba fuera de aire en una entrevista<\/a> en la que le hab\u00edan preguntado por el debut de Fran y, en c\u00e1mara, dijo que no sab\u00eda; se dijo antes que la madre del piloto hab\u00eda dicho tambi\u00e9n lo mismo; <strong>el contrato de Jack Doohan con la escuder\u00eda para ser piloto titular terminar\u00eda justamente en Miami<\/strong>; este diario se enter\u00f3 de algunas personas allegadas a Colapinto que ya sacaron los pasajes para Italia&#8230;<\/p>\n<\/div>\n<div class=\"sc-e7b891c4-0 ifHnQL image-embed\"><img alt=\"El primer triunfo de Colapinto: el Sprint de Imola en la F\u00f3rmula 3 del 2022.\" loading=\"lazy\" width=\"720\" height=\"100\" decoding=\"async\" data-nimg=\"1\" src=\"http:\/\/cordobadirecto.com\/wp-content\/uploads\/2025\/05\/por-que-a-franco-colapinto-le-conviene-debutar-en-imola-para-alpine.jpg\"><span class=\"epigraphe\">El primer triunfo de Colapinto: el Sprint de Imola en la F\u00f3rmula 3 del 2022.<\/span><\/div>\n<div class=\"custom-text \" readability=\"35.247386759582\">\n<p>Falta lo m\u00e1s importante: que <strong><a href=\"https:\/\/www.ole.com.ar\/tema\/alpine.html\" title=\"Alpine\" alt=\"Alpine\" class=\"slug\">Alpine <\/a><\/strong>le de tinte de oficial con una confirmaci\u00f3n que se espera para la semana que viene o la otra, ya unos d\u00edas antes del denominado GP de Emilia-Roma\u00f1a. Descontando que as\u00ed suceda, <strong>Ol\u00e9<\/strong> analiza por qu\u00e9 es el mejor lugar para que el argentino debute.<\/p>\n<\/div>\n<p><h2>Por qu\u00e9 a Franco Colapinto le conviene debutar en Imola para Alpine<\/h2>\n<\/p>\n<div class=\"custom-text \" readability=\"40\">\n<p>Fran comenz\u00f3 a estar en el marco de la M\u00e1xima en el 2022, cuando debut\u00f3 en la F\u00f3rmula 3, una de las teloneras de la categor\u00eda mayor. Tras su primera carrera, en Bahrein (25\u00b0 y 5\u00b0 puestos, se corren en todas las fechas la Sprint y la carrera del domingo),<strong> en la segunda le toc\u00f3 Imola y ya consigui\u00f3 el primer puesto en la prueba del s\u00e1bado<\/strong>; al otro d\u00eda termin\u00f3 22\u00b0.<\/p>\n<\/div>\n<div class=\"sc-e7b891c4-0 ifHnQL image-embed\"><img alt=\"Franco Colapinto espera la confirmaci\u00f3n de que correr\u00e1 para Alpine.\" loading=\"lazy\" width=\"720\" height=\"100\" decoding=\"async\" data-nimg=\"1\" src=\"http:\/\/cordobadirecto.com\/wp-content\/uploads\/2025\/05\/por-que-a-franco-colapinto-le-conviene-debutar-en-imola-para-alpine-1.jpg\"><span class=\"epigraphe\">Franco Colapinto espera la confirmaci\u00f3n de que correr\u00e1 para Alpine.<\/span><\/div>\n<div class=\"custom-text \" readability=\"43\">\n<p>En la F3 obtuvo otros dos podios en Sprint, con el segundo puesto en Budapest y otro primero en Italia, pero en Monza; lo mejor del domingo fue el tercer lugar en Zandvoort, Pa\u00edses Bajos. Ya en el 2023, sin Imola en el calendario, <strong>Colapinto gan\u00f3 los Sprint de Silverstone y otra vez Monza<\/strong>, siendo segundo en Bahrein y en Barcelona, un domingo, mismo d\u00eda que el tercero de Budapest.<\/p>\n<\/div>\n<div class=\"custom-text \" readability=\"40\">\n<p>En ese a\u00f1o, la \u00faltima fecha, <strong>ya debut\u00f3 en la F\u00f3rmula 2, donde consigui\u00f3 ganar una sola carrera&#8230; en Imola, s\u00ed.<\/strong> Fue la Sprint con una maniobra inolvidable en el angosto trazado para pasar en la \u00faltima vuelta al estonio <strong>Paul Aron, actual reserva de Alpine como el argentino<\/strong>. \u00bfCu\u00e1ndo? Un 18 de mayo&#8230; <\/p>\n<\/div>\n<div class=\"sc-e7b891c4-0 ifHnQL image-embed\"><img alt=\"El Alpine al que se subir\u00e1 Colapinto.\" loading=\"lazy\" width=\"720\" height=\"100\" decoding=\"async\" data-nimg=\"1\" src=\"http:\/\/cordobadirecto.com\/wp-content\/uploads\/2025\/05\/por-que-a-franco-colapinto-le-conviene-debutar-en-imola-para-alpine-2.jpg\"><span class=\"epigraphe\">El Alpine al que se subir\u00e1 Colapinto.<\/span><\/div>\n<div class=\"custom-text \" readability=\"43\">\n<p>Despu\u00e9s de esa carrera, Colapinto le dec\u00eda a este periodista en una entrevista: &#8220;Dimos un buen paso para adelante, y obviamente haber ganado en Imola creo que fue un poco el resumen. Fue un fin de semana muy especial, justo la semana despu\u00e9s de que se muri\u00f3 el Flaco Traverso; el haber ganado con su nombre en mi auto fue algo muy lindo. Adem\u00e1s recib\u00ed la remera de Leo (Messi) el mismo d\u00eda, es como que se juntaron muchas emociones&#8221;. Esa temporada, adem\u00e1s, fue segundo en Barcelona. <strong>Finalmente, debut\u00f3 en la F\u00f3rmula 1 con Williams, logrando el octavo puesto en Bak\u00fa y el 10\u00b0 en Austin como mejores resultados. <\/strong><\/p>\n<\/div>\n<p><h2>La actividad de Colapinto para el GP de Miami<\/h2>\n<\/p>\n<div class=\"custom-text \" readability=\"26.651006711409\">\n<p>Mientras espera la confirmaci\u00f3n y otro 18 de mayo que puede quedar en la historia, Fran se qued\u00f3 en Enstone, una de las sedes de Alpine, para seguir sumando kil\u00f3metros virtuales en el simulador del equipo, <a href=\"https:\/\/www.ole.com.ar\/autos\/alpine-da-pista-franco-colapinto-redes-argentino-presento-circuito-miami-simulador_0_4CIFFal4ng.html\" target=\"_self\" title=\"ddesde donde mostr\u00f3 en las redes sociales de la escuder\u00eda c\u00f3mo es el circuito de Miami.\" alt=\"esde donde mostr\u00f3 en las redes sociales de la escuder\u00eda c\u00f3mo es el circuito de Miami.\" rel=\"noopener\">desde donde mostr\u00f3 en las redes sociales de la escuder\u00eda c\u00f3mo es el circuito de Miami.<\/a><\/p>\n<\/div>\n<div class=\"custom-text \" readability=\"33\">\n<p>Ya el de Imola no lo mostrar\u00e1, sino lo disfrutar\u00e1. Si es uno de sus favoritos&#8230;<\/p>\n<\/div>\n<div class=\"sc-a7166897-0 eoLsBE\" readability=\"6\">\n<section readability=\"2\"><picture><img alt=\"Las repercusiones en el mundo sobre el posible debut de Franco Colapinto en Imola\" loading=\"lazy\" width=\"290\" height=\"290\" decoding=\"async\" data-nimg=\"1\" src=\"http:\/\/cordobadirecto.com\/wp-content\/uploads\/2025\/05\/por-que-a-franco-colapinto-le-conviene-debutar-en-imola-para-alpine-3.jpg\"><\/picture>\n<p><span>Mir\u00e1 tambi\u00e9n<\/span><\/p>\n<hr>\n<h3>Las repercusiones en el mundo sobre el posible debut de Franco Colapinto en Imola<\/h3>\n<\/p>\n<\/section>\n<\/div>\n<div class=\"sc-a7166897-0 eoLsBE\" readability=\"6.5\">\n<section readability=\"3\"><picture><img alt=\"Alpine le da pista a Franco Colapinto en redes: el argentino present\u00f3 el circuito de Miami en el simulador\" loading=\"lazy\" width=\"290\" height=\"290\" decoding=\"async\" data-nimg=\"1\" src=\"http:\/\/cordobadirecto.com\/wp-content\/uploads\/2025\/05\/por-que-a-franco-colapinto-le-conviene-debutar-en-imola-para-alpine-4.jpg\"><\/picture>\n<p><span>Mir\u00e1 tambi\u00e9n<\/span><\/p>\n<hr>\n<h3>Alpine le da pista a Franco Colapinto en redes: el argentino present\u00f3 el circuito de Miami en el simulador<\/h3>\n<\/p>\n<\/section>\n<\/div>\n<div class=\"sc-a7166897-0 eoLsBE\" readability=\"6.5\">\n<section readability=\"3\"><picture><img alt=\"Franco Colapinto debutar\u00e1 en Imola, seg\u00fan se le escap\u00f3 a un sponsor importante\" loading=\"lazy\" width=\"290\" height=\"290\" decoding=\"async\" data-nimg=\"1\" src=\"http:\/\/cordobadirecto.com\/wp-content\/uploads\/2025\/05\/por-que-a-franco-colapinto-le-conviene-debutar-en-imola-para-alpine-5.jpg\"><\/picture>\n<p><span>Mir\u00e1 tambi\u00e9n<\/span><\/p>\n<hr>\n<h3>Franco Colapinto debutar\u00e1 en Imola, seg\u00fan se le escap\u00f3 a un sponsor importante<\/h3>\n<\/p>\n<\/section>\n<\/div>\n<\/div>\n","protected":false},"excerpt":{"rendered":"<p>30\/04\/2025 15:11hs. El destino de Franco Colapinto, por varias razones, parece que le escribi\u00f3 una cruz en el calendario el 18 de mayo para debutar en Alpine por la s\u00e9ptima fecha de la F\u00f3rmula 1 en Imola, o sea, dentro de dos jornadas, ya que este finde se corre el GP de Miami y luego [&hellip;]<\/p>\n","protected":false},"author":1,"featured_media":165496,"comment_status":"closed","ping_status":"closed","sticky":false,"template":"","format":"standard","meta":[],"categories":[21],"tags":[],"_links":{"self":[{"href":"http:\/\/cordobadirecto.com\/index.php\/wp-json\/wp\/v2\/posts\/165495"}],"collection":[{"href":"http:\/\/cordobadirecto.com\/index.php\/wp-json\/wp\/v2\/posts"}],"about":[{"href":"http:\/\/cordobadirecto.com\/index.php\/wp-json\/wp\/v2\/types\/post"}],"author":[{"embeddable":true,"href":"http:\/\/cordobadirecto.com\/index.php\/wp-json\/wp\/v2\/users\/1"}],"replies":[{"embeddable":true,"href":"http:\/\/cordobadirecto.com\/index.php\/wp-json\/wp\/v2\/comments?post=165495"}],"version-history":[{"count":0,"href":"http:\/\/cordobadirecto.com\/index.php\/wp-json\/wp\/v2\/posts\/165495\/revisions"}],"wp:featuredmedia":[{"embeddable":true,"href":"http:\/\/cordobadirecto.com\/index.php\/wp-json\/wp\/v2\/media\/165496"}],"wp:attachment":[{"href":"http:\/\/cordobadirecto.com\/index.php\/wp-json\/wp\/v2\/media?parent=165495"}],"wp:term":[{"taxonomy":"category","embeddable":true,"href":"http:\/\/cordobadirecto.com\/index.php\/wp-json\/wp\/v2\/categories?post=165495"},{"taxonomy":"post_tag","embeddable":true,"href":"http:\/\/cordobadirecto.com\/index.php\/wp-json\/wp\/v2\/tags?post=165495"}],"curies":[{"name":"wp","href":"https:\/\/api.w.org\/{rel}","templated":true}]}}