{"id":165499,"date":"2025-04-30T18:14:22","date_gmt":"2025-04-30T18:14:22","guid":{"rendered":"https:\/\/es.digitaltrends.com\/?p=1068651"},"modified":"2025-04-30T18:14:22","modified_gmt":"2025-04-30T18:14:22","slug":"mark-zuckerberg-aborda-la-titanica-tarea-de-reemplazar-a-tus-amigos-terapeutas-y-relaciones-amorosas-por-ia","status":"publish","type":"post","link":"http:\/\/cordobadirecto.com\/index.php\/2025\/04\/30\/mark-zuckerberg-aborda-la-titanica-tarea-de-reemplazar-a-tus-amigos-terapeutas-y-relaciones-amorosas-por-ia\/","title":{"rendered":"Mark Zuckerberg aborda la tit\u00e1nica tarea de reemplazar a tus amigos, terapeutas y relaciones amorosas por IA"},"content":{"rendered":"<div><img src=\"http:\/\/cordobadirecto.com\/wp-content\/uploads\/2025\/05\/mark-zuckerberg-aborda-la-titanica-tarea-de-reemplazar-a-tus-amigos-terapeutas-y-relaciones-amorosas-por-ia.jpg\" class=\"ff-og-image-inserted\"><\/div>\n<p><a href=\"https:\/\/es.digitaltrends.com\/tendencias\/libros-recomendados-mark-zuckerberg\/\" rel>Mark Zuckerberg<\/a> siempre parece estar en su mejor momento, pero desde el vuelco que Meta ha dado a la realidad virtual y la IA, el fundador de Facebook parece sentirse a\u00fan m\u00e1s pleno.<\/p>\n<p>Eso es al menos lo que se deja ver en la entrevista que sostuvo con el podcaster <a href=\"https:\/\/substack.com\/@dwarkesh\">Dwarkesh Patel<\/a>, donde se refiere a como la IA va a cambiar el tejido social.<\/p>\n<p>En la conversaci\u00f3n de m\u00e1s de una hora, Zuckerberg adem\u00e1s de aportar su visi\u00f3n y dar respuestas a sus proyectos de IA, la competencia y su papel como CEO en la segunda era de <a href=\"https:\/\/es.digitaltrends.com\/tendencias\/de-que-hablaron-mark-zuckerberg-donald-trump\/\" rel>Donald Trump<\/a>, abre su mente en explicar c\u00f3mo la IA podr\u00e1 tener un impacto en la vida social de las personas, y tambi\u00e9n en la amorosa.<\/p>\n<p>Patel en un momento le pregunta: <strong>La gente va a tener relaciones con la IA. \u00bfC\u00f3mo nos aseguramos de que estas sean relaciones saludables?<\/strong><\/p>\n<p>Ac\u00e1 te dejamos un extracto de la respuesta de <strong>Mark Zuckerberg<\/strong>.<\/p>\n<h2 class=\"wp-block-heading\">Esto opina Mark Zuckerberg de la IA como futuro amigo, terapeuta y novia o novio<\/h2>\n<ul class=\"wp-block-list\">\n<li>Hay muchas preguntas que solo puedes responder realmente a medida que comienzas a ver los comportamientos. Probablemente lo m\u00e1s importante por adelantado es hacer esa pregunta y preocuparse por ella en cada paso del camino. Pero tambi\u00e9n creo que ser demasiado prescriptivo por adelantado y decir: \u00ab<strong>Creemos que estas cosas no son buenas\u00bb a menudo reduce el valor<\/strong>.<\/li>\n<li>La gente usa cosas que son valiosas para ellos. Uno de mis principios rectores fundamentales a la hora de dise\u00f1ar productos es que <strong>las personas son inteligentes. Saben lo que es valioso en sus vidas<\/strong>. De vez en cuando, algo malo sucede en un producto y debes asegurarte de dise\u00f1ar bien tu producto para minimizarlo.<\/li>\n<li>Creo que la gente va a utilizar la IA para muchas de estas tareas sociales. Una de las principales cosas para las que vemos que <strong>las personas usan Meta AI es para hablar sobre las conversaciones dif\u00edciles que necesitan tener con las personas en sus vidas.<\/strong> \u00abEstoy teniendo este problema con mi novia. Ay\u00fadame a tener esta conversaci\u00f3n\u00bb. O: \u00abNecesito tener una conversaci\u00f3n dif\u00edcil con mi jefe en el trabajo. \u00bfC\u00f3mo tengo esa conversaci\u00f3n?\u00bb Eso es bastante \u00fatil. A medida que el ciclo de personalizaci\u00f3n se active y la IA comience a conocerte cada vez mejor, eso ser\u00e1 realmente convincente.<\/li>\n<li>Aqu\u00ed hay una estad\u00edstica que me ha dado el trabajar en las redes sociales durante mucho tiempo, que siempre pienso que es una locura. El estadounidense promedio tiene menos de tres amigos, menos de tres personas a las que considerar\u00edan amigos. Y la persona promedio tiene demanda de mucho m\u00e1s. Creo que es algo as\u00ed como 15 amigos o algo as\u00ed. En alg\u00fan momento dices: <strong>\u00abEst\u00e1 bien, estoy demasiado ocupado, no puedo lidiar con m\u00e1s gente\u00bb.<\/strong><\/li>\n<li>Pero la persona promedio quiere m\u00e1s conexi\u00f3n de la que tiene. Hay mucha preocupaci\u00f3n que la gente plantea, como: \u00ab\u00bfEsto va a reemplazar las conexiones f\u00edsicas, en persona en el mundo real?\u00bb Y la respuesta a eso probablemente es que no. Hay todas estas cosas que son mejores en las conexiones f\u00edsicas, cuando puedes tenerlas. <strong>Pero la realidad es que la gente no tiene tanta conexi\u00f3n como quisiera<\/strong>. La mayor parte del tiempo se sienten m\u00e1s solos de lo que les gustar\u00eda.<\/li>\n<li>As\u00ed que creo que muchas de estas cosas, cosas que hoy en d\u00eda podr\u00edan tener un poco de estigma a su alrededor, con el tiempo, encontraremos el vocabulario como sociedad para articular por qu\u00e9 son valiosas, por qu\u00e9 las personas que las est\u00e1n haciendo son racionales para hacerlo y c\u00f3mo realmente est\u00e1n agregando valor a sus vidas. Hay un pu\u00f1ado de empresas que hacen terapeutas virtuales, cosas del tipo novia virtual. Pero es muy pronto. La encarnaci\u00f3n en esas cosas es todav\u00eda bastante d\u00e9bil. Lo abres y es solo una imagen del terapeuta o de la persona con la que est\u00e1s hablando. A veces hay una animaci\u00f3n muy tosca, pero no es una encarnaci\u00f3n.<\/li>\n<li>Has visto las cosas en las que estamos trabajando en Reality Labs, donde tienes los&nbsp;avatares del c\u00f3dec&nbsp;y realmente se siente como una persona real. Ah\u00ed es donde queremos ir. Podr\u00e1s tener un chat de video siempre activo con la IA. Los gestos tambi\u00e9n son importantes. M\u00e1s de la mitad de la comunicaci\u00f3n, cuando realmente est\u00e1s teniendo una conversaci\u00f3n, no son las palabras que dices. Es todo lo no verbal.<\/li>\n<li>Lo principal que veo aqu\u00ed es esto. Es un poco loco que, por lo importante que es el mundo digital en todas nuestras vidas, la \u00fanica forma en que accedamos a \u00e9l sea a trav\u00e9s de estas pantallas f\u00edsicas y digitales. Tienes tu tel\u00e9fono, tu computadora. Puedes poner un televisor grande en la pared. Es una cosa f\u00edsica enorme. (esto sobre el <a href=\"https:\/\/es.digitaltrends.com\/noticias\/meta-muestra-las-gafas-inteligentes-aria-gen-2-con-seguimiento-de-la-frecuencia-cardiaca\/\" rel>uso de gafas inteligentes<\/a>)<\/li>\n<li>Parece que estamos en el punto con la tecnolog\u00eda en el que el mundo f\u00edsico y el digital deber\u00edan estar completamente combinados. Eso es lo que te permiten hacer las superposiciones hologr\u00e1ficas. Pero estoy de acuerdo. Creo que una gran parte de los principios de dise\u00f1o en torno a eso girar\u00e1n en torno a c\u00f3mo interactuar\u00e1s con la gente. Podr\u00e1s incorporar artefactos digitales a esas interacciones y hacer cosas geniales sin problemas.<\/li>\n<li>Si quiero mostrarles algo, aqu\u00ed hay una pantalla. Podemos interactuar con ella. Puede ser en 3D. Podemos jugar con ella. \u00bfQuieres jugar a un juego de cartas? Muy bien, aqu\u00ed hay una baraja de cartas. Podemos jugar con ella. Si dos de nosotros estamos f\u00edsicamente juntos y tenemos un tercer amigo que est\u00e1 haciendo un holograma, ellos tambi\u00e9n pueden participar.<\/li>\n<li>Pero tambi\u00e9n en ese mundo, al igual que no quieres que tu espacio f\u00edsico est\u00e9 desordenado porque te desgasta psicol\u00f3gicamente, tampoco creo que la gente quiera que su espacio f\u00edsico-digital se sienta de esa manera. Es m\u00e1s bien una norma est\u00e9tica que habr\u00e1 que resolver, pero creo que lo resolveremos.<\/li>\n<\/ul>\n<p> <span id=\"publisher-md\" itemprop=\"publisher\" itemscope itemtype=\"https:\/\/schema.org\/Organization\"> <span itemprop=\"url\" itemtype=\"https:\/\/schema.org\/Url\" content=\"https:\/\/es.digitaltrends.com\"> <span itemprop=\"logo\" itemscope itemtype=\"https:\/\/schema.org\/ImageObject\"> <meta itemprop=\"url\" content=\"https:\/\/cdn.dtcn.com\/dt\/dt-logo-small.png\"> <meta itemprop=\"width\" content=\"0\"> <meta itemprop=\"height\" content=\"0\"> <\/span> <meta itemprop=\"name\" content=\"Digital Trends Espa\u00f1ol\"> <\/span> <span itemprop=\"image\" itemscope itemtype=\"https:\/\/schema.org\/ImageObject\"> <meta itemprop=\"url\" content=\"https:\/\/es.digitaltrends.com\/wp-content\/uploads\/2025\/04\/Mark-Zuckerberg.jpeg?p=1\"> <\/span> <\/span> <\/p>\n","protected":false},"excerpt":{"rendered":"<p>Mark Zuckerberg siempre parece estar en su mejor momento, pero desde el vuelco que Meta ha dado a la realidad virtual y la IA, el fundador de Facebook parece sentirse a\u00fan m\u00e1s pleno. Eso es al menos lo que se deja ver en la entrevista que sostuvo con el podcaster Dwarkesh Patel, donde se refiere [&hellip;]<\/p>\n","protected":false},"author":1,"featured_media":165500,"comment_status":"closed","ping_status":"closed","sticky":false,"template":"","format":"standard","meta":[],"categories":[26],"tags":[],"_links":{"self":[{"href":"http:\/\/cordobadirecto.com\/index.php\/wp-json\/wp\/v2\/posts\/165499"}],"collection":[{"href":"http:\/\/cordobadirecto.com\/index.php\/wp-json\/wp\/v2\/posts"}],"about":[{"href":"http:\/\/cordobadirecto.com\/index.php\/wp-json\/wp\/v2\/types\/post"}],"author":[{"embeddable":true,"href":"http:\/\/cordobadirecto.com\/index.php\/wp-json\/wp\/v2\/users\/1"}],"replies":[{"embeddable":true,"href":"http:\/\/cordobadirecto.com\/index.php\/wp-json\/wp\/v2\/comments?post=165499"}],"version-history":[{"count":0,"href":"http:\/\/cordobadirecto.com\/index.php\/wp-json\/wp\/v2\/posts\/165499\/revisions"}],"wp:featuredmedia":[{"embeddable":true,"href":"http:\/\/cordobadirecto.com\/index.php\/wp-json\/wp\/v2\/media\/165500"}],"wp:attachment":[{"href":"http:\/\/cordobadirecto.com\/index.php\/wp-json\/wp\/v2\/media?parent=165499"}],"wp:term":[{"taxonomy":"category","embeddable":true,"href":"http:\/\/cordobadirecto.com\/index.php\/wp-json\/wp\/v2\/categories?post=165499"},{"taxonomy":"post_tag","embeddable":true,"href":"http:\/\/cordobadirecto.com\/index.php\/wp-json\/wp\/v2\/tags?post=165499"}],"curies":[{"name":"wp","href":"https:\/\/api.w.org\/{rel}","templated":true}]}}