{"id":165506,"date":"2025-04-28T13:59:02","date_gmt":"2025-04-28T13:59:02","guid":{"rendered":"https:\/\/cordoba.gob.ar\/?p=77319"},"modified":"2025-04-28T13:59:02","modified_gmt":"2025-04-28T13:59:02","slug":"mas-de-230-personas-participaron-del-ciclo-de-conversatorios-de-acento-global","status":"publish","type":"post","link":"http:\/\/cordobadirecto.com\/index.php\/2025\/04\/28\/mas-de-230-personas-participaron-del-ciclo-de-conversatorios-de-acento-global\/","title":{"rendered":"M\u00e1s de 230 personas participaron del ciclo de conversatorios de Acento Global"},"content":{"rendered":"<div><img src=\"http:\/\/cordobadirecto.com\/wp-content\/uploads\/2025\/05\/mas-de-230-personas-participaron-del-ciclo-de-conversatorios-de-acento-global.png\" class=\"ff-og-image-inserted\"><\/div>\n<ul>\n<li><strong>Los encuentros se realizaron durante abril, en el marco del mes de la Innovaci\u00f3n y la Creatividad.<\/strong><\/li>\n<li><strong>Los encuentros invitaron a explorar sobre sostenibilidad, cooperaci\u00f3n en organizaciones sociales y arte en la era digital.<\/strong><\/li>\n<\/ul>\n<hr>\n<p>M\u00e1s de 230 asistentes presenciales y virtuales participaron del ciclo de conversatorios de Acento Global, el programa que re\u00fane a la red de cordobeses por el mundo del ente C\u00f3rdoba Acelera.<\/p>\n<p>Bajo el t\u00edtulo \u201cC\u00f3rdoba Circular: la sostenibilidad e impacto con tecnolog\u00edas basadas en la naturaleza\u201d, especialistas en la tem\u00e1tica del sector p\u00fablico y privado compartieron experiencias sobre soluciones sostenibles y su aplicaci\u00f3n.<\/p>\n<p>\u201cHa sido un espacio muy provechoso, porque la sustentabilidad no es una moda sino un compromiso que debemos asumir y profundizar entre todos\u201d, sostuvo Agust\u00edn Heredia Bari\u00f3n, jefe de Asuntos P\u00fablicos y Responsabilidad Social Corporativa de la Fundaci\u00f3n Holcim.<\/p>\n<p>Integrantes de ONGs participaron de un taller de cooperaci\u00f3n estrat\u00e9gica en el tercer sector, a cargo de Sara Pizzolato, miembro de Acento Global y directora Adjunta de la Oficina de Recursos Econ\u00f3micos en Jesuitas Espa\u00f1a.<\/p>\n<p>Con una din\u00e1mica que combin\u00f3 teor\u00eda y pr\u00e1ctica, se busc\u00f3 compartir herramientas t\u00e9cnicas para fortalecer la capacidad de acci\u00f3n de cada organizaci\u00f3n desde su realidad.<\/p>\n<p>Por \u00faltimo, la Universidad Provincial de C\u00f3rdoba fue sede del conversatorio \u201cEl arte en la era digital: c\u00f3mo la inteligencia artificial est\u00e1 redefiniendo las industrias creativas\u201d, con la presencia de expertos en IA, producci\u00f3n audiovisual, dise\u00f1o, publicidad y m\u00fasica.<\/p>\n<p>\u201cNo dejemos que la IA escriba la historia sin nosotros. Usemos sus datos y velocidad, pero pong\u00e1mosle idea, intuici\u00f3n y emoci\u00f3n, porque al final del d\u00eda, nadie recuerda el algoritmo, recuerda la historia\u201d, dijo Franco Berardo, socio-director de Hello Brand.<\/p>\n<p>El ciclo de conversatorios invit\u00f3 a reflexionar sobre la innovaci\u00f3n y la creatividad, como capacidades clave para el desarrollo humano, el avance tecnol\u00f3gico e impulsar nuevos proyectos.<\/p>\n<p><strong>Sobre Acento Global<\/strong><\/p>\n<p>Acento Global es un programa de C\u00f3rdoba Acelera y la Municipalidad de C\u00f3rdoba que conecta a actores locales, empresas, profesionales y emprendedores destacados.<\/p>\n<p>En la actualidad, la red cuenta con m\u00e1s de 230 representantes en 110 ciudades de 39 pa\u00edses, que colaboran desde su lugar de residencia para impulsar la proyecci\u00f3n internacional de la ciudad de C\u00f3rdoba.<\/p>\n<p>A trav\u00e9s de conversatorios, charlas y talleres, Acento Global promueve la colaboraci\u00f3n activa entre sus miembros. Adem\u00e1s, busca generar sinergias, compartir conocimientos y fomentar el intercambio de ideas innovadoras y buenas pr\u00e1cticas.<\/p>\n<p>Enterate de todas las actividades de Acento Global <a href=\"https:\/\/ar.linkedin.com\/showcase\/acentoglobal\/\">aqu\u00ed<\/a>.<\/p>\n","protected":false},"excerpt":{"rendered":"<p>Los encuentros se realizaron durante abril, en el marco del mes de la Innovaci\u00f3n y la Creatividad. Los encuentros invitaron a explorar sobre sostenibilidad, cooperaci\u00f3n en organizaciones sociales y arte en la era digital. M\u00e1s de 230 asistentes presenciales y virtuales participaron del ciclo de conversatorios de Acento Global, el programa que re\u00fane a la [&hellip;]<\/p>\n","protected":false},"author":1,"featured_media":165507,"comment_status":"closed","ping_status":"closed","sticky":false,"template":"","format":"standard","meta":[],"categories":[44],"tags":[],"_links":{"self":[{"href":"http:\/\/cordobadirecto.com\/index.php\/wp-json\/wp\/v2\/posts\/165506"}],"collection":[{"href":"http:\/\/cordobadirecto.com\/index.php\/wp-json\/wp\/v2\/posts"}],"about":[{"href":"http:\/\/cordobadirecto.com\/index.php\/wp-json\/wp\/v2\/types\/post"}],"author":[{"embeddable":true,"href":"http:\/\/cordobadirecto.com\/index.php\/wp-json\/wp\/v2\/users\/1"}],"replies":[{"embeddable":true,"href":"http:\/\/cordobadirecto.com\/index.php\/wp-json\/wp\/v2\/comments?post=165506"}],"version-history":[{"count":0,"href":"http:\/\/cordobadirecto.com\/index.php\/wp-json\/wp\/v2\/posts\/165506\/revisions"}],"wp:featuredmedia":[{"embeddable":true,"href":"http:\/\/cordobadirecto.com\/index.php\/wp-json\/wp\/v2\/media\/165507"}],"wp:attachment":[{"href":"http:\/\/cordobadirecto.com\/index.php\/wp-json\/wp\/v2\/media?parent=165506"}],"wp:term":[{"taxonomy":"category","embeddable":true,"href":"http:\/\/cordobadirecto.com\/index.php\/wp-json\/wp\/v2\/categories?post=165506"},{"taxonomy":"post_tag","embeddable":true,"href":"http:\/\/cordobadirecto.com\/index.php\/wp-json\/wp\/v2\/tags?post=165506"}],"curies":[{"name":"wp","href":"https:\/\/api.w.org\/{rel}","templated":true}]}}