{"id":16582,"date":"2021-09-01T19:49:16","date_gmt":"2021-09-01T19:49:16","guid":{"rendered":"https:\/\/cordoba.gob.ar\/?p=12880"},"modified":"2021-09-01T19:49:16","modified_gmt":"2021-09-01T19:49:16","slug":"en-el-mes-de-la-educacion-la-municipalidad-comparte-herramientas-y-capacitaciones-para-docentes-y-alumnos","status":"publish","type":"post","link":"http:\/\/cordobadirecto.com\/index.php\/2021\/09\/01\/en-el-mes-de-la-educacion-la-municipalidad-comparte-herramientas-y-capacitaciones-para-docentes-y-alumnos\/","title":{"rendered":"En el Mes de la Educaci\u00f3n, la Municipalidad comparte herramientas y capacitaciones para docentes y alumnos"},"content":{"rendered":"<div><img src=\"http:\/\/cordobadirecto.com\/wp-content\/uploads\/2021\/09\/en-el-mes-de-la-educacion-la-municipalidad-comparte-herramientas-y-capacitaciones-para-docentes-y-alumnos.png\" class=\"ff-og-image-inserted\"><\/div>\n<ul>\n<li><strong>Se podr\u00e1 acceder a trav\u00e9s de la plataforma web de la <a href=\"https:\/\/educacion.cordoba.gob.ar\/seguimos-aprendiendo-en-casa\/mes-de-la-educacion\/\">Secretar\u00eda de Educaci\u00f3n<\/a>.<\/strong><\/li>\n<li><strong>Durante septiembre estar\u00e1n disponibles audiovisuales, podcast, lecturas y otros recursos.<\/strong><\/li>\n<\/ul>\n<p>La Municipalidad de C\u00f3rdoba da inicio al Mes de la Educaci\u00f3n con el lanzamiento de webinarios para especialistas, lecturas y audiovisuales para docentes, estudiantes y familias cordobesas.<\/p>\n<p>Bajo la secci\u00f3n \u201cSeguimos con vos aprendiendo en casa\u201d de la p\u00e1gina web de dicha Secretar\u00eda Municipal, y luego ingresando a \u201c<a href=\"https:\/\/educacion.cordoba.gob.ar\/seguimos-aprendiendo-en-casa\/mes-de-la-educacion\/\">Mes de la Educaci\u00f3n\u201d<\/a>, se podr\u00e1n encontrar videos de docentes que hicieron historia, secciones sugeridas por la Direcci\u00f3n de Turismo y la Direcci\u00f3n de Elencos Estables, audiovisuales de la Biblioteca Rosario Pe\u00f1aloza y lecturas.<\/p>\n<p>Adem\u00e1s, habr\u00e1 testimonios de docentes de jardines y escuelas Municipales, abriendo un espacio para que las instituciones puedan contar su historia y experiencias.<\/p>\n<p>A su vez, contar\u00e1 con al secci\u00f3n \u201cEdupodcast\u201d, con entrevistas a funcionarios, supervisoras, docentes, estudiantes y familias.<\/p>\n<p>\u201cDesde el Municipio proponemos y acompa\u00f1amos la tarea de nuestra instituci\u00f3n centralizada, en las ni\u00f1as, ni\u00f1os y j\u00f3venes que son nuestro presente y horizonte de trabajo\u201d, expres\u00f3 el secretario de Educaci\u00f3n, Horacio Ferreyra.<\/p>\n<p>Durante septiembre se celebrar\u00e1 el Mes de la Educaci\u00f3n con el fin de promocionar, revalorizar, reconocer y potenciar el quehacer docente y de los estudiantes cordobeses.<\/p>\n","protected":false},"excerpt":{"rendered":"<p>Se podr\u00e1 acceder a trav\u00e9s de la plataforma web de la Secretar\u00eda de Educaci\u00f3n. Durante septiembre estar\u00e1n disponibles audiovisuales, podcast, lecturas y otros recursos. La Municipalidad de C\u00f3rdoba da inicio al Mes de la Educaci\u00f3n con el lanzamiento de webinarios para especialistas, lecturas y audiovisuales para docentes, estudiantes y familias cordobesas. Bajo la secci\u00f3n \u201cSeguimos [&hellip;]<\/p>\n","protected":false},"author":1,"featured_media":16583,"comment_status":"closed","ping_status":"closed","sticky":false,"template":"","format":"standard","meta":[],"categories":[44],"tags":[],"_links":{"self":[{"href":"http:\/\/cordobadirecto.com\/index.php\/wp-json\/wp\/v2\/posts\/16582"}],"collection":[{"href":"http:\/\/cordobadirecto.com\/index.php\/wp-json\/wp\/v2\/posts"}],"about":[{"href":"http:\/\/cordobadirecto.com\/index.php\/wp-json\/wp\/v2\/types\/post"}],"author":[{"embeddable":true,"href":"http:\/\/cordobadirecto.com\/index.php\/wp-json\/wp\/v2\/users\/1"}],"replies":[{"embeddable":true,"href":"http:\/\/cordobadirecto.com\/index.php\/wp-json\/wp\/v2\/comments?post=16582"}],"version-history":[{"count":0,"href":"http:\/\/cordobadirecto.com\/index.php\/wp-json\/wp\/v2\/posts\/16582\/revisions"}],"wp:featuredmedia":[{"embeddable":true,"href":"http:\/\/cordobadirecto.com\/index.php\/wp-json\/wp\/v2\/media\/16583"}],"wp:attachment":[{"href":"http:\/\/cordobadirecto.com\/index.php\/wp-json\/wp\/v2\/media?parent=16582"}],"wp:term":[{"taxonomy":"category","embeddable":true,"href":"http:\/\/cordobadirecto.com\/index.php\/wp-json\/wp\/v2\/categories?post=16582"},{"taxonomy":"post_tag","embeddable":true,"href":"http:\/\/cordobadirecto.com\/index.php\/wp-json\/wp\/v2\/tags?post=16582"}],"curies":[{"name":"wp","href":"https:\/\/api.w.org\/{rel}","templated":true}]}}