{"id":16584,"date":"2021-09-01T19:19:12","date_gmt":"2021-09-01T19:19:12","guid":{"rendered":"https:\/\/www.cordoba.gob.ar\/?p=12874"},"modified":"2021-09-01T19:19:12","modified_gmt":"2021-09-01T19:19:12","slug":"reabre-del-centro-cultural-espana-cordoba-con-una-imperdible-muestra-artistica-presencial","status":"publish","type":"post","link":"http:\/\/cordobadirecto.com\/index.php\/2021\/09\/01\/reabre-del-centro-cultural-espana-cordoba-con-una-imperdible-muestra-artistica-presencial\/","title":{"rendered":"Reabre del Centro Cultural Espa\u00f1a C\u00f3rdoba con una imperdible muestra art\u00edstica presencial"},"content":{"rendered":"<div><img src=\"http:\/\/cordobadirecto.com\/wp-content\/uploads\/2021\/09\/reabre-del-centro-cultural-espana-cordoba-con-una-imperdible-muestra-artistica-presencial.jpg\" class=\"ff-og-image-inserted\"><\/div>\n<ul>\n<li><strong>Ma\u00f1ana jueves 2 de septiembre, a las 19 hs, vuelve a abrir las puertas el espacio con una exposici\u00f3n fotogr\u00e1fica de Kenny Lemes y un mural de Dino Valentini.<\/strong><\/li>\n<li><strong>Con ingreso gratuito y cupo limitado, se respetar\u00e1n los protocolos sanitarios actuales.<\/strong><\/li>\n<\/ul>\n<hr>\n<p>Luego de un a\u00f1o y medio de virtualidad, el Centro Cultural Espa\u00f1a C\u00f3rdoba (CCEC) reabre sus puertas este jueves 2 de septiembre, a las 19 horas, con la inauguraci\u00f3n de una importante propuesta cultural bajo modalidad presencial.<\/p>\n<p>Se trata de la primera muestra individual en C\u00f3rdoba del fot\u00f3grafo cubano Kenny Lemes, junto a una intervenci\u00f3n muralista en el techo del espacio realizada por el artista pl\u00e1stico Dino Valentini.<\/p>\n<p>Durante el evento de reapertura habr\u00e1 m\u00fasica en vivo de la mano de Flouu \u00c1lvarez, sumado a la performance que llevar\u00e1 a cabo el bailar\u00edn contempor\u00e1neo Pablo Sanguinetti sobre la obra de Valentini, al ritmo de una versi\u00f3n original de Zamba de Usted.<\/p>\n<p>Con entrada gratuita, ese d\u00eda no se tomar\u00e1n reservas y en caso de completarse el cupo, de tres personas m\u00e1ximo en la sala, se habilitar\u00e1 el ingreso por orden de llegada y a medida que se liberen lugares.<\/p>\n<p>El personal del CCEC se abocar\u00e1 toda la jornada a garantizar la correcta circulaci\u00f3n, que los espectadores respeten la distancia y utilicen el barbijo de manera adecuada.<\/p>\n<p>Esta propuesta art\u00edstica se podr\u00e1 visitar de lunes a viernes, de 10 a 21 hs, hasta fines de diciembre del 2021, en el espacio cultural dependiente de la Municipalidad de C\u00f3rdoba con direcci\u00f3n en la calle Entre R\u00edos 40.<\/p>\n<p>ACERCA DE LA PROPUESTA EN EL CENTRO CULTURAL ESPA\u00d1A C\u00d3RDOBA<\/p>\n<p>Titulada \u201cSingular Fosforescencia\u201d, la muestra propone una serie de 10 fotograf\u00edas recientes en gran formato donde el artista aborda desde una perspectiva cr\u00edtica, los c\u00e1nones de belleza hegem\u00f3nica y las diversas formas de vinculaci\u00f3n.<\/p>\n<p>Desde escenarios \u00edntimos y privados a entornos naturales, Lemes propone en esta reuni\u00f3n de obras, una nueva forma de habitar los cuerpos desde la potencia. Es una invitaci\u00f3n a problematizar el car\u00e1cter pol\u00edtico de la representaci\u00f3n y la imagen; y una oportunidad para explorar aquellos m\u00e1rgenes que la normatividad ignora.<\/p>\n<p>La muestra es presentada por Torceduras &amp; Bifurcaciones y curada por Elian Chali.<\/p>\n<p>Para m\u00e1s informaci\u00f3n sobre el artista y su obra en este <strong><a href=\"https:\/\/bit.ly\/3hKKWGc\">enlace.<\/a><\/strong><\/p>\n<p>Por otra parte, \u201cPerfumar la flor\u201d es un proyecto de intervenci\u00f3n mural, a partir del cual Dino Valentini recrea una pintura sobre el techo del espacio cultural y da como resultado una pieza de videoarte. Cuenta con curadur\u00eda de Sof\u00eda Culzoni.<\/p>\n<p>Aquellos interesados en conocer sobre este proyecto dirigirse al link de la web del CCEC, <strong><a href=\"https:\/\/bit.ly\/2WjoXxB\">aqu\u00ed.<\/a><\/strong><\/p>\n","protected":false},"excerpt":{"rendered":"<p>Ma\u00f1ana jueves 2 de septiembre, a las 19 hs, vuelve a abrir las puertas el espacio con una exposici\u00f3n fotogr\u00e1fica de Kenny Lemes y un mural de Dino Valentini. Con ingreso gratuito y cupo limitado, se respetar\u00e1n los protocolos sanitarios actuales. Luego de un a\u00f1o y medio de virtualidad, el Centro Cultural Espa\u00f1a C\u00f3rdoba (CCEC) [&hellip;]<\/p>\n","protected":false},"author":1,"featured_media":16585,"comment_status":"closed","ping_status":"closed","sticky":false,"template":"","format":"standard","meta":[],"categories":[44],"tags":[],"_links":{"self":[{"href":"http:\/\/cordobadirecto.com\/index.php\/wp-json\/wp\/v2\/posts\/16584"}],"collection":[{"href":"http:\/\/cordobadirecto.com\/index.php\/wp-json\/wp\/v2\/posts"}],"about":[{"href":"http:\/\/cordobadirecto.com\/index.php\/wp-json\/wp\/v2\/types\/post"}],"author":[{"embeddable":true,"href":"http:\/\/cordobadirecto.com\/index.php\/wp-json\/wp\/v2\/users\/1"}],"replies":[{"embeddable":true,"href":"http:\/\/cordobadirecto.com\/index.php\/wp-json\/wp\/v2\/comments?post=16584"}],"version-history":[{"count":0,"href":"http:\/\/cordobadirecto.com\/index.php\/wp-json\/wp\/v2\/posts\/16584\/revisions"}],"wp:featuredmedia":[{"embeddable":true,"href":"http:\/\/cordobadirecto.com\/index.php\/wp-json\/wp\/v2\/media\/16585"}],"wp:attachment":[{"href":"http:\/\/cordobadirecto.com\/index.php\/wp-json\/wp\/v2\/media?parent=16584"}],"wp:term":[{"taxonomy":"category","embeddable":true,"href":"http:\/\/cordobadirecto.com\/index.php\/wp-json\/wp\/v2\/categories?post=16584"},{"taxonomy":"post_tag","embeddable":true,"href":"http:\/\/cordobadirecto.com\/index.php\/wp-json\/wp\/v2\/tags?post=16584"}],"curies":[{"name":"wp","href":"https:\/\/api.w.org\/{rel}","templated":true}]}}