{"id":165926,"date":"2025-05-06T16:58:01","date_gmt":"2025-05-06T16:58:01","guid":{"rendered":"https:\/\/www.ole.com.ar\/autos\/franco-colapinto-iramonza-silverstone-probo-zandvoort_0_pgDS47KCGv.html"},"modified":"2025-05-06T16:58:01","modified_gmt":"2025-05-06T16:58:01","slug":"franco-colapinto-no-ira-a-monza-ni-silverstone-en-que-circuito-hace-la-prueba","status":"publish","type":"post","link":"http:\/\/cordobadirecto.com\/index.php\/2025\/05\/06\/franco-colapinto-no-ira-a-monza-ni-silverstone-en-que-circuito-hace-la-prueba\/","title":{"rendered":"Franco Colapinto no ir\u00e1 a Monza ni Silverstone&#8230; \u00bfen qu\u00e9 circuito hace la prueba?"},"content":{"rendered":"<p><span class=\"createDate\">06\/05\/2025 13:58hs.<\/span><time class=\"modificatedDate\" datetime=\"2025-05-06T14:45:21-03:00\"> Actualizado al 06\/05\/2025 14:45hs.<\/time><\/p>\n<div id=\"storyBody\">\n<div class=\"custom-text \" readability=\"35.291666666667\">\n<p><strong><a href=\"https:\/\/www.ole.com.ar\/autos\/franco-colpainto-va-correr-imola-gp-formula-1-alpine_0_KwaApAlHqf.html\" target=\"_self\" title=\"Franco Colapinto, como adelant\u00f3 Ol\u00e9\" alt=\"Franco Colapinto, como adelant\u00f3 Ol\u00e9\" rel=\"noopener\">Franco Colapinto<\/a><\/strong><a href=\"https:\/\/www.ole.com.ar\/autos\/franco-colpainto-va-correr-imola-gp-formula-1-alpine_0_KwaApAlHqf.html\" target=\"_self\" title=\"Franco Colapinto, como adelant\u00f3 Ol\u00e9\" alt=\"Franco Colapinto, como adelant\u00f3 Ol\u00e9\" rel=\"noopener\">, como adelant\u00f3 <\/a><strong><a href=\"https:\/\/www.ole.com.ar\/autos\/franco-colpainto-va-correr-imola-gp-formula-1-alpine_0_KwaApAlHqf.html\" target=\"_self\" title=\"Franco Colapinto, como adelant\u00f3 Ol\u00e9\" alt=\"Franco Colapinto, como adelant\u00f3 Ol\u00e9\" rel=\"noopener\">Ol\u00e9<\/a><\/strong>, est\u00e1 a menos de dos semanas de subirse nuevamente a un <strong><a href=\"https:\/\/www.ole.com.ar\/tema\/formula-1.html\" title=\"F\u00f3rmula 1\" alt=\"F\u00f3rmula 1\" class=\"slug\">F\u00f3rmula 1<\/a><\/strong>, el de Alpine, en la pr\u00f3xima fecha, del 16 al 18 de mayo en Imola. La escuder\u00eda, por eso, adem\u00e1s de darle cientos de horas de simulador, ya lo saca a girar con el modelo del 2023.<\/p>\n<\/div>\n<div class=\"custom-text \" readability=\"37\">\n<p>Algunos sitios hab\u00edan informado que ser\u00eda en Monza y Silverstone, pero este diario pudo confirmar con la escuder\u00eda francesa no solo que <strong>de ninguna manera ir\u00e1 a esos trazados<\/strong>, sino que es en otro. <strong>El de Zandvoort, Pa\u00edses Bajos<\/strong>&#8230;<\/p>\n<\/div>\n<div class=\"sc-e7b891c4-0 ifHnQL image-embed\"><img alt=\"La recta principal de Zandvoort.\" loading=\"lazy\" width=\"720\" height=\"100\" decoding=\"async\" data-nimg=\"1\" src=\"http:\/\/cordobadirecto.com\/wp-content\/uploads\/2025\/05\/franco-colapinto-no-ira-a-monza-ni-silverstone-en-que-circuito-hace-la-prueba.jpg\"><span class=\"epigraphe\">La recta principal de Zandvoort.<\/span><\/div>\n<div class=\"custom-text \" readability=\"39\">\n<p><strong>El piloto ya est\u00e1 en el pa\u00eds que representa Max Verstappen<\/strong> (en realidad naci\u00f3 en B\u00e9lgica) para acelerar, presumiblemente este martes, en la pista de 4.259 metros con un r\u00e9cord de vuelta de 1m11s097, establecido por Lewis Hamilton en el 2021, a\u00f1o en el que Verstappen le arrebat\u00f3 el t\u00edtulo en el \u00faltimo giro de la \u00faltima fecha.<\/p>\n<\/div>\n<p><h2>Por qu\u00e9 puede probar Colapinto y con qu\u00e9 coche<\/h2>\n<\/p>\n<div class=\"custom-text \" readability=\"39\">\n<p>El tema de estas <strong>pruebas denominadas TPC<\/strong> (Prueba de Autos Anteriores ser\u00eda la traducci\u00f3n de las siglas) en la F\u00f3rmula 1 est\u00e1 estrictamente regulado para que los pilotos y escuder\u00edas no obtengan ventajas sobre sus competidores. <strong>Solo se puede probar con autos de dos a\u00f1os o m\u00e1s de antig\u00fcedad y no en circuitos nuevos<\/strong>. Por eso Fran manejar\u00e1 el A523, tal cual es el modelo de Alpine del 2023 y en una pista de las m\u00e1s viejas, con su primer GP en 1952. Estos tests individuales, de hecho, se establecieron para que los j\u00f3venes pilotos se desarrollen. Ese es el objetivo de Alpine con Franco.<\/p>\n<\/div>\n<div class=\"sc-e7b891c4-0 ifHnQL image-embed\"><img alt=\"Franco Colapinto se subir\u00e1 al Alpine en Imola.\" loading=\"lazy\" width=\"720\" height=\"100\" decoding=\"async\" data-nimg=\"1\" src=\"http:\/\/cordobadirecto.com\/wp-content\/uploads\/2025\/05\/franco-colapinto-no-ira-a-monza-ni-silverstone-en-que-circuito-hace-la-prueba-1.jpg\"><span class=\"epigraphe\">Franco Colapinto se subir\u00e1 al Alpine en Imola.<\/span><\/div>\n<div class=\"custom-text \" readability=\"34\">\n<p><strong>Los equipos s\u00f3lo pueden utilizar piezas de los autos que ya hayan sido usadas previamente en carreras<\/strong> o probadas en ese coche espec\u00edfico, lo que garantiza que no se testeen nuevos desarrollos.<\/p>\n<\/div>\n<div class=\"custom-text \" readability=\"39\">\n<p>Si bien las sesiones de TPC no suelen estar limitadas por kilometraje, existen l\u00edmites para los pilotos que corren en el torneo de la F1. Cada equipo puede sumar hasta 20 d\u00edas de TPC por a\u00f1o calendario, pero solo se pueden completar 1.000 km de carrera con pilotos inscriptos en el campeonato. <strong>Por ahora, Colapinto no entra dentro de este l\u00edmite, s\u00ed a partir de Monza<\/strong>.<\/p>\n<\/div>\n<div class=\"sc-e7b891c4-0 ifHnQL image-embed\"><img alt=\"Un Alpine como estos, del 2023, le toca a Colapinto.\" loading=\"lazy\" width=\"720\" height=\"100\" decoding=\"async\" data-nimg=\"1\" src=\"http:\/\/cordobadirecto.com\/wp-content\/uploads\/2025\/05\/franco-colapinto-no-ira-a-monza-ni-silverstone-en-que-circuito-hace-la-prueba-2.jpg\"><span class=\"epigraphe\">Un Alpine como estos, del 2023, le toca a Colapinto.<\/span><\/div>\n<div class=\"custom-text \" readability=\"39\">\n<p>En cuanto a los aut\u00f3dromos de Inglaterra e Italia a los que no ir\u00e1, eso no significa que con Zandvoort (all\u00ed la M\u00e1xima correr\u00e1 el 31 de agosto) se terminen los testeos. <strong>Colapinto ir\u00eda a otro trazado m\u00e1s<\/strong>, lo cual no se va a informar oficialmente porque, seg\u00fan suele comunicar Alpine, ellos no discuten detalles de ning\u00fan tipo de sesiones de este estilo. Hay que averiguarlo&#8230;<\/p>\n<\/div>\n<div class=\"custom-text \" readability=\"39\">\n<p>Claro que, en todo caso, no tiene muchos d\u00edas m\u00e1s para hacerlo, ya que la semana que viene ya es de carrera, <strong>aunque le sirve a Alpine que el destino quede en Europa<\/strong>, con lo cual no hay que invertir mucho tiempo en traslados ni perder valiosas horas de sue\u00f1o.<\/p>\n<\/div>\n<div class=\"custom-text \" readability=\"42\">\n<p>Sin embargo, cuanto m\u00e1s preparado est\u00e9 el bonaerense que el 27 de mayo cumplir\u00e1 22 a\u00f1os, mejor, porque se viene otro triplete de jornadas como en Jap\u00f3n, Bahrein y Arabia Saudita. Porque <strong>luego de Monza, al fin de semana siguiente se correr\u00e1 en M\u00f3naco (el 25 de mayo) y despu\u00e9s, en Barcelona (el 1\u00b0 de junio)<\/strong>. Todo lo que pueda sumar Colapinto, le vendr\u00e1 bien para confirmar su lugar en el equipo y la M\u00e1xima.<\/p>\n<\/div>\n<div class=\"custom-text \" readability=\"40\">\n<p>Falta, claro, que se haga el anuncio oficial. Tampoco Alpine discute el d\u00eda, sino que lo informa en el momento, <strong>como en el pasado 9 de enero<\/strong>, cuando anunci\u00f3 a Fran en su equipo, noticia que este diario hab\u00eda adelantado&#8230;<\/p>\n<\/div>\n<div class=\"sc-a7166897-0 eoLsBE\" readability=\"6\">\n<section readability=\"2\"><picture><img alt=\"Juli\u00e1n \u00c1lvarez en modo Colapinto: la rompi\u00f3 en un aviso como piloto de F\u00f3rmula 1\" loading=\"lazy\" width=\"290\" height=\"290\" decoding=\"async\" data-nimg=\"1\" src=\"http:\/\/cordobadirecto.com\/wp-content\/uploads\/2025\/05\/franco-colapinto-no-ira-a-monza-ni-silverstone-en-que-circuito-hace-la-prueba-3.jpg\"><\/picture>\n<p><span>Mir\u00e1 tambi\u00e9n<\/span><\/p>\n<hr>\n<h3>Juli\u00e1n \u00c1lvarez en modo Colapinto: la rompi\u00f3 en un aviso como piloto de F\u00f3rmula 1<\/h3>\n<\/p>\n<\/section>\n<\/div>\n<div class=\"sc-a7166897-0 eoLsBE\" readability=\"6.5\">\n<section readability=\"3\"><picture><img alt=\"Las razones que alejaron a Jack Doohan de Alpine y le abrieron un hueco a Franco Colapinto\" loading=\"lazy\" width=\"290\" height=\"290\" decoding=\"async\" data-nimg=\"1\" src=\"http:\/\/cordobadirecto.com\/wp-content\/uploads\/2025\/05\/franco-colapinto-no-ira-a-monza-ni-silverstone-en-que-circuito-hace-la-prueba-4.jpg\"><\/picture>\n<p><span>Mir\u00e1 tambi\u00e9n<\/span><\/p>\n<hr>\n<h3>Las razones que alejaron a Jack Doohan de Alpine y le abrieron un hueco a Franco Colapinto<\/h3>\n<\/p>\n<\/section>\n<\/div>\n<div class=\"sc-a7166897-0 eoLsBE\" readability=\"6\">\n<section readability=\"2\"><picture><img alt=\"Debuta Franco Colapinto: va a correr en Imola el GP de la F\u00f3rmula 1\" loading=\"lazy\" width=\"290\" height=\"290\" decoding=\"async\" data-nimg=\"1\" src=\"http:\/\/cordobadirecto.com\/wp-content\/uploads\/2025\/05\/franco-colapinto-no-ira-a-monza-ni-silverstone-en-que-circuito-hace-la-prueba-5.jpg\"><\/picture>\n<p><span>Mir\u00e1 tambi\u00e9n<\/span><\/p>\n<hr>\n<h3>Debuta Franco Colapinto: va a correr en Imola el GP de la F\u00f3rmula 1<\/h3>\n<\/p>\n<\/section>\n<\/div>\n<\/div>\n","protected":false},"excerpt":{"rendered":"<p>06\/05\/2025 13:58hs. Actualizado al 06\/05\/2025 14:45hs. Franco Colapinto, como adelant\u00f3 Ol\u00e9, est\u00e1 a menos de dos semanas de subirse nuevamente a un F\u00f3rmula 1, el de Alpine, en la pr\u00f3xima fecha, del 16 al 18 de mayo en Imola. La escuder\u00eda, por eso, adem\u00e1s de darle cientos de horas de simulador, ya lo saca a [&hellip;]<\/p>\n","protected":false},"author":1,"featured_media":165927,"comment_status":"closed","ping_status":"closed","sticky":false,"template":"","format":"standard","meta":[],"categories":[21],"tags":[],"_links":{"self":[{"href":"http:\/\/cordobadirecto.com\/index.php\/wp-json\/wp\/v2\/posts\/165926"}],"collection":[{"href":"http:\/\/cordobadirecto.com\/index.php\/wp-json\/wp\/v2\/posts"}],"about":[{"href":"http:\/\/cordobadirecto.com\/index.php\/wp-json\/wp\/v2\/types\/post"}],"author":[{"embeddable":true,"href":"http:\/\/cordobadirecto.com\/index.php\/wp-json\/wp\/v2\/users\/1"}],"replies":[{"embeddable":true,"href":"http:\/\/cordobadirecto.com\/index.php\/wp-json\/wp\/v2\/comments?post=165926"}],"version-history":[{"count":0,"href":"http:\/\/cordobadirecto.com\/index.php\/wp-json\/wp\/v2\/posts\/165926\/revisions"}],"wp:featuredmedia":[{"embeddable":true,"href":"http:\/\/cordobadirecto.com\/index.php\/wp-json\/wp\/v2\/media\/165927"}],"wp:attachment":[{"href":"http:\/\/cordobadirecto.com\/index.php\/wp-json\/wp\/v2\/media?parent=165926"}],"wp:term":[{"taxonomy":"category","embeddable":true,"href":"http:\/\/cordobadirecto.com\/index.php\/wp-json\/wp\/v2\/categories?post=165926"},{"taxonomy":"post_tag","embeddable":true,"href":"http:\/\/cordobadirecto.com\/index.php\/wp-json\/wp\/v2\/tags?post=165926"}],"curies":[{"name":"wp","href":"https:\/\/api.w.org\/{rel}","templated":true}]}}