{"id":165928,"date":"2025-05-06T13:21:15","date_gmt":"2025-05-06T13:21:15","guid":{"rendered":"https:\/\/www.ole.com.ar\/autos\/razones-alejaron-jack-doohan-alpine-abrieron-hueco-franco-colapinto_0_fBmABqzfKA.html"},"modified":"2025-05-06T13:21:15","modified_gmt":"2025-05-06T13:21:15","slug":"las-razones-que-alejaron-a-jack-doohan-de-alpine-y-le-abrieron-un-hueco-a-franco-colapinto","status":"publish","type":"post","link":"http:\/\/cordobadirecto.com\/index.php\/2025\/05\/06\/las-razones-que-alejaron-a-jack-doohan-de-alpine-y-le-abrieron-un-hueco-a-franco-colapinto\/","title":{"rendered":"Las razones que alejaron a Jack Doohan de Alpine y le abrieron un hueco a Franco Colapinto"},"content":{"rendered":"<p><span class=\"createDate\">06\/05\/2025 10:21hs.<\/span><time class=\"modificatedDate\" datetime=\"2025-05-06T10:22:54-03:00\"> Actualizado al 06\/05\/2025 10:22hs.<\/time><\/p>\n<div id=\"storyBody\">\n<div class=\"custom-text \" readability=\"40.530201342282\">\n<p>La mesa est\u00e1 servida. Despu\u00e9s de seis carreras (m\u00e1s una del 2024), <strong><a href=\"https:\/\/www.ole.com.ar\/autos\/franco-colpainto-va-correr-imola-gp-formula-1-alpine_0_KwaApAlHqf.html\" target=\"_self\" title=\"Jack Doohan dejar\u00e1 su butaca en Alpine y se la ceder\u00e1 a Franco Colapinto\" alt=\"Jack Doohan dejar\u00e1 su butaca en Alpine y se la ceder\u00e1 a Franco Colapinto\" rel=\"noopener\">Jack Doohan dejar\u00e1 su butaca en Alpine y se la ceder\u00e1 a Franco Colapinto<\/a><\/strong>. Ahora bien, \u00bfqu\u00e9 hay detr\u00e1s de su salida? Ser\u00eda ingenuo creer que la velocidad, el carisma y el marketing son las \u00fanicas razones por las que el bonaerense le birl\u00f3 el puesto -aunque son muy buenas-. Si el australiano hubiera capitalizado su tiempo en el equipo, sumado puntos, girado a un ritmo similar al de su compa\u00f1ero y no hubiera causado da\u00f1os millonarios,<strong> seguir\u00eda ah\u00ed por m\u00e1s que el que estuviera atr\u00e1s fuera Ayrton Senna<\/strong>, Sin embargo, pis\u00f3 el palito en cada uno de los \u00edtem. En contraparte, cuando le toc\u00f3 probar su val\u00eda, el pibe de 21 a\u00f1os se llev\u00f3 puesta a la M\u00e1xima&#8230;<\/p>\n<\/div>\n<div class=\"custom-text \" readability=\"39.324577861163\">\n<p>Aclarando que las comparaciones son dif\u00edciles de hacer, ya que cada auto es un mundo y m\u00e1s a\u00fan en temporadas distintas, <strong>no hay que indagar demasiado para comprobar que lo del argentino fue m\u00e1s positivo<\/strong>: en su primera carrera, cuando era un inexperto que estaba acostumbrado a los autos de F\u00f3rmula 2 y se vio ante el desaf\u00edo de correr junto a Lewis Hamilton, Max Verstappen y compa\u00f1\u00eda,<strong> <a href=\"https:\/\/www.ole.com.ar\/tema\/franco-colapinto.html\" title=\"Franco Colapinto\" alt=\"Franco Colapinto\" class=\"slug\">Colapinto <\/a>gan\u00f3 seis puestos y finaliz\u00f3 12\u00b0 en Monza&#8230; <\/strong>\u00a1arriba de un Williams que termin\u00f3 pen\u00faltimo en el campeonato de constructores!<\/p>\n<\/div>\n<div class=\"sc-e7b891c4-0 ifHnQL image-embed\"><img alt=\"En su primer fin de semana en la F\u00f3rmula 1, en Monza, Colapinto deslumbr\u00f3 al mundo. (YPF)\" loading=\"lazy\" width=\"720\" height=\"100\" decoding=\"async\" data-nimg=\"1\" src=\"http:\/\/cordobadirecto.com\/wp-content\/uploads\/2025\/05\/las-razones-que-alejaron-a-jack-doohan-de-alpine-y-le-abrieron-un-hueco-a-franco-colapinto.jpg\"><span class=\"epigraphe\">En su primer fin de semana en la F\u00f3rmula 1, en Monza, Colapinto deslumbr\u00f3 al mundo. (YPF)<\/span><\/div>\n<div class=\"custom-text \" readability=\"41\">\n<p>En las siguientes cuatro fechas, <strong>ese fue su piso<\/strong>, habiendo conseguido resultados que retumbaron en todo el mundo: sum\u00f3 puntos en su segundo GP, por un 8\u00b0 puesto en Azerbaiy\u00e1n, y en su cuarto, por un 10\u00b0 lugar en Austin. Jack, con mucha m\u00e1s preparaci\u00f3n previa,<strong> ni siquiera se le acerc\u00f3.<\/strong><\/p>\n<\/div>\n<p><h2>Colapinto ilusion\u00f3, y Doohan, todo lo contrario<\/h2>\n<\/p>\n<div class=\"custom-text \" readability=\"42\">\n<p>La mano arranc\u00f3 torcida en el lugar en el que mejor le deber\u00eda haber ido, su hogar, Australia, <strong>donde se dio una pi\u00f1a en la primera vuelta despu\u00e9s de que se le piantara el auto bajo la lluvia<\/strong>. Condicionado, dado que fue un golpazo para la moral, el oriundo de Gold Coast no logr\u00f3 revertir la situaci\u00f3n en los Grandes Premios siguientes. En China, el segundo que corri\u00f3, no s\u00f3lo hubo errores sino sanciones. <strong>En plural.<\/strong><\/p>\n<\/div>\n<div class=\"custom-text \" readability=\"44.320754716981\">\n<p>Por una mala maniobra en la Sprint, en la que termin\u00f3 \u00faltimo, y otra m\u00e1s en la carrera principal, en la que fue 13\u00b0 luego de que descalificaran a tres autos -fue su mejor resultado-, <strong>el piloto de Alpine perdi\u00f3 cuatro puntos en la superlicencia.<\/strong> Su producci\u00f3n en Jap\u00f3n, donde desintegr\u00f3 el A525 por un error zonzo (no desactiv\u00f3 el DRS a tiempo), no ayud\u00f3 a disipar los rumores en torno al ascenso de Colapinto. Mucho menos el 14\u00b0 puesto en Bahrein, <strong>donde <a href=\"https:\/\/www.ole.com.ar\/tema\/pierre-gasly.html\" title=\"Pierre Gasly\" alt=\"Pierre Gasly\" class=\"slug\">Pierre Gasly<\/a> combati\u00f3 con los equipos de punta y result\u00f3 7\u00b0<\/strong>; el 17\u00b0 lugar en Arabia Saudita y, como la gota que rebals\u00f3 el vaso, todo lo acontecido en Miami. Haber sido 16\u00b0 en la Sprint no estuvo tan mal compar\u00e1ndolo con c\u00f3mo le fue en la final, en la que se estrell\u00f3 en la primera vuelta -como en Melbourne- y abandon\u00f3.<\/p>\n<\/div>\n<div class=\"sc-e7b891c4-0 ifHnQL image-embed\"><img alt=\"Formula One F1 - Miami Grand Prix - Miami International Autodrome, Miami, Florida, United States - May 3, 2025\nAlpine's Jack Doohan and Alpine executive advisor Flavio Briatore before qualifying Pool via REUTERS\/Shawn Thew\" loading=\"lazy\" width=\"720\" height=\"100\" decoding=\"async\" data-nimg=\"1\" src=\"http:\/\/cordobadirecto.com\/wp-content\/uploads\/2025\/05\/las-razones-que-alejaron-a-jack-doohan-de-alpine-y-le-abrieron-un-hueco-a-franco-colapinto-1.jpg\"><span class=\"epigraphe\">Formula One F1 &#8211; Miami Grand Prix &#8211; Miami International Autodrome, Miami, Florida, United States &#8211; May 3, 2025<br \/>\nAlpine&#8217;s Jack Doohan and Alpine executive advisor Flavio Briatore before qualifying Pool via REUTERS\/Shawn Thew<\/span><\/div>\n<div class=\"custom-text \" readability=\"41.153225806452\">\n<p>\u201cFue un cierre dif\u00edcil para nuestro fin de semana. <strong>El foco pasa a las pr\u00f3ximas carreras.<\/strong> Tenemos toda la semana por delante para resetear y trabajar para las tres fechas al hilo que se vienen en el inicio de la temporada europea\u201d, sostuvo Doohan, esperanzado con tener algo m\u00e1s de tiempo para demostrar sus cualidades. Sin embargo, como comunic\u00f3 <strong>Ol\u00e9 <\/strong>al momento de anunciar la llegada de Colapinto a Enstone en car\u00e1cter de piloto reserva, no iban a ser m\u00e1s de cinco o seis fechas y se evaluar\u00eda su performance. Las tuvo. No las aprovech\u00f3. Ahora, a abrirle paso a Franco, por quien <strong><a href=\"https:\/\/www.ole.com.ar\/tema\/flavio-briatore.html\" title=\"Flavio Briatore\" alt=\"Flavio Briatore\" class=\"slug\">Flavio Briatore<\/a><\/strong> (asesor) hizo mucha fuerza. <strong>\u201cEs nuestro proyecto m\u00e1s importante\u201d, dijo alguna vez y actu\u00f3 en consecuencia<\/strong>. Empieza una nueva era.<\/p>\n<\/div>\n<p><h2>Los incidentes m\u00e1s grandes que tuvo Jack Doohan en su paso por la F\u00f3rmula 1<\/h2>\n<\/p>\n<div class=\"sc-734b4696-1 kFfZtB\" readability=\"6\">\n<div class=\"sc-d00d9e74-0 hnHYbk\" type=\"embed\">\n<div class=\"sc-d00d9e74-1 iKVbz videoText\" id=\"contentTitleembedgj1a2AHj\" type=\"embed\"><svg fill=\"#ffffff\"><symbol id=\"play\" viewBox=\"0 0 512 512\"><path d=\"M512 256C512 397.4 397.4 512 256 512C114.6 512 0 397.4 0 256C0 114.6 114.6 0 256 0C397.4 0 512 114.6 512 256zM176 168V344C176 352.7 180.7 360.7 188.3 364.9C195.8 369.2 205.1 369 212.5 364.5L356.5 276.5C363.6 272.1 368 264.4 368 256C368 247.6 363.6 239.9 356.5 235.5L212.5 147.5C205.1 142.1 195.8 142.8 188.3 147.1C180.7 151.3 176 159.3 176 168V168z\" \/><\/symbol><use xlink:href=\"#play\" \/><\/svg><\/p>\n<div class=\"right\">\n<p>Jack Doohan<!-- --> &#8211; <span>&nbsp;<\/span><\/p>\n<h2 class=\"title-vid\">As\u00ed fue el accidente de Doohan en la primera vuelta de carrera<\/h2>\n<\/div>\n<\/div>\n<p><span class=\"back\" id=\"spanBackembedgj1a2AHj\"><\/span><\/div>\n<div class=\"JWvideoNota_title\" readability=\"7\">\n<p>El piloto de Alpine perdi\u00f3 el control de su auto e impact\u00f3 contra el muro.<\/p>\n<\/div>\n<\/div>\n<div class=\"sc-734b4696-1 kFfZtB\">\n<div class=\"sc-d00d9e74-0 hnHYbk\" type=\"embed\">\n<div class=\"sc-d00d9e74-1 iKVbz videoText\" id=\"contentTitleembedcScBxWO2\" type=\"embed\"><svg fill=\"#ffffff\"><symbol id=\"play\" viewBox=\"0 0 512 512\"><path d=\"M512 256C512 397.4 397.4 512 256 512C114.6 512 0 397.4 0 256C0 114.6 114.6 0 256 0C397.4 0 512 114.6 512 256zM176 168V344C176 352.7 180.7 360.7 188.3 364.9C195.8 369.2 205.1 369 212.5 364.5L356.5 276.5C363.6 272.1 368 264.4 368 256C368 247.6 363.6 239.9 356.5 235.5L212.5 147.5C205.1 142.1 195.8 142.8 188.3 147.1C180.7 151.3 176 159.3 176 168V168z\" \/><\/symbol><use xlink:href=\"#play\" \/><\/svg><\/p>\n<div class=\"right\">\n<p>Jack Doohan<!-- --> &#8211; <span>&nbsp;<\/span><\/p>\n<h2 class=\"title-vid\">El choque de Jack Doohan en el GP de Jap\u00f3n<\/h2>\n<\/div>\n<\/div>\n<p><span class=\"back\" id=\"spanBackembedcScBxWO2\"><\/span><\/div>\n<div class=\"JWvideoNota_title\">\n<p>Video: DAZN<\/p>\n<\/div>\n<\/div>\n<div class=\"sc-734b4696-1 kFfZtB\">\n<div class=\"sc-d00d9e74-0 hnHYbk\" type=\"embed\">\n<div class=\"sc-d00d9e74-1 iKVbz videoText\" id=\"contentTitleembedgc6aeG24\" type=\"embed\"><svg fill=\"#ffffff\"><symbol id=\"play\" viewBox=\"0 0 512 512\"><path d=\"M512 256C512 397.4 397.4 512 256 512C114.6 512 0 397.4 0 256C0 114.6 114.6 0 256 0C397.4 0 512 114.6 512 256zM176 168V344C176 352.7 180.7 360.7 188.3 364.9C195.8 369.2 205.1 369 212.5 364.5L356.5 276.5C363.6 272.1 368 264.4 368 256C368 247.6 363.6 239.9 356.5 235.5L212.5 147.5C205.1 142.1 195.8 142.8 188.3 147.1C180.7 151.3 176 159.3 176 168V168z\" \/><\/symbol><use xlink:href=\"#play\" \/><\/svg><\/p>\n<div class=\"right\">\n<p>Jack Doohan<!-- --> &#8211; <span>&nbsp;<\/span><\/p>\n<h2 class=\"title-vid\">As\u00ed fue el abandono de Jack Doohan en la primera vuelta del GP de Miami <\/h2>\n<\/div>\n<\/div>\n<p><span class=\"back\" id=\"spanBackembedgc6aeG24\"><\/span><\/div>\n<div class=\"JWvideoNota_title\">\n<p>Video: ESPN<\/p>\n<\/div>\n<\/div>\n<div class=\"sc-a7166897-0 eoLsBE\" readability=\"6\">\n<section readability=\"2\"><picture><img alt=\"C\u00f3mo es el circuito de Imola donde debutar\u00e1 Colapinto en este 2025\" loading=\"lazy\" width=\"290\" height=\"290\" decoding=\"async\" data-nimg=\"1\" src=\"http:\/\/cordobadirecto.com\/wp-content\/uploads\/2025\/05\/las-razones-que-alejaron-a-jack-doohan-de-alpine-y-le-abrieron-un-hueco-a-franco-colapinto-2.jpg\"><\/picture>\n<p><span>Mir\u00e1 tambi\u00e9n<\/span><\/p>\n<hr>\n<h3>C\u00f3mo es el circuito de Imola donde debutar\u00e1 Colapinto en este 2025<\/h3>\n<\/p>\n<\/section>\n<\/div>\n<div class=\"sc-a7166897-0 eoLsBE\" readability=\"6.5\">\n<section readability=\"3\"><picture><img alt=\"Las dos carreras que Franco Colapinto gan\u00f3 en Imola, donde debutar\u00e1 para Alpine\" loading=\"lazy\" width=\"290\" height=\"290\" decoding=\"async\" data-nimg=\"1\" src=\"http:\/\/cordobadirecto.com\/wp-content\/uploads\/2025\/05\/las-razones-que-alejaron-a-jack-doohan-de-alpine-y-le-abrieron-un-hueco-a-franco-colapinto-3.jpg\"><\/picture>\n<p><span>Mir\u00e1 tambi\u00e9n<\/span><\/p>\n<hr>\n<h3>Las dos carreras que Franco Colapinto gan\u00f3 en Imola, donde debutar\u00e1 para Alpine<\/h3>\n<\/p>\n<\/section>\n<\/div>\n<div class=\"sc-a7166897-0 eoLsBE\" readability=\"6.5\">\n<section readability=\"3\"><picture><img alt=\"La F\u00f3rmula 1 vuelve a recibir a Colapinto: las posiciones de los pilotos y constructores\" loading=\"lazy\" width=\"290\" height=\"290\" decoding=\"async\" data-nimg=\"1\" src=\"http:\/\/cordobadirecto.com\/wp-content\/uploads\/2025\/05\/las-razones-que-alejaron-a-jack-doohan-de-alpine-y-le-abrieron-un-hueco-a-franco-colapinto-4.jpg\"><\/picture>\n<p><span>Mir\u00e1 tambi\u00e9n<\/span><\/p>\n<hr>\n<h3>La F\u00f3rmula 1 vuelve a recibir a Colapinto: las posiciones de los pilotos y constructores<\/h3>\n<\/p>\n<\/section>\n<\/div>\n<div class=\"sc-a7166897-0 eoLsBE\" readability=\"6\">\n<section readability=\"2\"><picture><img alt=\"Atento Colapinto: la cruda advertencia de Gasly por los autos de Alpine\" loading=\"lazy\" width=\"290\" height=\"290\" decoding=\"async\" data-nimg=\"1\" src=\"http:\/\/cordobadirecto.com\/wp-content\/uploads\/2025\/05\/las-razones-que-alejaron-a-jack-doohan-de-alpine-y-le-abrieron-un-hueco-a-franco-colapinto-5.jpg\"><\/picture>\n<p><span>Mir\u00e1 tambi\u00e9n<\/span><\/p>\n<hr>\n<h3>Atento Colapinto: la cruda advertencia de Gasly por los autos de Alpine<\/h3>\n<\/p>\n<\/section>\n<\/div>\n<div class=\"sc-a7166897-0 eoLsBE\" readability=\"6\">\n<section readability=\"2\"><picture><img alt=\"Los memes que dej\u00f3 la noticia del reemplazo de Colapinto por Doohan en Alpine\" loading=\"lazy\" width=\"290\" height=\"290\" decoding=\"async\" data-nimg=\"1\" src=\"http:\/\/cordobadirecto.com\/wp-content\/uploads\/2025\/05\/las-razones-que-alejaron-a-jack-doohan-de-alpine-y-le-abrieron-un-hueco-a-franco-colapinto-6.jpg\"><\/picture>\n<p><span>Mir\u00e1 tambi\u00e9n<\/span><\/p>\n<hr>\n<h3>Los memes que dej\u00f3 la noticia del reemplazo de Colapinto por Doohan en Alpine<\/h3>\n<\/p>\n<\/section>\n<\/div>\n<\/div>\n","protected":false},"excerpt":{"rendered":"<p>06\/05\/2025 10:21hs. Actualizado al 06\/05\/2025 10:22hs. La mesa est\u00e1 servida. Despu\u00e9s de seis carreras (m\u00e1s una del 2024), Jack Doohan dejar\u00e1 su butaca en Alpine y se la ceder\u00e1 a Franco Colapinto. Ahora bien, \u00bfqu\u00e9 hay detr\u00e1s de su salida? Ser\u00eda ingenuo creer que la velocidad, el carisma y el marketing son las \u00fanicas razones [&hellip;]<\/p>\n","protected":false},"author":1,"featured_media":165929,"comment_status":"closed","ping_status":"closed","sticky":false,"template":"","format":"standard","meta":[],"categories":[21],"tags":[],"_links":{"self":[{"href":"http:\/\/cordobadirecto.com\/index.php\/wp-json\/wp\/v2\/posts\/165928"}],"collection":[{"href":"http:\/\/cordobadirecto.com\/index.php\/wp-json\/wp\/v2\/posts"}],"about":[{"href":"http:\/\/cordobadirecto.com\/index.php\/wp-json\/wp\/v2\/types\/post"}],"author":[{"embeddable":true,"href":"http:\/\/cordobadirecto.com\/index.php\/wp-json\/wp\/v2\/users\/1"}],"replies":[{"embeddable":true,"href":"http:\/\/cordobadirecto.com\/index.php\/wp-json\/wp\/v2\/comments?post=165928"}],"version-history":[{"count":0,"href":"http:\/\/cordobadirecto.com\/index.php\/wp-json\/wp\/v2\/posts\/165928\/revisions"}],"wp:featuredmedia":[{"embeddable":true,"href":"http:\/\/cordobadirecto.com\/index.php\/wp-json\/wp\/v2\/media\/165929"}],"wp:attachment":[{"href":"http:\/\/cordobadirecto.com\/index.php\/wp-json\/wp\/v2\/media?parent=165928"}],"wp:term":[{"taxonomy":"category","embeddable":true,"href":"http:\/\/cordobadirecto.com\/index.php\/wp-json\/wp\/v2\/categories?post=165928"},{"taxonomy":"post_tag","embeddable":true,"href":"http:\/\/cordobadirecto.com\/index.php\/wp-json\/wp\/v2\/tags?post=165928"}],"curies":[{"name":"wp","href":"https:\/\/api.w.org\/{rel}","templated":true}]}}