{"id":166774,"date":"2025-05-17T17:46:52","date_gmt":"2025-05-17T17:46:52","guid":{"rendered":"https:\/\/www.ole.com.ar\/autos\/franco-colapinto-segunda-infraccion-sancion-imola_0_S0VpXfsAce.html"},"modified":"2025-05-17T17:46:52","modified_gmt":"2025-05-17T17:46:52","slug":"hubo-una-segunda-infraccion-de-franco-colapinto-en-imola-con-sancion-de-las-que-duelen","status":"publish","type":"post","link":"http:\/\/cordobadirecto.com\/index.php\/2025\/05\/17\/hubo-una-segunda-infraccion-de-franco-colapinto-en-imola-con-sancion-de-las-que-duelen\/","title":{"rendered":"Hubo una segunda infracci\u00f3n de Franco Colapinto en Imola, con sanci\u00f3n de las que duelen"},"content":{"rendered":"<p><span class=\"createDate\">17\/05\/2025 14:46hs.<\/span><time class=\"modificatedDate\" datetime=\"2025-05-17T15:42:15-03:00\"> Actualizado al 17\/05\/2025 15:42hs.<\/time><\/p>\n<div id=\"storyBody\">\n<div class=\"custom-text \" readability=\"25.037593984962\">\n<p>No fue el mejor d\u00eda para <strong><a href=\"https:\/\/www.ole.com.ar\/tema\/franco-colapinto.html\" title=\"Franco Colapinto\" alt=\"Franco Colapinto\" class=\"slug\">Franco Colapinto<\/a><\/strong> en su regreso a la F\u00f3rmula 1. Cuando ven\u00eda bien y se terminaba la primera tanda de la clasificaci\u00f3n, con \u00e9l meti\u00e9ndose en la Q2 manejando un buen auto, <a href=\"https:\/\/www.ole.com.ar\/autos\/video-accidente-franco-colapinto-clasificacion-qualy-f1-formula-1-imola_0_vqjk1nKtkf.html\" target=\"_self\" title=\"se la peg\u00f3 mal y quedo con el auto destrozado y fuera de acci\u00f3n\" alt=\"se la peg\u00f3 mal y quedo con el auto destrozado y fuera de acci\u00f3n\" rel=\"noopener\">se la peg\u00f3 mal y quedo con el auto destrozado y fuera de acci\u00f3n<\/a>.<\/p>\n<\/div>\n<div class=\"sc-e7b891c4-0 ifHnQL image-embed\"><img alt=\"Franco Colapinto cometi\u00f3 dos infracciones (Reuters).\" loading=\"lazy\" width=\"720\" height=\"100\" decoding=\"async\" data-nimg=\"1\" src=\"http:\/\/cordobadirecto.com\/wp-content\/uploads\/2025\/05\/hubo-una-segunda-infraccion-de-franco-colapinto-en-imola-con-sancion-de-las-que-duelen.jpg\"><span class=\"epigraphe\">Franco Colapinto cometi\u00f3 dos infracciones (Reuters).<\/span><\/div>\n<div class=\"custom-text \" readability=\"26.649350649351\">\n<p>Despu\u00e9s se supo, adem\u00e1s, <a href=\"https:\/\/www.ole.com.ar\/autos\/primera-infraccion-franco-colapinto-exceso-velocidad_0_GGzLu1gMU3.html\" target=\"_self\" title=\"que hab\u00eda cometido una infracci\u00f3n por exceder la velocidad en boxes\" alt=\"que hab\u00eda cometido una infracci\u00f3n por exceder la velocidad en boxes\" rel=\"noopener\">que hab\u00eda cometido una infracci\u00f3n por exceder la velocidad en boxes<\/a>, con lo cual lo multaron con dinero. Y despu\u00e9s se supo que hubo otra violaci\u00f3n al reglamento, pero esta vez la pena fue m\u00e1s severa.<\/p>\n<\/div>\n<p><h2>Qu\u00e9 infracci\u00f3n cometi\u00f3 Colapinto y cu\u00e1l fue la sanci\u00f3n<\/h2>\n<\/p>\n<div class=\"custom-text \" readability=\"39\">\n<p>Seg\u00fan inform\u00f3 la FIA, los comisarios deportivos, tras recibir un informe del Director de Carrera, y haber escuchado al piloto y al representante del equipo, consideraron y determinaron que Franco <strong>entr\u00f3 &#8220;a la v\u00eda r\u00e1pida en boxes antes de que se confirmara la hora de reanudaci\u00f3n&#8221; despu\u00e9s de la bandera roja generada por el accidente de Yuki Tsunoda.<\/strong><\/p>\n<\/div>\n<div class=\"sc-e7b891c4-0 ifHnQL image-embed\"><img alt=\"Pierre Gasly, compa\u00f1ero de Colapinto, anduvo prolijo todo el fin de semana (Reuters).\" loading=\"lazy\" width=\"720\" height=\"100\" decoding=\"async\" data-nimg=\"1\" src=\"http:\/\/cordobadirecto.com\/wp-content\/uploads\/2025\/05\/hubo-una-segunda-infraccion-de-franco-colapinto-en-imola-con-sancion-de-las-que-duelen-1.jpg\"><span class=\"epigraphe\">Pierre Gasly, compa\u00f1ero de Colapinto, anduvo prolijo todo el fin de semana (Reuters).<\/span><\/div>\n<div class=\"custom-text \" readability=\"34\">\n<p>Esto gener\u00f3 el incumplimiento del Art\u00edculo 12.2.1 i) del C\u00f3digo Deportivo Internacional e incumplimiento de la Nota del Director de Carrera (punto 17, documento 4).<\/p>\n<\/div>\n<div class=\"custom-text \" readability=\"37\">\n<p>Como decisi\u00f3n, se determin\u00f3<strong> la &#8220;retirada de una posici\u00f3n en la parrilla de salida para la siguiente carrera en la que participe el piloto&#8221;<\/strong>. O sea, Franco se clasific\u00f3 15\u00b0, entonces este domingo larga 16\u00b0. A menos que tenga que cambiar partes del auto y lo obliguen a salir desde el pitlane.<\/p>\n<\/div>\n<div class=\"custom-text \" readability=\"38\">\n<p>Adem\u00e1s, el representante del equipo declar\u00f3 que dio la instrucci\u00f3n para que el auto se moviera lentamente, pero no que se liberara por completo. <strong>Colapinto &#8220;malinterpret\u00f3 la instrucci\u00f3n y entr\u00f3 en el carril r\u00e1pido<\/strong> antes de que se confirmara oficialmente la hora de reinicio&#8221;. Una vez hecho esto, &#8220;era demasiado tarde para revertir el rumbo y el equipo le indic\u00f3 al piloto que avanzara hacia los boxes&#8221;.<\/p>\n<\/div>\n<div class=\"custom-text \" readability=\"37\">\n<p>Alpine argument\u00f3 que no se obtuvo ninguna ventaja deportiva en este caso, ya que <strong>quedaba tiempo suficiente para que los dem\u00e1s equipos realizaran sus planes de carrera<\/strong>, dado que este era el comienzo de la sesi\u00f3n. El representante de la escuder\u00eda y Colapinto se disculparon por la infracci\u00f3n involuntaria.<\/p>\n<\/div>\n<div class=\"sc-a7166897-0 eoLsBE\" readability=\"6\">\n<section readability=\"2\"><picture><img alt=\"El mensaje de Alpine para Colapinto tras su accidente en la clasificaci\u00f3n en Imola\" loading=\"lazy\" width=\"290\" height=\"290\" decoding=\"async\" data-nimg=\"1\" src=\"http:\/\/cordobadirecto.com\/wp-content\/uploads\/2025\/05\/hubo-una-segunda-infraccion-de-franco-colapinto-en-imola-con-sancion-de-las-que-duelen-2.jpg\"><\/picture>\n<p><span>Mir\u00e1 tambi\u00e9n<\/span><\/p>\n<hr>\n<h3>El mensaje de Alpine para Colapinto tras su accidente en la clasificaci\u00f3n en Imola<\/h3>\n<\/p>\n<\/section>\n<\/div>\n<div class=\"sc-a7166897-0 eoLsBE\" readability=\"6\">\n<section readability=\"2\"><picture><img alt=\"Video: el accidente de Franco Colapinto en la clasificaci\u00f3n de la F1 en Imola\" loading=\"lazy\" width=\"290\" height=\"290\" decoding=\"async\" data-nimg=\"1\" src=\"http:\/\/cordobadirecto.com\/wp-content\/uploads\/2025\/05\/hubo-una-segunda-infraccion-de-franco-colapinto-en-imola-con-sancion-de-las-que-duelen-3.jpg\"><\/picture>\n<p><span>Mir\u00e1 tambi\u00e9n<\/span><\/p>\n<hr>\n<h3>Video: el accidente de Franco Colapinto en la clasificaci\u00f3n de la F1 en Imola<\/h3>\n<\/p>\n<\/section>\n<\/div>\n<div class=\"sc-a7166897-0 eoLsBE\" readability=\"6\">\n<section readability=\"2\"><picture><img alt=\"Por qu\u00e9 Franco Colapinto podr\u00eda largar desde boxes en el Gran Premio de Imola\" loading=\"lazy\" width=\"290\" height=\"290\" decoding=\"async\" data-nimg=\"1\" src=\"http:\/\/cordobadirecto.com\/wp-content\/uploads\/2025\/05\/hubo-una-segunda-infraccion-de-franco-colapinto-en-imola-con-sancion-de-las-que-duelen-4.jpg\"><\/picture>\n<p><span>Mir\u00e1 tambi\u00e9n<\/span><\/p>\n<hr>\n<h3>Por qu\u00e9 Franco Colapinto podr\u00eda largar desde boxes en el Gran Premio de Imola<\/h3>\n<\/p>\n<\/section>\n<\/div>\n<\/div>\n","protected":false},"excerpt":{"rendered":"<p>17\/05\/2025 14:46hs. Actualizado al 17\/05\/2025 15:42hs. No fue el mejor d\u00eda para Franco Colapinto en su regreso a la F\u00f3rmula 1. Cuando ven\u00eda bien y se terminaba la primera tanda de la clasificaci\u00f3n, con \u00e9l meti\u00e9ndose en la Q2 manejando un buen auto, se la peg\u00f3 mal y quedo con el auto destrozado y fuera [&hellip;]<\/p>\n","protected":false},"author":1,"featured_media":166775,"comment_status":"closed","ping_status":"closed","sticky":false,"template":"","format":"standard","meta":[],"categories":[21],"tags":[],"_links":{"self":[{"href":"http:\/\/cordobadirecto.com\/index.php\/wp-json\/wp\/v2\/posts\/166774"}],"collection":[{"href":"http:\/\/cordobadirecto.com\/index.php\/wp-json\/wp\/v2\/posts"}],"about":[{"href":"http:\/\/cordobadirecto.com\/index.php\/wp-json\/wp\/v2\/types\/post"}],"author":[{"embeddable":true,"href":"http:\/\/cordobadirecto.com\/index.php\/wp-json\/wp\/v2\/users\/1"}],"replies":[{"embeddable":true,"href":"http:\/\/cordobadirecto.com\/index.php\/wp-json\/wp\/v2\/comments?post=166774"}],"version-history":[{"count":0,"href":"http:\/\/cordobadirecto.com\/index.php\/wp-json\/wp\/v2\/posts\/166774\/revisions"}],"wp:featuredmedia":[{"embeddable":true,"href":"http:\/\/cordobadirecto.com\/index.php\/wp-json\/wp\/v2\/media\/166775"}],"wp:attachment":[{"href":"http:\/\/cordobadirecto.com\/index.php\/wp-json\/wp\/v2\/media?parent=166774"}],"wp:term":[{"taxonomy":"category","embeddable":true,"href":"http:\/\/cordobadirecto.com\/index.php\/wp-json\/wp\/v2\/categories?post=166774"},{"taxonomy":"post_tag","embeddable":true,"href":"http:\/\/cordobadirecto.com\/index.php\/wp-json\/wp\/v2\/tags?post=166774"}],"curies":[{"name":"wp","href":"https:\/\/api.w.org\/{rel}","templated":true}]}}