{"id":166776,"date":"2025-05-17T17:42:44","date_gmt":"2025-05-17T17:42:44","guid":{"rendered":"https:\/\/www.ole.com.ar\/autos\/mick-doohan-ole-pilotos-pago-jack-franco-colapinto-alpine-f1-formula-1-imola_0_m10YJ7RDHH.html"},"modified":"2025-05-17T17:42:44","modified_gmt":"2025-05-17T17:42:44","slug":"mick-doohan-con-ole-desmintio-la-frase-de-pilotos-de-pago-y-analizo-la-disputa-jack-colapinto","status":"publish","type":"post","link":"http:\/\/cordobadirecto.com\/index.php\/2025\/05\/17\/mick-doohan-con-ole-desmintio-la-frase-de-pilotos-de-pago-y-analizo-la-disputa-jack-colapinto\/","title":{"rendered":"Mick Doohan con Ol\u00e9: desminti\u00f3 la frase de &#8220;pilotos de pago&#8221; y analiz\u00f3 la disputa Jack-Colapinto"},"content":{"rendered":"<p><time class=\"createDate\" datetime=\"2025-05-17T14:42:44-03:00\">17\/05\/2025 14:42hs.<\/time><\/p>\n<div id=\"storyBody\">\n<div class=\"custom-text \" readability=\"35.632398753894\">\n<p>El mundo dej\u00f3 de girar en torno a <strong><a href=\"https:\/\/www.ole.com.ar\/tema\/jack-doohan.html\" title=\"Jack Doohan\" alt=\"Jack Doohan\" class=\"slug\">Jack Doohan<\/a><\/strong>, piloto de <a href=\"https:\/\/www.ole.com.ar\/tema\/alpine.html\" title=\"Alpine\" alt=\"Alpine\" class=\"slug\">Alpine<\/a>, ahora que <strong><a href=\"https:\/\/www.ole.com.ar\/tema\/franco-colapinto.html\" title=\"Franco Colapinto\" alt=\"Franco Colapinto\" class=\"slug\">Franco Colapinto<\/a><\/strong> lo reemplaz\u00f3 y se convirti\u00f3 en uno de los 20 titulares de la F\u00f3rmula 1. Sin embargo, su presencia sigue haciendo ruido. Este s\u00e1bado, antes de que el argentino se estrellara en la clasificaci\u00f3n, <strong><a href=\"https:\/\/www.ole.com.ar\/autos\/jack-doohan-gp-imola-clasificacion_0_LUwuxXOIhS.html\" target=\"_self\" title=\"Ol\u00e9 capt\u00f3 al australiano ingresando al hospitality de la escuder\u00eda francesa\" alt=\"Ol\u00e9 capt\u00f3 al australiano ingresando al hospitality de la escuder\u00eda francesa\" rel=\"noopener\">Ol\u00e9 <\/a><\/strong><a href=\"https:\/\/www.ole.com.ar\/autos\/jack-doohan-gp-imola-clasificacion_0_LUwuxXOIhS.html\" target=\"_self\" title=\"Ol\u00e9 capt\u00f3 al australiano ingresando al hospitality de la escuder\u00eda francesa\" alt=\"Ol\u00e9 capt\u00f3 al australiano ingresando al hospitality de la escuder\u00eda francesa\" rel=\"noopener\">capt\u00f3 al australiano ingresando al hospitality de la escuder\u00eda francesa<\/a> cuando no se esperaba que viajara a Italia. Al ratito, el que dijo &#8216;aqu\u00ed estoy&#8217; fue <strong>Mick Doohan<\/strong>, pentacampe\u00f3n de MotoGP y padre del reci\u00e9n desplazado, que habl\u00f3 con este diario y desminti\u00f3 las versiones de &#8220;equipo con pilotos de paga&#8221; que habr\u00edan salido de su boca.<\/p>\n<\/div>\n<div class=\"custom-text \" readability=\"37\">\n<p>L\u00f3gicamente, la primera pregunta apunt\u00f3 a la frase viralizada en las redes sociales (&#8220;Alpine es un equipo con pilotos de pago&#8221;). Ante esto, el australiano respondi\u00f3: <strong>&#8220;No s\u00e9 de qu\u00e9 est\u00e1n hablando. Habl\u00e9 con la televisi\u00f3n espa\u00f1ola, pero nada m\u00e1s&#8221;<\/strong>.<\/p>\n<\/div>\n<div class=\"sc-734b4696-1 kFfZtB\" readability=\"6\">\n<div class=\"sc-d00d9e74-0 hnHYbk\" type=\"embed\">\n<div class=\"sc-d00d9e74-1 iKVbz videoText\" id=\"contentTitleembed7JurysK0\" type=\"embed\"><svg fill=\"#ffffff\"><symbol id=\"play\" viewBox=\"0 0 512 512\"><path d=\"M512 256C512 397.4 397.4 512 256 512C114.6 512 0 397.4 0 256C0 114.6 114.6 0 256 0C397.4 0 512 114.6 512 256zM176 168V344C176 352.7 180.7 360.7 188.3 364.9C195.8 369.2 205.1 369 212.5 364.5L356.5 276.5C363.6 272.1 368 264.4 368 256C368 247.6 363.6 239.9 356.5 235.5L212.5 147.5C205.1 142.1 195.8 142.8 188.3 147.1C180.7 151.3 176 159.3 176 168V168z\" \/><\/symbol><use xlink:href=\"#play\" \/><\/svg><\/p>\n<div class=\"right\">\n<p>Jack Doohan<!-- --> &#8211; <span>&nbsp;<\/span><\/p>\n<h2 class=\"title-vid\">Jack Doohan presente en Imola<\/h2>\n<\/div>\n<\/div>\n<p><span class=\"back\" id=\"spanBackembed7JurysK0\"><\/span><\/div>\n<div class=\"JWvideoNota_title\" readability=\"7\">\n<p>Por: Sergio Stuart &#8211; enviado especial <\/p>\n<\/div>\n<\/div>\n<div class=\"custom-text \" readability=\"39\">\n<p>En cuanto a la situaci\u00f3n de su hijo, quien tuvo seis carreras para demostrar su val\u00eda y no termin\u00f3 de conformar a Flavio Briatore y al resto de la c\u00fapula, Mick se mostr\u00f3 tranquilo: &#8220;La situaci\u00f3n est\u00e1 bien. Ha estado rindiendo bien. <strong>Es todo lo que puede hacer, rendir bien y ver qu\u00e9 pasa. <\/strong>Creo que hizo un buen trabajo en su primera carrera. Estuvo por delante de Pierre en la FP1 y FP2, y hasta el trompo de Hamilton era m\u00e1s r\u00e1pido que Gasly&#8230;<strong> Lo \u00fanico que pod\u00e9s hacer es ser m\u00e1s r\u00e1pido que tu compa\u00f1ero y \u00e9l lo ha hecho regularmente<\/strong>&#8220;.<\/p>\n<\/div>\n<div class=\"custom-text \" readability=\"43\">\n<p>Finalmente, el ex motociclista de 59 a\u00f1os se refiri\u00f3 a Colapinto. \u00bfQued\u00f3 alg\u00fan remordimiento por haberle quitado la butaca a su hijo? Si lo hay, no lo quiso exponer. Sin entrar en pol\u00e9mica, despach\u00f3: <strong>&#8220;\u00bfChoc\u00f3? No lo sab\u00eda. No estoy seguro de si es mucha presi\u00f3n o no, no manejo un equipo&#8230;&#8221;<\/strong>. Buena onda, Mick, que hasta se anim\u00f3 a hacerle un mimo al pa\u00eds: &#8220;Soy un ex corredor y un hombre de negocios, pero adoro hablar con ustedes. <strong>Amo a la Argentina, corr\u00ed all\u00e1 y es un gran pa\u00eds<\/strong>&#8220;.<\/p>\n<\/div>\n<p><h2>La palabra de Mick Doohan, padre de Jack, en di\u00e1logo con Ol\u00e9<\/h2>\n<\/p>\n<div class=\"sc-734b4696-1 kFfZtB\" readability=\"9\">\n<div class=\"sc-d00d9e74-0 hnHYbk\" type=\"embed\">\n<div class=\"sc-d00d9e74-1 iKVbz videoText\" id=\"contentTitleembedoZwpgYoe\" type=\"embed\"><svg fill=\"#ffffff\"><symbol id=\"play\" viewBox=\"0 0 512 512\"><path d=\"M512 256C512 397.4 397.4 512 256 512C114.6 512 0 397.4 0 256C0 114.6 114.6 0 256 0C397.4 0 512 114.6 512 256zM176 168V344C176 352.7 180.7 360.7 188.3 364.9C195.8 369.2 205.1 369 212.5 364.5L356.5 276.5C363.6 272.1 368 264.4 368 256C368 247.6 363.6 239.9 356.5 235.5L212.5 147.5C205.1 142.1 195.8 142.8 188.3 147.1C180.7 151.3 176 159.3 176 168V168z\" \/><\/symbol><use xlink:href=\"#play\" \/><\/svg><\/p>\n<div class=\"right\">\n<p>Franco Colapinto<!-- --> &#8211; <span>&nbsp;<\/span><\/p>\n<h2 class=\"title-vid\">Pap\u00e1 de Doohan con Ol\u00e9: &#8220;Amo Argentina, corr\u00ed ah\u00ed&#8221; <\/h2>\n<\/div>\n<\/div>\n<p><span class=\"back\" id=\"spanBackembedoZwpgYoe\"><\/span><\/div>\n<div class=\"JWvideoNota_title\" readability=\"13\">\n<p>Mick, padre de Jack, no sab\u00eda que Franco hab\u00eda chocado y prefiri\u00f3 no opinar al respecto sobre el piloto argentino. <\/p>\n<p>Pero s\u00ed habl\u00f3 muy bien del pa\u00eds y opin\u00f3 sobre la performance de su hijo en las primeras carreras de F\u00f3rmula 1<\/p>\n<\/div>\n<\/div>\n<div class=\"sc-a7166897-0 eoLsBE\" readability=\"6\">\n<section readability=\"2\"><picture><img alt=\"Video: el accidente de Franco Colapinto en la clasificaci\u00f3n de la F1 en Imola\" loading=\"lazy\" width=\"290\" height=\"290\" decoding=\"async\" data-nimg=\"1\" src=\"http:\/\/cordobadirecto.com\/wp-content\/uploads\/2025\/05\/mick-doohan-con-ole-desmintio-la-frase-de-pilotos-de-pago-y-analizo-la-disputa-jack-colapinto.jpg\"><\/picture>\n<p><span>Mir\u00e1 tambi\u00e9n<\/span><\/p>\n<hr>\n<h3>Video: el accidente de Franco Colapinto en la clasificaci\u00f3n de la F1 en Imola<\/h3>\n<\/p>\n<\/section>\n<\/div>\n<div class=\"sc-a7166897-0 eoLsBE\" readability=\"6\">\n<section readability=\"2\"><picture><img alt=\"Por qu\u00e9 Franco Colapinto podr\u00eda largar desde boxes en el Gran Premio de Imola\" loading=\"lazy\" width=\"290\" height=\"290\" decoding=\"async\" data-nimg=\"1\" src=\"http:\/\/cordobadirecto.com\/wp-content\/uploads\/2025\/05\/mick-doohan-con-ole-desmintio-la-frase-de-pilotos-de-pago-y-analizo-la-disputa-jack-colapinto-1.jpg\"><\/picture>\n<p><span>Mir\u00e1 tambi\u00e9n<\/span><\/p>\n<hr>\n<h3>Por qu\u00e9 Franco Colapinto podr\u00eda largar desde boxes en el Gran Premio de Imola<\/h3>\n<\/p>\n<\/section>\n<\/div>\n<div class=\"sc-a7166897-0 eoLsBE\" readability=\"6\">\n<section readability=\"2\"><picture><img alt=\"El mensaje de Alpine para Colapinto tras su accidente en la clasificaci\u00f3n en Imola\" loading=\"lazy\" width=\"290\" height=\"290\" decoding=\"async\" data-nimg=\"1\" src=\"http:\/\/cordobadirecto.com\/wp-content\/uploads\/2025\/05\/mick-doohan-con-ole-desmintio-la-frase-de-pilotos-de-pago-y-analizo-la-disputa-jack-colapinto-2.jpg\"><\/picture>\n<p><span>Mir\u00e1 tambi\u00e9n<\/span><\/p>\n<hr>\n<h3>El mensaje de Alpine para Colapinto tras su accidente en la clasificaci\u00f3n en Imola<\/h3>\n<\/p>\n<\/section>\n<\/div>\n<div class=\"sc-a7166897-0 eoLsBE\" readability=\"6\">\n<section readability=\"2\"><picture><img alt=\"Exclusivo Ol\u00e9: la inesperada aparici\u00f3n de Jack Doohan en el Gran Premio de Imola\" loading=\"lazy\" width=\"290\" height=\"290\" decoding=\"async\" data-nimg=\"1\" src=\"http:\/\/cordobadirecto.com\/wp-content\/uploads\/2025\/05\/mick-doohan-con-ole-desmintio-la-frase-de-pilotos-de-pago-y-analizo-la-disputa-jack-colapinto-3.jpg\"><\/picture>\n<p><span>Mir\u00e1 tambi\u00e9n<\/span><\/p>\n<hr>\n<h3>Exclusivo Ol\u00e9: la inesperada aparici\u00f3n de Jack Doohan en el Gran Premio de Imola<\/h3>\n<\/p>\n<\/section>\n<\/div>\n<div class=\"sc-a7166897-0 eoLsBE\" readability=\"6.5\">\n<section readability=\"3\"><picture><img alt=\"Qu\u00e9 dijo Franco Colapinto luego del accidente que sufri\u00f3 en la qualy del Gran Premio de Imola\" loading=\"lazy\" width=\"290\" height=\"290\" decoding=\"async\" data-nimg=\"1\" src=\"http:\/\/cordobadirecto.com\/wp-content\/uploads\/2025\/05\/mick-doohan-con-ole-desmintio-la-frase-de-pilotos-de-pago-y-analizo-la-disputa-jack-colapinto-4.jpg\"><\/picture>\n<p><span>Mir\u00e1 tambi\u00e9n<\/span><\/p>\n<hr>\n<h3>Qu\u00e9 dijo Franco Colapinto luego del accidente que sufri\u00f3 en la qualy del Gran Premio de Imola<\/h3>\n<\/p>\n<\/section>\n<\/div>\n<\/div>\n","protected":false},"excerpt":{"rendered":"<p>17\/05\/2025 14:42hs. El mundo dej\u00f3 de girar en torno a Jack Doohan, piloto de Alpine, ahora que Franco Colapinto lo reemplaz\u00f3 y se convirti\u00f3 en uno de los 20 titulares de la F\u00f3rmula 1. Sin embargo, su presencia sigue haciendo ruido. Este s\u00e1bado, antes de que el argentino se estrellara en la clasificaci\u00f3n, Ol\u00e9 capt\u00f3 [&hellip;]<\/p>\n","protected":false},"author":1,"featured_media":166777,"comment_status":"closed","ping_status":"closed","sticky":false,"template":"","format":"standard","meta":[],"categories":[21],"tags":[],"_links":{"self":[{"href":"http:\/\/cordobadirecto.com\/index.php\/wp-json\/wp\/v2\/posts\/166776"}],"collection":[{"href":"http:\/\/cordobadirecto.com\/index.php\/wp-json\/wp\/v2\/posts"}],"about":[{"href":"http:\/\/cordobadirecto.com\/index.php\/wp-json\/wp\/v2\/types\/post"}],"author":[{"embeddable":true,"href":"http:\/\/cordobadirecto.com\/index.php\/wp-json\/wp\/v2\/users\/1"}],"replies":[{"embeddable":true,"href":"http:\/\/cordobadirecto.com\/index.php\/wp-json\/wp\/v2\/comments?post=166776"}],"version-history":[{"count":0,"href":"http:\/\/cordobadirecto.com\/index.php\/wp-json\/wp\/v2\/posts\/166776\/revisions"}],"wp:featuredmedia":[{"embeddable":true,"href":"http:\/\/cordobadirecto.com\/index.php\/wp-json\/wp\/v2\/media\/166777"}],"wp:attachment":[{"href":"http:\/\/cordobadirecto.com\/index.php\/wp-json\/wp\/v2\/media?parent=166776"}],"wp:term":[{"taxonomy":"category","embeddable":true,"href":"http:\/\/cordobadirecto.com\/index.php\/wp-json\/wp\/v2\/categories?post=166776"},{"taxonomy":"post_tag","embeddable":true,"href":"http:\/\/cordobadirecto.com\/index.php\/wp-json\/wp\/v2\/tags?post=166776"}],"curies":[{"name":"wp","href":"https:\/\/api.w.org\/{rel}","templated":true}]}}