{"id":166841,"date":"2025-05-18T17:20:58","date_gmt":"2025-05-18T17:20:58","guid":{"rendered":"https:\/\/www.ole.com.ar\/autos\/dijo-pierre-gasly-carrera-imola-formula-1-alpine_0_5GG6KBN90z.html"},"modified":"2025-05-18T17:20:58","modified_gmt":"2025-05-18T17:20:58","slug":"que-dijo-pierre-gasly-luego-de-la-carrera-de-alpine-y-su-error","status":"publish","type":"post","link":"http:\/\/cordobadirecto.com\/index.php\/2025\/05\/18\/que-dijo-pierre-gasly-luego-de-la-carrera-de-alpine-y-su-error\/","title":{"rendered":"Qu\u00e9 dijo Pierre Gasly luego de la carrera de Alpine y su error"},"content":{"rendered":"<p><time class=\"createDate\" datetime=\"2025-05-18T14:20:58-03:00\">18\/05\/2025 14:20hs.<\/time><\/p>\n<div id=\"storyBody\">\n<div class=\"custom-text \" readability=\"29.966101694915\">\n<p>Se termin\u00f3 la carrera y <strong><a href=\"https:\/\/www.ole.com.ar\/tema\/pierre-gasly.html\" title=\"Pierre Gasly\" alt=\"Pierre Gasly\" class=\"slug\">Pierre Gasly<\/a><\/strong> pas\u00f3 unos minutos por la zona mixta. Su cara reflejaba su \u00e1nimo luego de una s\u00e9ptima fecha que no dej\u00f3 puntos para <strong>Alpine<\/strong> en el campeonato luego de su 13a posici\u00f3n y la 16a de <strong><a href=\"https:\/\/www.ole.com.ar\/tema\/franco-colapinto.html\" title=\"Franco Colapinto\" alt=\"Franco Colapinto\" class=\"slug\">Franco Colapinto<\/a><\/strong>.<\/p>\n<\/div>\n<div class=\"custom-text \" readability=\"38\">\n<p>Naturalmente, se espera m\u00e1s del franc\u00e9s, el 10 del equipo (por responsabilidad y n\u00famero de su auto), un piloto que ya gan\u00f3 un GP y suele rendir. Sin embargo, <strong>este domingo en el Enzo e Dino Ferrari no anduvo.<\/strong><\/p>\n<\/div>\n<p><h2>La autocr\u00edtica de Pierre Gasly<\/h2>\n<\/p>\n<div class=\"custom-text \" readability=\"39\">\n<p>\u201cPersonalmente, no estoy contento con mi carrera porque comet\u00ed un error costoso y s\u00e9 que no deber\u00eda ocurrir. Tuve una buena salida, hasta el noveno puesto, y luego tuve que luchar duro con Charles (Leclerc)&#8221;, comenz\u00f3 el piloto <strong>antes de meterse de lleno en su error cuando intent\u00f3 superar al monegasco<\/strong>.<\/p>\n<\/div>\n<div class=\"sc-e7b891c4-0 ifHnQL image-embed\"><img alt=\"Pierre Gasly en Imola.\" loading=\"lazy\" width=\"720\" height=\"100\" decoding=\"async\" data-nimg=\"1\" src=\"http:\/\/cordobadirecto.com\/wp-content\/uploads\/2025\/05\/que-dijo-pierre-gasly-luego-de-la-carrera-de-alpine-y-su-error.jpg\"><span class=\"epigraphe\">Pierre Gasly en Imola.<\/span><\/div>\n<div class=\"custom-text \">\n<blockquote><p>No estoy contento con mi carrera porque comet\u00ed un error costoso y s\u00e9 que no deber\u00eda ocurrir.<\/p><\/blockquote>\n<\/div>\n<div class=\"custom-text \" readability=\"36\">\n<p>&#8220;Pens\u00e9 que podr\u00eda pasar la curva 9 abri\u00e9ndome un poco m\u00e1s con Charles subiendo por el interior. Gir\u00e9 hacia dentro, <strong>no ten\u00eda agarre, no pas\u00e9 la curva y me cost\u00f3 cinco posiciones<\/strong>&#8220;, agreg\u00f3.<\/p>\n<\/div>\n<div class=\"sc-e7b891c4-0 ifHnQL image-embed\"><img alt=\"Pierre Gasly y Franco Colapinto.\" loading=\"lazy\" width=\"720\" height=\"100\" decoding=\"async\" data-nimg=\"1\" src=\"http:\/\/cordobadirecto.com\/wp-content\/uploads\/2025\/05\/que-dijo-pierre-gasly-luego-de-la-carrera-de-alpine-y-su-error-1.jpg\"><span class=\"epigraphe\">Pierre Gasly y Franco Colapinto.<\/span><\/div>\n<div class=\"custom-text \" readability=\"38\">\n<p>Despu\u00e9s de esa maniobra, lleg\u00f3 otro contratiempo para los dos Alpine. Gasly lo explic\u00f3 as\u00ed: &#8220;Decidimos hacer la doble parada (en boxes), que pintaba bien, y probablemente \u00edbamos a estar en una pelea con los que hac\u00edan una sola hacia el final de la carrera. <strong>El coche de seguridad de \u00faltima hora dio a los de delante una parada gratuita<\/strong> y no tuvimos suficiente vida de neum\u00e1ticos para intentar sumar puntos&#8221;.<\/p>\n<\/div>\n<div class=\"custom-text \" readability=\"37\">\n<p>Finalmente, Gasly vio la parte medio llena del vaso: &#8220;En general, mostramos un buen ritmo durante todo el fin de semana. Me sent\u00ed satisfecho con el coche desde la primera vuelta. Sabemos la semana que viene (en M\u00f3naco) <strong>lo importante que es la clasificaci\u00f3n y espero que podamos aprovechar algunas de nuestras fortalezas<\/strong>\u201d.<\/p>\n<\/div>\n<div class=\"custom-text \" readability=\"32\">\n<p><strong>IMOLA (ENVIADO ESPECIAL).<\/strong><\/p>\n<\/div>\n<div class=\"sc-a7166897-0 eoLsBE\" readability=\"6.5\">\n<section readability=\"3\"><picture><img alt=\"Franco Colapinto a Ol\u00e9: &quot;No es el resultado que esper\u00e1bamos, pero es lo que hay&quot;\" loading=\"lazy\" width=\"290\" height=\"290\" decoding=\"async\" data-nimg=\"1\" src=\"http:\/\/cordobadirecto.com\/wp-content\/uploads\/2025\/05\/que-dijo-pierre-gasly-luego-de-la-carrera-de-alpine-y-su-error-2.jpg\"><\/picture>\n<p><span>Mir\u00e1 tambi\u00e9n<\/span><\/p>\n<hr>\n<h3>Franco Colapinto a Ol\u00e9: &#8220;No es el resultado que esper\u00e1bamos, pero es lo que hay&#8221;<\/h3>\n<\/p>\n<\/section>\n<\/div>\n<div class=\"sc-a7166897-0 eoLsBE\" readability=\"6.5\">\n<section readability=\"3\"><picture><img alt=\"Opini\u00f3n: sin poder acelerar, Franco Colapinto aprob\u00f3 en el debut\" loading=\"lazy\" width=\"290\" height=\"290\" decoding=\"async\" data-nimg=\"1\" src=\"http:\/\/cordobadirecto.com\/wp-content\/uploads\/2025\/05\/que-dijo-pierre-gasly-luego-de-la-carrera-de-alpine-y-su-error-3.jpg\"><\/picture>\n<p><span>Mir\u00e1 tambi\u00e9n<\/span><\/p>\n<hr>\n<h3>Opini\u00f3n: sin poder acelerar, Franco Colapinto aprob\u00f3 en el debut<\/h3>\n<\/p>\n<\/section>\n<\/div>\n<div class=\"sc-a7166897-0 eoLsBE\" readability=\"6.5\">\n<section readability=\"3\"><picture><img alt=\"Locura por Franco Colapinto en Imola: aut\u00f3grafos, cantitos y banderas argentinas\" loading=\"lazy\" width=\"290\" height=\"290\" decoding=\"async\" data-nimg=\"1\" src=\"http:\/\/cordobadirecto.com\/wp-content\/uploads\/2025\/05\/que-dijo-pierre-gasly-luego-de-la-carrera-de-alpine-y-su-error-4.jpg\"><\/picture>\n<p><span>Mir\u00e1 tambi\u00e9n<\/span><\/p>\n<hr>\n<h3>Locura por Franco Colapinto en Imola: aut\u00f3grafos, cantitos y banderas argentinas<\/h3>\n<\/p>\n<\/section>\n<\/div>\n<\/div>\n","protected":false},"excerpt":{"rendered":"<p>18\/05\/2025 14:20hs. Se termin\u00f3 la carrera y Pierre Gasly pas\u00f3 unos minutos por la zona mixta. Su cara reflejaba su \u00e1nimo luego de una s\u00e9ptima fecha que no dej\u00f3 puntos para Alpine en el campeonato luego de su 13a posici\u00f3n y la 16a de Franco Colapinto. Naturalmente, se espera m\u00e1s del franc\u00e9s, el 10 del [&hellip;]<\/p>\n","protected":false},"author":1,"featured_media":166842,"comment_status":"closed","ping_status":"closed","sticky":false,"template":"","format":"standard","meta":[],"categories":[21],"tags":[],"_links":{"self":[{"href":"http:\/\/cordobadirecto.com\/index.php\/wp-json\/wp\/v2\/posts\/166841"}],"collection":[{"href":"http:\/\/cordobadirecto.com\/index.php\/wp-json\/wp\/v2\/posts"}],"about":[{"href":"http:\/\/cordobadirecto.com\/index.php\/wp-json\/wp\/v2\/types\/post"}],"author":[{"embeddable":true,"href":"http:\/\/cordobadirecto.com\/index.php\/wp-json\/wp\/v2\/users\/1"}],"replies":[{"embeddable":true,"href":"http:\/\/cordobadirecto.com\/index.php\/wp-json\/wp\/v2\/comments?post=166841"}],"version-history":[{"count":0,"href":"http:\/\/cordobadirecto.com\/index.php\/wp-json\/wp\/v2\/posts\/166841\/revisions"}],"wp:featuredmedia":[{"embeddable":true,"href":"http:\/\/cordobadirecto.com\/index.php\/wp-json\/wp\/v2\/media\/166842"}],"wp:attachment":[{"href":"http:\/\/cordobadirecto.com\/index.php\/wp-json\/wp\/v2\/media?parent=166841"}],"wp:term":[{"taxonomy":"category","embeddable":true,"href":"http:\/\/cordobadirecto.com\/index.php\/wp-json\/wp\/v2\/categories?post=166841"},{"taxonomy":"post_tag","embeddable":true,"href":"http:\/\/cordobadirecto.com\/index.php\/wp-json\/wp\/v2\/tags?post=166841"}],"curies":[{"name":"wp","href":"https:\/\/api.w.org\/{rel}","templated":true}]}}