{"id":167157,"date":"2025-05-23T19:00:07","date_gmt":"2025-05-23T19:00:07","guid":{"rendered":"https:\/\/www.ole.com.ar\/autos\/campeon-formula-1-refirio-ascenso-franco-colapinto-alpine-jenson-button_0_TcUszW4Uic.html"},"modified":"2025-05-23T19:00:07","modified_gmt":"2025-05-23T19:00:07","slug":"un-campeon-de-formula-1-critico-el-cambio-colapinto-doohan-en-alpine","status":"publish","type":"post","link":"http:\/\/cordobadirecto.com\/index.php\/2025\/05\/23\/un-campeon-de-formula-1-critico-el-cambio-colapinto-doohan-en-alpine\/","title":{"rendered":"Un campe\u00f3n de F\u00f3rmula 1 critic\u00f3 el cambio Colapinto-Doohan en Alpine"},"content":{"rendered":"<p><time class=\"createDate\" datetime=\"2025-05-23T16:00:07-03:00\">23\/05\/2025 16:00hs.<\/time><\/p>\n<div id=\"storyBody\">\n<div class=\"custom-text \" readability=\"39\">\n<p><strong>La F\u00f3rmula 1 ya tuvo sus primeras pr\u00e1cticas libres en el m\u00edtico circuito de M\u00f3naco, con Franco Colapinto presente en el auto de Alpine.<\/strong> El pilarense no se destac\u00f3 en la tabla de tiempos, ya que el objetivo de la escuder\u00eda francesa es que vaya progresando de a poco para llegar con plena confianza a la clasificaci\u00f3n del s\u00e1bado. <strong>Sin embargo, si alguien no pod\u00eda dejar de opinar sobre el sorpresivo cambio entre Jack Doohan y el argentino, <\/strong>ese era un ex campe\u00f3n de la M\u00e1xima:<strong> Jenson Button.<\/strong><\/p>\n<\/div>\n<p><h2><strong>Qu\u00e9 dijo Button sobre el ascenso de Colapinto por Doohan<\/strong><\/h2>\n<\/p>\n<div class=\"custom-text \" readability=\"40\">\n<p><strong>El piloto brit\u00e1nico, campe\u00f3n del mundo en 2009 con Brawn GP,<\/strong> no tard\u00f3 en criticar la decisi\u00f3n de Alpine de subir a Colapinto en lugar de Doohan. <strong>\u201cCreo que deber\u00eda haber una normativa que diga que no se puede cambiar de piloto durante una temporada.<\/strong> Tienes un contrato, tiene que correr una temporada\u201d, declar\u00f3. Adem\u00e1s, reflexion\u00f3 tras el desempe\u00f1o del argentino en Imola y agreg\u00f3: <strong>\u201cNo fue como si hubiera un avance con respecto a lo que hac\u00eda Jack\u201d.<\/strong><\/p>\n<\/div>\n<div class=\"sc-e7b891c4-0 ifHnQL image-embed\"><img alt=\"Colapinto durante las pr\u00e1cticas libres en M\u00f3naco.\n(REUTERS\/Stephanie Lecocq)\" loading=\"lazy\" width=\"720\" height=\"100\" decoding=\"async\" data-nimg=\"1\" src=\"http:\/\/cordobadirecto.com\/wp-content\/uploads\/2025\/05\/un-campeon-de-formula-1-critico-el-cambio-colapinto-doohan-en-alpine.jpg\"><span class=\"epigraphe\">Colapinto durante las pr\u00e1cticas libres en M\u00f3naco.<br \/>\n(REUTERS\/Stephanie Lecocq)<\/span><\/div>\n<div class=\"custom-text \" readability=\"42\">\n<p><strong>Button tambi\u00e9n valor\u00f3 lo hecho por el australiano<\/strong> tras sus seis Grandes Premios con Alpine: \u201cEn cierto modo, <strong>es muy duro para Jack,<\/strong> \u00bfno?<strong> Porque tuvo destellos de velocidad.<\/strong> S\u00e9 que tuvo algunos choques, pero a veces simplemente tuvo mala suerte con los momentos, las banderas amarillas y dem\u00e1s. <strong>Y hubo ocasiones en las que igual\u00f3 el ritmo de Pierre Gasly,<\/strong> as\u00ed que, dejando de lado las consideraciones comerciales, se siente duro para Jack Doohan\u201d.<\/p>\n<\/div>\n<div class=\"sc-e7b891c4-0 ifHnQL image-embed\"><img alt=\"Franco Colapinto en el GP de M\u00f3naco de la F1.\" loading=\"lazy\" width=\"720\" height=\"100\" decoding=\"async\" data-nimg=\"1\" src=\"http:\/\/cordobadirecto.com\/wp-content\/uploads\/2025\/05\/un-campeon-de-formula-1-critico-el-cambio-colapinto-doohan-en-alpine-1.jpg\"><span class=\"epigraphe\">Franco Colapinto en el GP de M\u00f3naco de la F1.<\/span><\/div>\n<div class=\"custom-text \" readability=\"39\">\n<p><strong>Para cerrar,<\/strong> el brit\u00e1nico tambi\u00e9n record\u00f3 el rendimiento que Colapinto hab\u00eda demostrado previamente en otra escuder\u00eda: <strong>\u201cColapinto fue rapid\u00edsimo cuando se subi\u00f3 al Williams el a\u00f1o pasado e inmediatamente obtuvo buenos resultados.<\/strong> As\u00ed que entiendo que, si vas y hay un piloto de pruebas, \u00e9l est\u00e9 ah\u00ed y est\u00e9 dispuesto a subirse. Pero s\u00ed, es muy duro (cambiar de pilotos) despu\u00e9s de unas pocas carreras\u201d.<\/p>\n<\/div>\n<div class=\"sc-e7b891c4-0 ifHnQL image-embed\"><img alt=\"Jenson Button (Brawn GP) adelantando a Lewis Hamilton (McLaren) en el GP de Bahrein de 2009, a\u00f1o en el que se consagr\u00f3 campe\u00f3n de la F1. (AP Photo\/Hassan Ammar, File)\" loading=\"lazy\" width=\"720\" height=\"100\" decoding=\"async\" data-nimg=\"1\" src=\"http:\/\/cordobadirecto.com\/wp-content\/uploads\/2025\/05\/un-campeon-de-formula-1-critico-el-cambio-colapinto-doohan-en-alpine-2.jpg\"><span class=\"epigraphe\">Jenson Button (Brawn GP) adelantando a Lewis Hamilton (McLaren) en el GP de Bahrein de 2009, a\u00f1o en el que se consagr\u00f3 campe\u00f3n de la F1. (AP Photo\/Hassan Ammar, File)<\/span><\/div>\n<p><h2><strong>C\u00f3mo sigue el finde de Colapinto en M\u00f3naco<\/strong><\/h2>\n<\/p>\n<div class=\"custom-text \" readability=\"37\">\n<p><strong>La acci\u00f3n en el trazado monegasco continuar\u00e1<\/strong> este s\u00e1bado con la tercera y \u00faltima sesi\u00f3n de entrenamientos <strong>a las 7.30,<\/strong> seguida por <strong>la clasificaci\u00f3n a las 11. <\/strong>El domingo ser\u00e1 el turno de<strong> la carrera,<\/strong> que se disputar\u00e1 a 78 vueltas <strong>a partir de las 10.<\/strong> Toda la actividad podr\u00e1 seguirse en vivo a trav\u00e9s de <strong>Disney+ Premium y Fox Sports.<\/strong><\/p>\n<\/div>\n<div class=\"sc-a7166897-0 eoLsBE\" readability=\"6\">\n<section readability=\"2\"><picture><img alt=\"Con la mira en M\u00f3naco: Briatore vuelve a apoyar a Colapinto\" loading=\"lazy\" width=\"290\" height=\"290\" decoding=\"async\" data-nimg=\"1\" src=\"http:\/\/cordobadirecto.com\/wp-content\/uploads\/2025\/05\/un-campeon-de-formula-1-critico-el-cambio-colapinto-doohan-en-alpine-3.jpg\"><\/picture>\n<p><span>Mir\u00e1 tambi\u00e9n<\/span><\/p>\n<hr>\n<h3>Con la mira en M\u00f3naco: Briatore vuelve a apoyar a Colapinto<\/h3>\n<\/p>\n<\/section>\n<\/div>\n<div class=\"sc-a7166897-0 eoLsBE\" readability=\"6\">\n<section readability=\"2\"><picture><img alt=\"Video: el gesto ir\u00f3nico de Max Verstappen hacia Franco Colapinto en M\u00f3naco\" loading=\"lazy\" width=\"290\" height=\"290\" decoding=\"async\" data-nimg=\"1\" src=\"http:\/\/cordobadirecto.com\/wp-content\/uploads\/2025\/05\/un-campeon-de-formula-1-critico-el-cambio-colapinto-doohan-en-alpine-4.jpg\"><\/picture>\n<p><span>Mir\u00e1 tambi\u00e9n<\/span><\/p>\n<hr>\n<h3>Video: el gesto ir\u00f3nico de Max Verstappen hacia Franco Colapinto en M\u00f3naco<\/h3>\n<\/p>\n<\/section>\n<\/div>\n<div class=\"sc-a7166897-0 eoLsBE\" readability=\"7\">\n<section readability=\"4\"><picture><img alt=\"Franco Colapinto cuid\u00f3 el Alpine en las pr\u00e1cticas, el s\u00e1bado ser\u00e1 tiempo de acelerar\" loading=\"lazy\" width=\"290\" height=\"290\" decoding=\"async\" data-nimg=\"1\" src=\"http:\/\/cordobadirecto.com\/wp-content\/uploads\/2025\/05\/un-campeon-de-formula-1-critico-el-cambio-colapinto-doohan-en-alpine-5.jpg\"><\/picture>\n<p><span>Mir\u00e1 tambi\u00e9n<\/span><\/p>\n<hr>\n<h3>Franco Colapinto cuid\u00f3 el Alpine en las pr\u00e1cticas, el s\u00e1bado ser\u00e1 tiempo de acelerar<\/h3>\n<\/p>\n<\/section>\n<\/div>\n<\/div>\n","protected":false},"excerpt":{"rendered":"<p>23\/05\/2025 16:00hs. La F\u00f3rmula 1 ya tuvo sus primeras pr\u00e1cticas libres en el m\u00edtico circuito de M\u00f3naco, con Franco Colapinto presente en el auto de Alpine. El pilarense no se destac\u00f3 en la tabla de tiempos, ya que el objetivo de la escuder\u00eda francesa es que vaya progresando de a poco para llegar con plena [&hellip;]<\/p>\n","protected":false},"author":1,"featured_media":167158,"comment_status":"closed","ping_status":"closed","sticky":false,"template":"","format":"standard","meta":[],"categories":[21],"tags":[],"_links":{"self":[{"href":"http:\/\/cordobadirecto.com\/index.php\/wp-json\/wp\/v2\/posts\/167157"}],"collection":[{"href":"http:\/\/cordobadirecto.com\/index.php\/wp-json\/wp\/v2\/posts"}],"about":[{"href":"http:\/\/cordobadirecto.com\/index.php\/wp-json\/wp\/v2\/types\/post"}],"author":[{"embeddable":true,"href":"http:\/\/cordobadirecto.com\/index.php\/wp-json\/wp\/v2\/users\/1"}],"replies":[{"embeddable":true,"href":"http:\/\/cordobadirecto.com\/index.php\/wp-json\/wp\/v2\/comments?post=167157"}],"version-history":[{"count":0,"href":"http:\/\/cordobadirecto.com\/index.php\/wp-json\/wp\/v2\/posts\/167157\/revisions"}],"wp:featuredmedia":[{"embeddable":true,"href":"http:\/\/cordobadirecto.com\/index.php\/wp-json\/wp\/v2\/media\/167158"}],"wp:attachment":[{"href":"http:\/\/cordobadirecto.com\/index.php\/wp-json\/wp\/v2\/media?parent=167157"}],"wp:term":[{"taxonomy":"category","embeddable":true,"href":"http:\/\/cordobadirecto.com\/index.php\/wp-json\/wp\/v2\/categories?post=167157"},{"taxonomy":"post_tag","embeddable":true,"href":"http:\/\/cordobadirecto.com\/index.php\/wp-json\/wp\/v2\/tags?post=167157"}],"curies":[{"name":"wp","href":"https:\/\/api.w.org\/{rel}","templated":true}]}}