{"id":167159,"date":"2025-05-23T17:45:10","date_gmt":"2025-05-23T17:45:10","guid":{"rendered":"https:\/\/www.ole.com.ar\/autos\/declaraciones-franco-colapinto-despues-practicas-formula-1-monaco_0_6non9T1XLN.html"},"modified":"2025-05-23T17:45:10","modified_gmt":"2025-05-23T17:45:10","slug":"que-dijo-franco-colapinto-tras-las-dos-practicas-en-el-gp-de-monaco","status":"publish","type":"post","link":"http:\/\/cordobadirecto.com\/index.php\/2025\/05\/23\/que-dijo-franco-colapinto-tras-las-dos-practicas-en-el-gp-de-monaco\/","title":{"rendered":"Qu\u00e9 dijo Franco Colapinto tras las dos pr\u00e1cticas en el GP de M\u00f3naco"},"content":{"rendered":"<p><time class=\"createDate\" datetime=\"2025-05-23T14:45:10-03:00\">23\/05\/2025 14:45hs.<\/time><\/p>\n<div id=\"storyBody\">\n<div class=\"custom-text \" readability=\"31.456310679612\">\n<p>Los pilotos tienen asignados d\u00edas de declaraciones y a qu\u00e9 tipo de prensa se las dan. Este viernes, despu\u00e9s de los dos ensayos, <strong><a href=\"https:\/\/www.ole.com.ar\/tema\/franco-colapinto.html\" title=\"Franco Colapinto\" alt=\"Franco Colapinto\" class=\"slug\">Franco Colapinto<\/a><\/strong> contest\u00f3 las preguntas de la TV oficial de la <strong><a href=\"https:\/\/www.ole.com.ar\/tema\/formula-1.html\" title=\"F\u00f3rmula 1\" alt=\"F\u00f3rmula 1\" class=\"slug\">F\u00f3rmula 1<\/a><\/strong>.<\/p>\n<\/div>\n<div class=\"custom-text \" readability=\"39\">\n<p>&#8220;Estuvimos yendo paso a paso, <strong>creo que hay mucha informaci\u00f3n para rodar hoy<\/strong>, esta noche y volver m\u00e1s fuertes ma\u00f1ana. Creo que mejoramos, especialmente en tandas largas, donde el ritmo era m\u00e1s fuerte y bastante bueno&#8221;, dijo Fran.<\/p>\n<\/div>\n<div class=\"sc-e7b891c4-0 ifHnQL image-embed\"><img alt=\"Franco Colapinto encara la curva Fairmont Hairpin, la m\u00e1s lenta del calendario.\" loading=\"lazy\" width=\"720\" height=\"100\" decoding=\"async\" data-nimg=\"1\" src=\"http:\/\/cordobadirecto.com\/wp-content\/uploads\/2025\/05\/que-dijo-franco-colapinto-tras-las-dos-practicas-en-el-gp-de-monaco.jpg\"><span class=\"epigraphe\">Franco Colapinto encara la curva Fairmont Hairpin, la m\u00e1s lenta del calendario.<\/span><\/div>\n<div class=\"custom-text \" readability=\"39\">\n<p>Respecto de la pista en la que nunc hab\u00eda girado en la F1, agreg\u00f3: &#8220;Cuando empec\u00e9 a sumar kil\u00f3metros y volv\u00ed a tener confianza en el coche, <strong>igualmente creo que todav\u00eda tenemos que encontrar la forma<\/strong>. Tambi\u00e9n que lo estamos haciendo, pero es algo para ambos coches. Aunque m\u00e1s en mi caso, por supuesto. As\u00ed que solo tenemos que trabajar esta noche y volver m\u00e1s fuertes ma\u00f1ana. Estoy seguro de que podemos lograrlo&#8221;.<\/p>\n<\/div>\n<div class=\"custom-text \">\n<blockquote><p>Creo que todav\u00eda tenemos que encontrar la forma.<\/p><\/blockquote>\n<\/div>\n<div class=\"sc-e7b891c4-0 ifHnQL image-embed\"><img alt=\"El Alpine de Franco Colapinto.\" loading=\"lazy\" width=\"720\" height=\"100\" decoding=\"async\" data-nimg=\"1\" src=\"http:\/\/cordobadirecto.com\/wp-content\/uploads\/2025\/05\/que-dijo-franco-colapinto-tras-las-dos-practicas-en-el-gp-de-monaco-1.jpg\"><span class=\"epigraphe\">El Alpine de Franco Colapinto.<\/span><\/div>\n<div class=\"custom-text \" readability=\"40\">\n<p>La pista, trabada, no ayuda a poder exprimir el auto, o hay que encontrar el momento a partir de los autos que se juntan en un mismo sector. A Colapinto le preguntaron si hab\u00eda conseguido hacer una vuelta de calidad, y contest\u00f3: &#8220;Hubo mucho tr\u00e1fico. Es muy dif\u00edcil, <strong>pero hay que seguir adelante<\/strong>. A\u00fan no hemos empezado. As\u00ed que hay mucho en lo que trabajar&#8221;.<\/p>\n<\/div>\n<p><h2>La jornada del s\u00e1bado en el GP de M\u00f3naco<\/h2>\n<\/p>\n<div class=\"custom-text \" readability=\"43\">\n<p>La actividad en pista arranca<strong> a las 7.30 con el tercer y \u00faltimo ensayo, para despu\u00e9s, a las 11, seguir con la clasificaci\u00f3n<\/strong>, una de las m\u00e1s importantes de la temporada. Como este circuito no permite muchos sobrepasos, es vital conseguir un vuelta r\u00e1pida en los 18 minutos que dura la Q1, tras la cual pasan los mejores 15 la Q2, con 15&#8242; para que los diez m\u00e1s r\u00e1pidos avancen a la Q3, de 12.<\/p>\n<\/div>\n<div class=\"custom-text \" readability=\"32\">\n<p>Transmiten Fox Sports y Disney+ Premium.<\/p>\n<\/div>\n<div class=\"sc-a7166897-0 eoLsBE\" readability=\"7\">\n<section readability=\"4\"><picture><img alt=\"Franco Colapinto cuid\u00f3 el Alpine en las pr\u00e1cticas, el s\u00e1bado ser\u00e1 tiempo de acelerar\" loading=\"lazy\" width=\"290\" height=\"290\" decoding=\"async\" data-nimg=\"1\" src=\"http:\/\/cordobadirecto.com\/wp-content\/uploads\/2025\/05\/que-dijo-franco-colapinto-tras-las-dos-practicas-en-el-gp-de-monaco-2.jpg\"><\/picture>\n<p><span>Mir\u00e1 tambi\u00e9n<\/span><\/p>\n<hr>\n<h3>Franco Colapinto cuid\u00f3 el Alpine en las pr\u00e1cticas, el s\u00e1bado ser\u00e1 tiempo de acelerar<\/h3>\n<\/p>\n<\/section>\n<\/div>\n<div class=\"sc-a7166897-0 eoLsBE\" readability=\"6\">\n<section readability=\"2\"><picture><img alt=\"Ol\u00e9 con Jack Doohan en el GP de M\u00f3naco de F\u00f3rmula 1\" loading=\"lazy\" width=\"290\" height=\"290\" decoding=\"async\" data-nimg=\"1\" src=\"http:\/\/cordobadirecto.com\/wp-content\/uploads\/2025\/05\/que-dijo-franco-colapinto-tras-las-dos-practicas-en-el-gp-de-monaco-3.jpg\"><\/picture>\n<p><span>Mir\u00e1 tambi\u00e9n<\/span><\/p>\n<hr>\n<h3>Ol\u00e9 con Jack Doohan en el GP de M\u00f3naco de F\u00f3rmula 1<\/h3>\n<\/p>\n<\/section>\n<\/div>\n<div class=\"sc-a7166897-0 eoLsBE\" readability=\"6\">\n<section readability=\"2\"><picture><img alt=\"Video: todos los choques que hubo en las pr\u00e1cticas de la F1 en M\u00f3naco\" loading=\"lazy\" width=\"290\" height=\"290\" decoding=\"async\" data-nimg=\"1\" src=\"http:\/\/cordobadirecto.com\/wp-content\/uploads\/2025\/05\/que-dijo-franco-colapinto-tras-las-dos-practicas-en-el-gp-de-monaco-4.jpg\"><\/picture>\n<p><span>Mir\u00e1 tambi\u00e9n<\/span><\/p>\n<hr>\n<h3>Video: todos los choques que hubo en las pr\u00e1cticas de la F1 en M\u00f3naco<\/h3>\n<\/p>\n<\/section>\n<\/div>\n<div class=\"sc-a7166897-0 eoLsBE\" readability=\"6\">\n<section readability=\"2\"><picture><img alt=\"Video: el gesto ir\u00f3nico de Max Verstappen hacia Franco Colapinto en M\u00f3naco\" loading=\"lazy\" width=\"290\" height=\"290\" decoding=\"async\" data-nimg=\"1\" src=\"http:\/\/cordobadirecto.com\/wp-content\/uploads\/2025\/05\/que-dijo-franco-colapinto-tras-las-dos-practicas-en-el-gp-de-monaco-5.jpg\"><\/picture>\n<p><span>Mir\u00e1 tambi\u00e9n<\/span><\/p>\n<hr>\n<h3>Video: el gesto ir\u00f3nico de Max Verstappen hacia Franco Colapinto en M\u00f3naco<\/h3>\n<\/p>\n<\/section>\n<\/div>\n<\/div>\n","protected":false},"excerpt":{"rendered":"<p>23\/05\/2025 14:45hs. Los pilotos tienen asignados d\u00edas de declaraciones y a qu\u00e9 tipo de prensa se las dan. Este viernes, despu\u00e9s de los dos ensayos, Franco Colapinto contest\u00f3 las preguntas de la TV oficial de la F\u00f3rmula 1. &#8220;Estuvimos yendo paso a paso, creo que hay mucha informaci\u00f3n para rodar hoy, esta noche y volver [&hellip;]<\/p>\n","protected":false},"author":1,"featured_media":167160,"comment_status":"closed","ping_status":"closed","sticky":false,"template":"","format":"standard","meta":[],"categories":[21],"tags":[],"_links":{"self":[{"href":"http:\/\/cordobadirecto.com\/index.php\/wp-json\/wp\/v2\/posts\/167159"}],"collection":[{"href":"http:\/\/cordobadirecto.com\/index.php\/wp-json\/wp\/v2\/posts"}],"about":[{"href":"http:\/\/cordobadirecto.com\/index.php\/wp-json\/wp\/v2\/types\/post"}],"author":[{"embeddable":true,"href":"http:\/\/cordobadirecto.com\/index.php\/wp-json\/wp\/v2\/users\/1"}],"replies":[{"embeddable":true,"href":"http:\/\/cordobadirecto.com\/index.php\/wp-json\/wp\/v2\/comments?post=167159"}],"version-history":[{"count":0,"href":"http:\/\/cordobadirecto.com\/index.php\/wp-json\/wp\/v2\/posts\/167159\/revisions"}],"wp:featuredmedia":[{"embeddable":true,"href":"http:\/\/cordobadirecto.com\/index.php\/wp-json\/wp\/v2\/media\/167160"}],"wp:attachment":[{"href":"http:\/\/cordobadirecto.com\/index.php\/wp-json\/wp\/v2\/media?parent=167159"}],"wp:term":[{"taxonomy":"category","embeddable":true,"href":"http:\/\/cordobadirecto.com\/index.php\/wp-json\/wp\/v2\/categories?post=167159"},{"taxonomy":"post_tag","embeddable":true,"href":"http:\/\/cordobadirecto.com\/index.php\/wp-json\/wp\/v2\/tags?post=167159"}],"curies":[{"name":"wp","href":"https:\/\/api.w.org\/{rel}","templated":true}]}}