{"id":167161,"date":"2025-05-23T19:31:15","date_gmt":"2025-05-23T19:31:15","guid":{"rendered":"https:\/\/www.ole.com.ar\/fuera-de-juego\/entrevista-ole-aniversario-brandon-obregon-ascenso-primera-nacional-chaco-for-ever_0_sf4Dgtqd5Y.html"},"modified":"2025-05-23T19:31:15","modified_gmt":"2025-05-23T19:31:15","slug":"brandon-obregon-el-jugador-que-nacio-con-un-ole-bajo-el-brazo","status":"publish","type":"post","link":"http:\/\/cordobadirecto.com\/index.php\/2025\/05\/23\/brandon-obregon-el-jugador-que-nacio-con-un-ole-bajo-el-brazo\/","title":{"rendered":"Brandon Obreg\u00f3n, el jugador que naci\u00f3 con un Ol\u00e9 bajo el brazo"},"content":{"rendered":"<p><time class=\"createDate\" datetime=\"2025-05-23T06:34:16-03:00\">23\/05\/2025 06:34hs.<\/time><\/p>\n<div id=\"storyBody\">\n<div class=\"custom-text \" readability=\"40.00790513834\">\n<p><strong>Un d\u00eda como hoy, pero hace 29 a\u00f1os, naci\u00f3 <a href=\"https:\/\/www.ole.com.ar\/tema\/ole.html\" title=\"Ol\u00e9\" alt=\"Ol\u00e9\" class=\"slug\">Diario Ol\u00e9.<\/a> <\/strong>El mismo que casi tres d\u00e9cadas despu\u00e9s, ayorn\u00e1ndose y sin perder su esencia, sigue siendo sin\u00f3nimo de prestigio, confiabilidad, deporte y, por supuesto, un cl\u00e1sico para todos los argentinos.<\/p>\n<\/div>\n<div class=\"custom-text \" readability=\"39.586206896552\">\n<p>Pero claro, <strong>Ol\u00e9<\/strong> no es el \u00fanico que est\u00e1 de festejo, <strong>sino que recientemente celebr\u00f3 Brandon Obreg\u00f3n, jugador de <a href=\"https:\/\/www.ole.com.ar\/tema\/chaco-for-ever.html\" title=\"Chaco For Ever\" alt=\"Chaco For Ever\" class=\"slug\">Chaco For Ever <\/a>que ayer cumpli\u00f3 \u00a129 a\u00f1os!<\/strong>. S\u00ed, es casi el mellizo de nuestro medio. Mientras los editores y redactores ultimaban detalles para el lanzamiento de la primera edici\u00f3n, un hecho in\u00e9dito en la Argentina de aquella \u00e9poca, el futbolista profesional estaba llegando al mundo.<\/p>\n<\/div>\n<div class=\"sc-e7b891c4-0 ifHnQL image-embed\"><img alt=\"Brandon Obreg\u00f3n, el jugador de Chaco For Ever que naci\u00f3 un d\u00eda antes que Ol\u00e9\" loading=\"lazy\" width=\"1290\" height=\"760\" decoding=\"async\" data-nimg=\"1\" src=\"http:\/\/cordobadirecto.com\/wp-content\/uploads\/2025\/05\/brandon-obregon-el-jugador-que-nacio-con-un-ole-bajo-el-brazo.jpg\"><span class=\"epigraphe\">Brandon Obreg\u00f3n, el jugador de Chaco For Ever que naci\u00f3 un d\u00eda antes que Ol\u00e9<\/span><\/div>\n<div class=\"custom-text \" readability=\"34\">\n<p>Apenas algunas horas separan un hecho del otro,<strong> pero de lo que no hay dudas es que el surgido de Independiente lleg\u00f3 con el Ol\u00e9 bajo el brazo.<\/strong><\/p>\n<\/div>\n<p><h2><strong>La entrevista de Brandon Obreg\u00f3n con Ol\u00e9<\/strong><\/h2>\n<\/p>\n<div class=\"custom-text \">\n<p><strong>&#8211; \u00bfConoces el diario?<\/strong><\/p>\n<\/div>\n<div class=\"custom-text \" readability=\"37\">\n<p>&#8211; S\u00ed, lo conozco. Desde chico en mi casa siempre estaba el diario. Me acuerdo que lo le\u00edan mucho mis viejos y mis abuelos. Yo ahora consumo m\u00e1s que nada lo que se sube a las redes sociales, los sigo por ah\u00ed. En la web tambi\u00e9n muchas veces me engancho a leer algo. Suben toda la informaci\u00f3n que necesito en el d\u00eda a d\u00eda. <\/p>\n<\/div>\n<div class=\"custom-text \" readability=\"32\">\n<p><strong>&#8211; \u00bfTe gusta alguna secci\u00f3n en particular?<\/strong><\/p>\n<\/div>\n<div class=\"custom-text \" readability=\"38\">\n<p>&#8211; La verdad es que intento leer un poco de todo. M\u00e1s que nada tengo que ver lo de Ascenso para chusmear un poco de los rivales, c\u00f3mo est\u00e1n, las tablas y todo eso. Igualmente, cuando entro ya me engancho y sigo mirando lo que venga, lo mismo cuando me cruzo alguna publicaci\u00f3n en Instagram.<\/p>\n<\/div>\n<div class=\"custom-text \" readability=\"32\">\n<p><strong>-\u00bfTe acord\u00e1s de haber salido en Ol\u00e9?<\/strong><\/p>\n<\/div>\n<div class=\"custom-text \" readability=\"37.212938005391\">\n<p>&#8211; Lo que m\u00e1s me acuerdo es cuando jugaba en las inferiores de<a href=\"https:\/\/www.ole.com.ar\/tema\/club-atletico-independiente.html\" title=\"Club Atl\u00e9tico Independiente\" alt=\"Club Atl\u00e9tico Independiente\" class=\"slug\"> Independiente<\/a>, estando en Novena le ganamos una final al <a href=\"https:\/\/www.ole.com.ar\/tema\/boca-juniors.html\" title=\"Boca Juniors\" alt=\"Boca Juniors\" class=\"slug\">Boca<\/a> de Cubas y Leo Su\u00e1rez y aparecimos en Ol\u00e9. Mi abuela y mi vieja estaban como locas, lo compraron y le contaban a todo el mundo que estaba mi nombre. A d\u00eda de hoy cuando aparezco mi mam\u00e1 me dice y se emociona, ella guardaba los recortes, todo. <\/p>\n<\/div>\n<div class=\"custom-text \" readability=\"39\">\n<p>-Despu\u00e9s, m\u00e1s de grande, me toc\u00f3 salir jugando para Sacachispas, que le ganamos a Chacarita en San Mart\u00edn, y algunas veces ahora en Chaco For Ever. Hace algunas semanas que metimos un buen triunfo los chicos del plantel pasaron una nota al grupo y fue lindo. Es gratificante para nosotros ver que nos tienen en cuenta en un medio tan importante y prestigioso en Argentina. Tomo dimensi\u00f3n y da orgullo<\/p>\n<\/div>\n<div class=\"custom-text \" readability=\"32\">\n<p><strong>-\u00bfSab\u00edas de la coincidencia de tu cumplea\u00f1os y el aniversario de Ol\u00e9?<\/strong><\/p>\n<\/div>\n<div class=\"custom-text \" readability=\"36\">\n<p>-No estaba al tanto. Que loco, soy jugador y nac\u00ed un d\u00eda antes que <strong>Ol\u00e9<\/strong>. Est\u00e1 bueno. Como dijeron ustedes, vine con el <strong>Ol\u00e9<\/strong> bajo el brazo, je. <\/p>\n<\/div>\n<div class=\"custom-text \" readability=\"32\">\n<p><strong>&#8211; Te traigo para este lado \u00bfa qui\u00e9n le dar\u00edas el Premio Maradona?<\/strong><\/p>\n<\/div>\n<div class=\"custom-text \" readability=\"35\">\n<p>&#8211; Me quedo con el Chino Caneo, que fue compa\u00f1ero m\u00edo en Quilmes. Un fen\u00f3meno jugando y muy buena persona afuera de la cancha: me aconsejaba todo el tiempo cuando yo reci\u00e9n estaba empezando en el f\u00fatbol. <\/p>\n<\/div>\n<div class=\"custom-text \" readability=\"32\">\n<p><strong>&#8211; \u00bfEl Chamigo para qui\u00e9n va?<\/strong><\/p>\n<\/div>\n<div class=\"custom-text \" readability=\"39\">\n<p>&#8211; Y actualmente en el Apertura podr\u00eda ser a Franco Mastantuono que la rompe en River. Tiene un potencial b\u00e1rbaro y puede llegar muy lejos si se mantiene as\u00ed. Te sumo a Luciano Cabral, me gusta mucho su forma de jugar. En el Nacional me gustan mucho Christian Bernardi, de Col\u00f3n, y Santiago Rosales, de Mitre.<\/p>\n<\/div>\n<div class=\"custom-text \" readability=\"32\">\n<p><strong>&#8211; \u00bfY el Terminator a qui\u00e9n se lo ponemos?<\/strong><\/p>\n<\/div>\n<div class=\"custom-text \" readability=\"38\">\n<p>&#8211; Es dif\u00edcil porque yo cobro siempre, jaja. Estando en Sacachispas, me peg\u00f3 fuerte el Vikingo Dematei en un cl\u00e1sico contra Riestra, vamos por ah\u00ed. Encima despu\u00e9s me dijo de todo. De compa\u00f1ero d\u00e1melo siempre, pero como rival es terrible.<\/p>\n<\/div>\n<div class=\"custom-text \" readability=\"32\">\n<p><strong>&#8211; \u00bfY alguna qu\u00e9 hayas dado vos?<\/strong><\/p>\n<\/div>\n<div class=\"custom-text \" readability=\"33\">\n<p>&#8211; Recuerdo una vez que lo enganch\u00e9 a Rafa Delgado en un partido contra Defensa y Justicia. Me pas\u00f3 y le met\u00ed un tackle como si estuviera jugando al rugby. Lo mat\u00e9.<\/p>\n<\/div>\n<div class=\"custom-text \" readability=\"33\">\n<p><strong>-Siendo m\u00e1s buenos, \u00bfel Gandhi?<\/strong><\/p>\n<\/div>\n<div class=\"custom-text \" readability=\"36\">\n<p>Se lo voy a dar a Fabricio Bustos. Compartimos desde muy chicos en la categor\u00eda 96 del Rojo y hoy seguimos en contacto. A fines del a\u00f1o pasado mi hijo tuvo un problema de salud y en cuanto se enter\u00f3 me llam\u00f3 para ofrecerme ayuda. Lo valoro mucho. Pas\u00f3 el tiempo, cada uno hizo su camino pero la relaci\u00f3n qued\u00f3 y nunca perdi\u00f3 los valores que ten\u00eda en inferiores. <\/p>\n<\/div>\n<div class=\"custom-text \" readability=\"33\">\n<p><strong>&#8211; En la encuesta Ol\u00e9 del sexto grande gan\u00f3 Hurac\u00e1n, \u00bfpara vos qui\u00e9n es?<\/strong><\/p>\n<\/div>\n<div class=\"custom-text \" readability=\"33\">\n<p>-Hay varios que podr\u00edan serlo pero yo me quedo con Estudiantes de La Plata. Tiene mucha historia internacional y eso pesa.<\/p>\n<\/div>\n<div class=\"custom-text \" readability=\"32\">\n<p><strong>\u00bfC\u00f3mo armar\u00edas el 11 ideal del f\u00fatbol argentino?<\/strong><\/p>\n<\/div>\n<div class=\"custom-text \" readability=\"38\">\n<p>-Rey; Bustos (compa\u00f1ero en las inferiores de CAI), Lom\u00f3naco, Garc\u00eda Basso (compa\u00f1ero en Quilmes), Braida; Fattori, Ascacibar, Cabral; Mastantuono; Maravilla Mart\u00ednez y Merentiel.<\/p>\n<\/div>\n<div class=\"custom-text \" readability=\"32\">\n<p><strong>-\u00bfY si tuvieras que escribir un Francotirador? Tirame un tema&#8230;<\/strong><\/p>\n<\/div>\n<div class=\"custom-text \" readability=\"36\">\n<p>Me gustar\u00eda algo sobre c\u00f3mo se juega en Primera y la diferencia con el Ascenso. Vecchio lo dijo hace un tiempo y es real: en la Primera Nacional tenemos mucho menos tiempo de pensar, las canchas son peores, las condiciones est\u00e1n menos dadas. Es m\u00e1s dif\u00edcil y se habla poco de eso.<\/p>\n<\/div>\n<div class=\"custom-text \" readability=\"32\">\n<p><strong>-Un momento de tu carrera para estar en la tapa de Ol\u00e9\u2026<\/strong><\/p>\n<\/div>\n<div class=\"custom-text \" readability=\"34\">\n<p>Cuando llegamos a la final del Reducido con Quilmes en el 2021. Yo ah\u00ed estaba muy bien, ven\u00eda haciendo goles bastante seguido y todo. El t\u00edtulo podr\u00eda ser el hombre gol en vez de Obreg\u00f3n.<\/p>\n<\/div>\n<div class=\"sc-e7b891c4-0 ifHnQL image-embed\"><img alt=\"Brandon Obreg\u00f3n integr\u00f3 el plantel de Quilmes 2021 y qued\u00f3 a un paso del regreso a Primera\" loading=\"lazy\" width=\"720\" height=\"100\" decoding=\"async\" data-nimg=\"1\" src=\"http:\/\/cordobadirecto.com\/wp-content\/uploads\/2025\/05\/brandon-obregon-el-jugador-que-nacio-con-un-ole-bajo-el-brazo-1.jpg\"><span class=\"epigraphe\">Brandon Obreg\u00f3n integr\u00f3 el plantel de Quilmes 2021 y qued\u00f3 a un paso del regreso a Primera<\/span><\/div>\n<div class=\"sc-a7166897-0 eoLsBE\" readability=\"6\">\n<section readability=\"2\"><picture><img alt=\"La incre\u00edble transformaci\u00f3n de Independiente Rivadavia en apenas un a\u00f1o\" loading=\"lazy\" width=\"290\" height=\"290\" decoding=\"async\" data-nimg=\"1\" src=\"http:\/\/cordobadirecto.com\/wp-content\/uploads\/2025\/05\/brandon-obregon-el-jugador-que-nacio-con-un-ole-bajo-el-brazo-2.jpg\"><\/picture>\n<p><span>Mir\u00e1 tambi\u00e9n<\/span><\/p>\n<hr>\n<h3>La incre\u00edble transformaci\u00f3n de Independiente Rivadavia en apenas un a\u00f1o<\/h3>\n<\/p>\n<\/section>\n<\/div>\n<div class=\"sc-a7166897-0 eoLsBE\" readability=\"6.5\">\n<section readability=\"3\"><picture><img alt=\"Russo, del sue\u00f1o con San Lorenzo al gran recuerdo que tiene contra Platense\" loading=\"lazy\" width=\"290\" height=\"290\" decoding=\"async\" data-nimg=\"1\" src=\"http:\/\/cordobadirecto.com\/wp-content\/uploads\/2025\/05\/brandon-obregon-el-jugador-que-nacio-con-un-ole-bajo-el-brazo-3.jpg\"><\/picture>\n<p><span>Mir\u00e1 tambi\u00e9n<\/span><\/p>\n<hr>\n<h3>Russo, del sue\u00f1o con San Lorenzo al gran recuerdo que tiene contra Platense<\/h3>\n<\/p>\n<\/section>\n<\/div>\n<\/div>\n","protected":false},"excerpt":{"rendered":"<p>23\/05\/2025 06:34hs. Un d\u00eda como hoy, pero hace 29 a\u00f1os, naci\u00f3 Diario Ol\u00e9. El mismo que casi tres d\u00e9cadas despu\u00e9s, ayorn\u00e1ndose y sin perder su esencia, sigue siendo sin\u00f3nimo de prestigio, confiabilidad, deporte y, por supuesto, un cl\u00e1sico para todos los argentinos. Pero claro, Ol\u00e9 no es el \u00fanico que est\u00e1 de festejo, sino que [&hellip;]<\/p>\n","protected":false},"author":1,"featured_media":167162,"comment_status":"closed","ping_status":"closed","sticky":false,"template":"","format":"standard","meta":[],"categories":[21],"tags":[],"_links":{"self":[{"href":"http:\/\/cordobadirecto.com\/index.php\/wp-json\/wp\/v2\/posts\/167161"}],"collection":[{"href":"http:\/\/cordobadirecto.com\/index.php\/wp-json\/wp\/v2\/posts"}],"about":[{"href":"http:\/\/cordobadirecto.com\/index.php\/wp-json\/wp\/v2\/types\/post"}],"author":[{"embeddable":true,"href":"http:\/\/cordobadirecto.com\/index.php\/wp-json\/wp\/v2\/users\/1"}],"replies":[{"embeddable":true,"href":"http:\/\/cordobadirecto.com\/index.php\/wp-json\/wp\/v2\/comments?post=167161"}],"version-history":[{"count":0,"href":"http:\/\/cordobadirecto.com\/index.php\/wp-json\/wp\/v2\/posts\/167161\/revisions"}],"wp:featuredmedia":[{"embeddable":true,"href":"http:\/\/cordobadirecto.com\/index.php\/wp-json\/wp\/v2\/media\/167162"}],"wp:attachment":[{"href":"http:\/\/cordobadirecto.com\/index.php\/wp-json\/wp\/v2\/media?parent=167161"}],"wp:term":[{"taxonomy":"category","embeddable":true,"href":"http:\/\/cordobadirecto.com\/index.php\/wp-json\/wp\/v2\/categories?post=167161"},{"taxonomy":"post_tag","embeddable":true,"href":"http:\/\/cordobadirecto.com\/index.php\/wp-json\/wp\/v2\/tags?post=167161"}],"curies":[{"name":"wp","href":"https:\/\/api.w.org\/{rel}","templated":true}]}}