{"id":167170,"date":"2025-05-24T00:11:40","date_gmt":"2025-05-24T00:11:40","guid":{"rendered":"https:\/\/puntoapunto.com.ar\/?p=373297"},"modified":"2025-05-24T00:11:40","modified_gmt":"2025-05-24T00:11:40","slug":"con-respaldo-empresario-caputo-presento-en-cordoba-las-bases-del-nuevo-modelo-economico","status":"publish","type":"post","link":"http:\/\/cordobadirecto.com\/index.php\/2025\/05\/24\/con-respaldo-empresario-caputo-presento-en-cordoba-las-bases-del-nuevo-modelo-economico\/","title":{"rendered":"Con respaldo empresario, Caputo present\u00f3 en C\u00f3rdoba las bases del nuevo modelo econ\u00f3mico"},"content":{"rendered":"<p data-start=\"244\" data-end=\"664\">En un encuentro organizado por la Bolsa de Comercio de C\u00f3rdoba, <strong>el ministro de Econom\u00eda, Luis \u00abToto\u00bb Caputo, expuso los lineamientos del <a href=\"https:\/\/puntoapunto.com.ar\/una-por-una-las-medidas-del-plan-de-reparacion-historica-para-los-ahorros-de-los-argentinos\/\">\u201cPlan de Reparaci\u00f3n Hist\u00f3rica\u201d<\/a> ante un auditorio colmado de empresarios<\/strong>, y asegur\u00f3 que la Argentina atraviesa una transformaci\u00f3n in\u00e9dita. Lo acompa\u00f1\u00f3 el presidente de la entidad, Manuel Tagle, quien destac\u00f3 la pol\u00edtica econ\u00f3mica del Gobierno y habl\u00f3 de un \u201ccambio cultural profundo\u201d.<!-- \u00a1O bien no hay banners, estan desactivados o no estan programados para esta ubicaci\u00f3n! -->\n<\/p>\n<p data-start=\"666\" data-end=\"1022\">Durante su presentaci\u00f3n, Caputo subray\u00f3 que<strong> el pa\u00eds \u201cest\u00e1 viviendo una situaci\u00f3n que no experimentaba desde hace m\u00e1s de 100 a\u00f1os\u201d.<\/strong> En ese sentido, destac\u00f3 que \u201chace un a\u00f1o que no se emite un solo peso\u201d y que el pa\u00eds logr\u00f3 un super\u00e1vit primario, lo que calific\u00f3 como un \u201ccambio total\u201d impulsado desde el primer d\u00eda de gesti\u00f3n por el presidente Javier Milei.\n<\/p>\n<p data-start=\"1024\" data-end=\"1336\">\u201cEl modelo anterior no funcionaba. Desde los a\u00f1os 90, el Estado duplic\u00f3 su tama\u00f1o, el gasto p\u00fablico pas\u00f3 del <strong>23% al 47% del PBI<\/strong> y eso vino acompa\u00f1ado de una presi\u00f3n impositiva y regulatoria asfixiante que empuj\u00f3 a ciudadanos y empresas hacia la informalidad\u201d, dijo Caputo. \u201cAhora tenemos un rumbo claro\u201d, afirm\u00f3.\n<\/p>\n<p><iframe title=\"Luis Caputo en la BCC\" width=\"500\" height=\"281\" src=\"https:\/\/www.youtube.com\/embed\/Zqwl7o_Pec4?feature=oembed\" frameborder=\"0\" allow=\"accelerometer; autoplay; clipboard-write; encrypted-media; gyroscope; picture-in-picture; web-share\" referrerpolicy=\"strict-origin-when-cross-origin\" allowfullscreen loading=\"lazy\">[embedded content]<\/iframe><\/p>\n<p data-start=\"1338\" data-end=\"1659\">En otro tramo de su discurso, el ministro enfatiz\u00f3 el liderazgo del Presidente y su<a href=\"https:\/\/puntoapunto.com.ar\/rumbo-a-las-elecciones-de-buenos-aires-y-las-legislativas-milei-le-marco-la-cancha-al-kirchnerismo-y-a-macri\/\"> impacto en la gesti\u00f3n<\/a>: <strong>\u201cLa pol\u00edtica no es un negocio, es un servicio p\u00fablico.<\/strong> La personalidad y la determinaci\u00f3n de Milei hacen m\u00e1s sencillo el trabajo de todos los ministros. Su valent\u00eda y pasi\u00f3n se transmiten a cada \u00e1rea del Gobierno\u201d.\n<\/p>\n<p data-start=\"1059\" data-end=\"1369\">El ministro explic\u00f3 que el punto de partida fue un Estado sobredimensionado, con una presi\u00f3n fiscal y regulatoria \u201casfixiante\u201d, que duplic\u00f3 su tama\u00f1o desde los a\u00f1os 90.<strong> \u201cEse modelo empuj\u00f3 a millones a la informalidad y persegu\u00eda al que produc\u00eda. Claramente, no funcion\u00f3. Por eso lo estamos cambiando\u201d,<\/strong> expres\u00f3.<!-- \u00a1O bien no hay banners, estan desactivados o no estan programados para esta ubicaci\u00f3n! -->\n<\/p>\n<p data-start=\"1371\" data-end=\"1474\">En ese contexto, Caputo hizo foco en un punto clave de la gesti\u00f3n:<strong> la reconstrucci\u00f3n de la confianza. \u201cQueremos que la gente recupere la confianza en la pol\u00edtica, y nosotros tenemos que recuperar la confianza en la gente.<\/strong> La credibilidad es un tema central. La pol\u00edtica no es un negocio, es un servicio p\u00fablico\u201d, afirm\u00f3.<\/p>\n<p data-start=\"1697\" data-end=\"1933\">Tambi\u00e9n defendi\u00f3 el nuevo sistema fiscal, anunciando que ARCA (la nueva agencia que reemplaza a la AFIP) no tendr\u00e1 acceso a informaci\u00f3n de consumos ni movimientos financieros por debajo de los 50 millones de pesos mensuales por persona.\n<\/p>\n<p data-start=\"1697\" data-end=\"1933\"><img loading=\"lazy\" decoding=\"async\" class=\"aligncenter size-full wp-image-373308\" src=\"http:\/\/cordobadirecto.com\/wp-content\/uploads\/2025\/05\/con-respaldo-empresario-caputo-presento-en-cordoba-las-bases-del-nuevo-modelo-economico.jpg\" alt width=\"1600\" height=\"1200\" srcset=\"http:\/\/cordobadirecto.com\/wp-content\/uploads\/2025\/05\/con-respaldo-empresario-caputo-presento-en-cordoba-las-bases-del-nuevo-modelo-economico.jpg 1600w, http:\/\/cordobadirecto.com\/wp-content\/uploads\/2025\/05\/con-respaldo-empresario-caputo-presento-en-cordoba-las-bases-del-nuevo-modelo-economico-3.jpg 300w, http:\/\/cordobadirecto.com\/wp-content\/uploads\/2025\/05\/con-respaldo-empresario-caputo-presento-en-cordoba-las-bases-del-nuevo-modelo-economico-4.jpg 1024w, http:\/\/cordobadirecto.com\/wp-content\/uploads\/2025\/05\/con-respaldo-empresario-caputo-presento-en-cordoba-las-bases-del-nuevo-modelo-economico-5.jpg 768w, http:\/\/cordobadirecto.com\/wp-content\/uploads\/2025\/05\/con-respaldo-empresario-caputo-presento-en-cordoba-las-bases-del-nuevo-modelo-economico-6.jpg 1536w, http:\/\/cordobadirecto.com\/wp-content\/uploads\/2025\/05\/con-respaldo-empresario-caputo-presento-en-cordoba-las-bases-del-nuevo-modelo-economico-7.jpg 750w, http:\/\/cordobadirecto.com\/wp-content\/uploads\/2025\/05\/con-respaldo-empresario-caputo-presento-en-cordoba-las-bases-del-nuevo-modelo-economico-8.jpg 1140w\" sizes=\"auto, (max-width: 1600px) 100vw, 1600px\">\n<\/p>\n<p data-start=\"1937\" data-end=\"2312\">\u201cTodo lo que hizo hasta ahora el Estado fue expulsar a los argentinos de bien del sistema y empujarlos a la informalidad. <strong>Ahora queremos que se sientan libres de usar sus ahorros para lo que quieran. Mientras no haya dinero il\u00edcito, nadie ser\u00e1 perseguido. Lo que buscamos es fomentar la formalidad sin aumentar el gasto, para que podamos reducir impuestos y crece<\/strong>r\u201d, explic\u00f3.\n<\/p>\n<p data-start=\"2314\" data-end=\"2406\">Adem\u00e1s, recomend\u00f3 a los empresarios adherirse al nuevo r\u00e9gimen de Ganancias Simplificadas: \u201cSi lo hacen, ARCA no mirar\u00e1 ni el consumo ni el incremento patrimonial<strong>. A partir de 2026, la base imponible se calcular\u00e1 seg\u00fan las facturas emitidas y los gastos deducibles\u201d.<\/strong>\n<\/p>\n<p data-start=\"2586\" data-end=\"2852\">Caputo tambi\u00e9n anticip\u00f3 que el Gobierno enviar\u00e1 una l<strong>ey para elevar el umbral de la ley penal tributaria y reducir los plazos de prescripci\u00f3n,<\/strong> como una forma de brindar previsibilidad a largo plazo y proteger a los contribuyentes ante eventuales cambios de gobierno.\n<\/p>\n<p data-start=\"2854\" data-end=\"2926\">En el tramo final, reivindic\u00f3 los resultados de la pol\u00edtica econ\u00f3mica: \u201cMuchos dudaban de nuestro plan, pero hoy tenemos evidencia emp\u00edrica de que est\u00e1 funcionando: <strong>la inflaci\u00f3n baj\u00f3, los salarios est\u00e1n recuperando poder adquisitivo y m\u00e1s de 10 millones de personas salieron de la l\u00ednea de pobreza.<\/strong> Pasamos de ser el pa\u00eds peor visto a ser el mejor visto. Todo esto es causalidad, no casualidad\u201d.\n<\/p>\n<p data-start=\"3255\" data-end=\"3317\">Finalmente, prometi\u00f3 que el sendero seguir\u00e1 profundiz\u00e1ndose: <span>\u201c<\/span><strong>Vamos a seguir bajando impuestos y abriendo la econom\u00eda para fomentar la competencia y el crecimiento. Si seguimos por este camino, Argentina puede ser el pa\u00eds que m\u00e1s crezca en los pr\u00f3ximos 30 a\u00f1os<\/strong>\u201d.\n<\/p>\n<p class=\"com-paragraph --s\">Los <strong>principales puntos del anuncio de Caputo:<\/strong>\n<\/p>\n<p class=\"com-paragraph --s\"><strong>Cambios en los umbrales para solicitar informaci\u00f3n:<\/strong>\n<\/p>\n<p><img loading=\"lazy\" decoding=\"async\" class=\"aligncenter size-full wp-image-373263\" src=\"http:\/\/cordobadirecto.com\/wp-content\/uploads\/2025\/05\/con-respaldo-empresario-caputo-presento-en-cordoba-las-bases-del-nuevo-modelo-economico-1.jpg\" alt width=\"2016\" height=\"1512\" srcset=\"http:\/\/cordobadirecto.com\/wp-content\/uploads\/2025\/05\/con-respaldo-empresario-caputo-presento-en-cordoba-las-bases-del-nuevo-modelo-economico-1.jpg 2016w, http:\/\/cordobadirecto.com\/wp-content\/uploads\/2025\/05\/con-respaldo-empresario-caputo-presento-en-cordoba-las-bases-del-nuevo-modelo-economico-9.jpg 300w, http:\/\/cordobadirecto.com\/wp-content\/uploads\/2025\/05\/con-respaldo-empresario-caputo-presento-en-cordoba-las-bases-del-nuevo-modelo-economico-10.jpg 1024w, http:\/\/cordobadirecto.com\/wp-content\/uploads\/2025\/05\/con-respaldo-empresario-caputo-presento-en-cordoba-las-bases-del-nuevo-modelo-economico-11.jpg 768w, http:\/\/cordobadirecto.com\/wp-content\/uploads\/2025\/05\/con-respaldo-empresario-caputo-presento-en-cordoba-las-bases-del-nuevo-modelo-economico-12.jpg 1536w, http:\/\/cordobadirecto.com\/wp-content\/uploads\/2025\/05\/con-respaldo-empresario-caputo-presento-en-cordoba-las-bases-del-nuevo-modelo-economico-13.jpg 750w, http:\/\/cordobadirecto.com\/wp-content\/uploads\/2025\/05\/con-respaldo-empresario-caputo-presento-en-cordoba-las-bases-del-nuevo-modelo-economico-14.jpg 1140w\" sizes=\"auto, (max-width: 2016px) 100vw, 2016px\">\n<\/p>\n<p data-start=\"1661\" data-end=\"1901\">Por su parte,<strong> Manuel Tagle<\/strong> elogi\u00f3 el plan econ\u00f3mico y sostuvo que \u201cArgentina deber\u00eda estar al nivel de pa\u00edses como Australia o Canad\u00e1, e incluso competir con Estados Unidos, si no hubi\u00e9ramos sufrido tantos a\u00f1os de populismo y kirchnerismo\u201d.\n<\/p>\n<p data-start=\"1903\" data-end=\"2208\">\u201c<strong>Caputo y Milei est\u00e1n revirtiendo esa situaci\u00f3n con los ingredientes necesarios para lograr el \u00e9xito. Han generado admiraci\u00f3n internacional. <\/strong>El v\u00ednculo de Milei con Donald Trump y el respaldo de Estados Unidos son se\u00f1ales claras del impacto positivo que empieza a tener esta nueva pol\u00edtica\u201d, afirm\u00f3 Tagle.\n<\/p>\n<p data-start=\"2210\" data-end=\"2495\">El empresario tambi\u00e9n habl\u00f3 de un \u201ccambio cultural profundo\u201d y se mostr\u00f3 optimista: \u201cTodo pa\u00eds que alcanza la estabilidad monetaria no vuelve atr\u00e1s, y estamos muy cerca de lograrlo. El pragmatismo de Milei y Caputo es admirable. La econom\u00eda empieza a recuperarse sin caer en recesi\u00f3n\u201d.\n<\/p>\n<p data-start=\"2497\" data-end=\"2705\">Finalmente, destac\u00f3 que la Bolsa de Comercio de C\u00f3rdoba ha sido parte activa de lo que denomin\u00f3 \u201cuna batalla cultural\u201d: \u201cIncluso durante los a\u00f1os m\u00e1s dif\u00edciles del kirchnerismo, dimos esta pelea con firmeza\u201d.\n<\/p>\n<div class=\"g g-38\">\n<div class=\"g-dyn a-12 c-1\"><a class=\"gofollow\" data-track=\"MTIsMzgsMSw2MA==\" href=\"https:\/\/www.farmaciashpfarma.com.ar\/blog\/institucional\/beneficios-corporativos-en-campana-antigripal.html\" target=\"_blank\" rel=\"noopener\"><img src=\"http:\/\/cordobadirecto.com\/wp-content\/uploads\/2025\/05\/con-respaldo-empresario-caputo-presento-en-cordoba-las-bases-del-nuevo-modelo-economico-2.jpg\" loading=\"lazy\"><\/a><\/div>\n<\/div>\n","protected":false},"excerpt":{"rendered":"<p>En un encuentro organizado por la Bolsa de Comercio de C\u00f3rdoba, el ministro de Econom\u00eda, Luis \u00abToto\u00bb Caputo, expuso los lineamientos del \u201cPlan de Reparaci\u00f3n Hist\u00f3rica\u201d ante un auditorio colmado de empresarios, y asegur\u00f3 que la Argentina atraviesa una transformaci\u00f3n in\u00e9dita. Lo acompa\u00f1\u00f3 el presidente de la entidad, Manuel Tagle, quien destac\u00f3 la pol\u00edtica econ\u00f3mica [&hellip;]<\/p>\n","protected":false},"author":1,"featured_media":167171,"comment_status":"closed","ping_status":"closed","sticky":false,"template":"","format":"standard","meta":[],"categories":[25],"tags":[],"_links":{"self":[{"href":"http:\/\/cordobadirecto.com\/index.php\/wp-json\/wp\/v2\/posts\/167170"}],"collection":[{"href":"http:\/\/cordobadirecto.com\/index.php\/wp-json\/wp\/v2\/posts"}],"about":[{"href":"http:\/\/cordobadirecto.com\/index.php\/wp-json\/wp\/v2\/types\/post"}],"author":[{"embeddable":true,"href":"http:\/\/cordobadirecto.com\/index.php\/wp-json\/wp\/v2\/users\/1"}],"replies":[{"embeddable":true,"href":"http:\/\/cordobadirecto.com\/index.php\/wp-json\/wp\/v2\/comments?post=167170"}],"version-history":[{"count":0,"href":"http:\/\/cordobadirecto.com\/index.php\/wp-json\/wp\/v2\/posts\/167170\/revisions"}],"wp:featuredmedia":[{"embeddable":true,"href":"http:\/\/cordobadirecto.com\/index.php\/wp-json\/wp\/v2\/media\/167171"}],"wp:attachment":[{"href":"http:\/\/cordobadirecto.com\/index.php\/wp-json\/wp\/v2\/media?parent=167170"}],"wp:term":[{"taxonomy":"category","embeddable":true,"href":"http:\/\/cordobadirecto.com\/index.php\/wp-json\/wp\/v2\/categories?post=167170"},{"taxonomy":"post_tag","embeddable":true,"href":"http:\/\/cordobadirecto.com\/index.php\/wp-json\/wp\/v2\/tags?post=167170"}],"curies":[{"name":"wp","href":"https:\/\/api.w.org\/{rel}","templated":true}]}}