{"id":167218,"date":"2025-05-24T17:44:09","date_gmt":"2025-05-24T17:44:09","guid":{"rendered":"https:\/\/www.ole.com.ar\/autos\/jose-maria-pechito-lopez-banca-colapinto-entrevista_0_URbi6qPnFi.html"},"modified":"2025-05-24T17:44:09","modified_gmt":"2025-05-24T17:44:09","slug":"pechito-lopez-sobre-colapinto-con-ole-hoy-monaco-tiene-que-ser-una-inversion-para-el","status":"publish","type":"post","link":"http:\/\/cordobadirecto.com\/index.php\/2025\/05\/24\/pechito-lopez-sobre-colapinto-con-ole-hoy-monaco-tiene-que-ser-una-inversion-para-el\/","title":{"rendered":"Pechito L\u00f3pez sobre Colapinto con Ol\u00e9: &#8220;Hoy M\u00f3naco tiene que ser una inversi\u00f3n para \u00e9l&#8221;"},"content":{"rendered":"<p><span class=\"createDate\">24\/05\/2025 14:44hs.<\/span><time class=\"modificatedDate\" datetime=\"2025-05-24T15:03:30-03:00\"> Actualizado al 24\/05\/2025 15:03hs.<\/time><\/p>\n<div id=\"storyBody\">\n<div class=\"custom-text \" readability=\"44\">\n<p>Jos\u00e9 Mar\u00eda L\u00f3pez, Pechito para todo el mundo, entiende. No solo porque es piloto y conoce esta pista, sino porque vive en M\u00f3naco y d\u00eda a d\u00eda recorre sus calles que son, paralelamente, las que forman el circuito callejero. Por eso y por su ojo cl\u00ednico que sabe del personaje, m\u00e1s que por corporativismo, el cordob\u00e9s de 42 a\u00f1os, que lleg\u00f3 a coquetear con la F1, sali\u00f3 a bancar a <strong>Franco Colapinto<\/strong> en charla con <strong>Ol\u00e9 en el paddock de este trazado monegasco<\/strong>.<\/p>\n<\/div>\n<div class=\"custom-text \" readability=\"32\">\n<p><strong>-\u00bfQu\u00e9 opin\u00e1s de la clasificaci\u00f3n de Colapinto?<\/strong><\/p>\n<\/div>\n<div class=\"custom-text \" readability=\"49\">\n<p>-Siempre trato de ser muy cauto porque es f\u00e1cil opinar desde afuera. Hay muchas cosas que no sabemos. O sea, lo que uno puede ver afuera, obviamente, es que primero son los autos, <strong>obviamente el Alpine no est\u00e1 para pelear<\/strong>. Seguramente el auto no es f\u00e1cil y tampoco el circuito callejero, donde las condiciones son muy particulares. F\u00edjate Ferrari, que de no va a venir bien, ac\u00e1 anda, u otros autos que aparecieron como el Haas, un poco tambi\u00e9n con Ocon. Seguramente al Alpine no le cay\u00f3 bien la pista, y creo que Franco obviamente viene de correr su primera carrera, muchas cosas nuevas, es muy dif\u00edcil. Es imposible imaginarse lo dif\u00edcil que es estar en su lugar. Sobre todo en un circuito as\u00ed, porque ac\u00e1 un peque\u00f1o error es terminar contra la pared, creo que lo \u00faltimo que quiere Franco es eso.<\/p>\n<\/div>\n<div class=\"sc-e7b891c4-0 ifHnQL image-embed\"><img alt=\"Pechito L\u00f3pez corre en autos de turismo.\" loading=\"lazy\" width=\"720\" height=\"100\" decoding=\"async\" data-nimg=\"1\" src=\"http:\/\/cordobadirecto.com\/wp-content\/uploads\/2025\/05\/pechito-lopez-sobre-colapinto-con-ole-hoy-monaco-tiene-que-ser-una-inversion-para-el.jpg\"><span class=\"epigraphe\">Pechito L\u00f3pez corre en autos de turismo.<\/span><\/div>\n<div class=\"custom-text \" readability=\"32\">\n<p><strong>-\u00bfQu\u00e9 es lo m\u00e1s importante hoy para \u00e9l?<\/strong><\/p>\n<\/div>\n<div class=\"custom-text \" readability=\"41\">\n<p>-Que agarre confianza con en el auto y seguir girando y haciendo vueltas y terminando carreras, eso le va a dar un plus para las carreras que vienen. Creo que hoy o M\u00f3naco para \u00e9l tiene que ser una inversi\u00f3n, digamos. No mirar mucho el resultado, pero s\u00ed girar todo lo m\u00e1s que pueda, trabajar mucho y s\u00ed, cuando llegue a Barcelona, ser\u00e1 otra cosa.<\/p>\n<\/div>\n<div class=\"custom-text \" readability=\"33\">\n<p><strong>-Tambi\u00e9n es normal que quien no es piloto le pida m\u00e1s por la efervescencia que se est\u00e1 armando\u2026<\/strong><\/p>\n<\/div>\n<div class=\"custom-text \" readability=\"48\">\n<p>-Hay algo que no cambia de un d\u00eda para el otro, las condiciones, Franco la tiene y eso est\u00e1 m\u00e1s que sentado. Nadie tiene que dudar de eso por m\u00e1s que hoy est\u00e9 a lo mejor un poco m\u00e1s complicado ac\u00e1 o no tuvo un arranque como a lo mejor mucha gente esperaba. Adem\u00e1s, esto son carreras de autos tambi\u00e9n, ten\u00e9s que tener un auto, como cuando entr\u00f3 Williams, que andaba bien. Con un auto que estaba para ser protagonista era m\u00e1s f\u00e1cil. El est\u00e1 entrando a mitad de campeonato, y no es f\u00e1cil. Lo que hizo \u00e9l fue extraordinario en Williams, eso tambi\u00e9n est\u00e1 claro. Entusiasma mucho y seguramente la gente espera m\u00e1s, pero bueno, \u00e9l tiene que seguir su camino, estar tranquilo, seguir haciendo lo que est\u00e1 haciendo y ganar confianza, porque en un deportista tambi\u00e9n eso es muy importante.<\/p>\n<\/div>\n<div class=\"sc-e7b891c4-0 ifHnQL image-embed\"><img alt=\"Franco Colapinto subi\u00e9ndose al Alpine.\" loading=\"lazy\" width=\"720\" height=\"100\" decoding=\"async\" data-nimg=\"1\" src=\"http:\/\/cordobadirecto.com\/wp-content\/uploads\/2025\/05\/pechito-lopez-sobre-colapinto-con-ole-hoy-monaco-tiene-que-ser-una-inversion-para-el-1.jpg\"><span class=\"epigraphe\">Franco Colapinto subi\u00e9ndose al Alpine.<\/span><\/div>\n<div class=\"custom-text \">\n<p><strong>-\u00bfHablaste con \u00e9l?<\/strong><\/p>\n<\/div>\n<div class=\"custom-text \" readability=\"40\">\n<p>-Cuando uno tiene un error, te vas afuera, romp\u00e9s el auto, lo digo por experiencia propia y se lo dije a \u00e9l. \u201cFranco, \u00bfsab\u00e9s la cantidad de accidentes, pi\u00f1as y macanas que me mand\u00e9 yo en mi carrera? Y ac\u00e1 estoy, \u00bfentend\u00e9s?\u201d. Te cuesta a volver tener esa confianza un poquito\u2026<\/p>\n<\/div>\n<div class=\"custom-text \" readability=\"32\">\n<p><strong>-\u00bfLe puede estar pasando factura el accidente de Imola?<\/strong><\/p>\n<\/div>\n<div class=\"custom-text \" readability=\"51\">\n<p>-Puede ser. El ven\u00eda bien, busc\u00f3 el l\u00edmite y pum, choc\u00f3. Fue algo sin querer, claro, lo puede llegar a tener la cabeza. Y por c\u00f3mo termin\u00f3 el a\u00f1o pasado, yo creo que a \u00e9l, si le tengo que dar un consejo\u2026. Lo he hablado un poco con \u00e9l porque ha venido a vivir ac\u00e1, lo tenemos un poco cerca ahora que est\u00e1 en M\u00f3naco\u2026 Es de estar tranquilo, porque las condiciones est\u00e1n, y que gane confianza \u00e9l, que gire, que gire porque obviamente uno quiere andar r\u00e1pido y quiere estar adelante y todo, pero creo que lo peor que le podr\u00eda pasar es que le pegue a una pared, porque ser\u00eda como tener que volver a arrancar. A lo mejor no tiene tiempo porque la F\u00f3rmula 1 ha cambiado mucho, las presiones son muchas, son 20 butacas, y eso es dif\u00edcil<\/p>\n<\/div>\n<div class=\"sc-e7b891c4-0 ifHnQL image-embed\"><img alt=\"Franco Colapinto (AP).\" loading=\"lazy\" width=\"720\" height=\"100\" decoding=\"async\" data-nimg=\"1\" src=\"http:\/\/cordobadirecto.com\/wp-content\/uploads\/2025\/05\/pechito-lopez-sobre-colapinto-con-ole-hoy-monaco-tiene-que-ser-una-inversion-para-el-2.jpg\"><span class=\"epigraphe\">Franco Colapinto (AP).<\/span><\/div>\n<div class=\"custom-text \" readability=\"32\">\n<p><strong>-\u00bfQu\u00e9 le ofrece el circuito de Barcelona que pueda aprovechar?<\/strong><\/p>\n<\/div>\n<div class=\"custom-text \" readability=\"38\">\n<p>-Yo creo que \u00e9l va a ir ganando confianza primero, y Barcelona es una pista que te permite m\u00e1s, como se lo permite a todos. La diferencia es que los que est\u00e1n ac\u00e1, a lo mejor muchos hoy le pegan a una pared y no pasa nada, porque ya est\u00e1n ac\u00e1.<\/p>\n<\/div>\n<div class=\"custom-text \" readability=\"33\">\n<p><strong>-Como Hamilton hoy,. por ejemplo\u2026<\/strong><\/p>\n<\/div>\n<div class=\"custom-text \" readability=\"38\">\n<p>-Est\u00e1n en otra situaci\u00f3n y no necesitan, a lo mejor, demostrar y esas cosas. Pero bueno, yo creo que Barcelona va a cambiar, pero obviamente tambi\u00e9n hay que esperar que el auto pegue un salto porque si el auto es mejor va a ser m\u00e1s f\u00e1cil.<\/p>\n<\/div>\n<div class=\"custom-text \" readability=\"32\">\n<p><strong>-\u00bfLa F\u00f3rmula 1 tiene paciencia o no tanto?<\/strong><\/p>\n<\/div>\n<div class=\"custom-text \" readability=\"40\">\n<p>-No digo que est\u00e9 bien o mal, pero siempre digo que tambi\u00e9n el que est\u00e1 en la F\u00f3rmula 1 es un privilegiado porque son muy pocas butacas, son 20, es el \u00fanico deporte en el que lo practican 20, con la cantidad de pilotos que hay. No es justo para los j\u00f3venes porque es mucha presi\u00f3n, pero a la vez creo que uno tiene que aceptar eso porque es lo que hay. Porque tambi\u00e9n los equipos tienen mucha presi\u00f3n por los resultados y esas cosas.<\/p>\n<\/div>\n<p><h2>Video: la entrevista de Ol\u00e9 a Pechito L\u00f3pez<\/h2>\n<\/p>\n<div class=\"sc-734b4696-1 kFfZtB\">\n<div class=\"sc-d00d9e74-0 hnHYbk vertical\" type=\"embed\">\n<div class=\"sc-d00d9e74-1 iKVbz videoText\" id=\"contentTitleembednDaZ5rHB\" type=\"embed\"><svg fill=\"#ffffff\"><symbol id=\"play\" viewBox=\"0 0 512 512\"><path d=\"M512 256C512 397.4 397.4 512 256 512C114.6 512 0 397.4 0 256C0 114.6 114.6 0 256 0C397.4 0 512 114.6 512 256zM176 168V344C176 352.7 180.7 360.7 188.3 364.9C195.8 369.2 205.1 369 212.5 364.5L356.5 276.5C363.6 272.1 368 264.4 368 256C368 247.6 363.6 239.9 356.5 235.5L212.5 147.5C205.1 142.1 195.8 142.8 188.3 147.1C180.7 151.3 176 159.3 176 168V168z\" \/><\/symbol><use xlink:href=\"#play\" \/><\/svg><\/p>\n<div class=\"right\">\n<p>Jos\u00e9 Mar\u00eda L\u00f3pez<!-- --> &#8211; <span>&nbsp;<\/span><\/p>\n<h2 class=\"title-vid\">Pechito L\u00f3pez con Ol\u00e9<\/h2>\n<\/div>\n<\/div>\n<p><span class=\"back\" id=\"spanBackembednDaZ5rHB\"><\/span><\/div>\n<\/div>\n<div class=\"custom-text \" readability=\"32\">\n<p><strong>MONACO (ENVIADO ESPECIAL).<\/strong><\/p>\n<\/div>\n<div class=\"sc-a7166897-0 eoLsBE\" readability=\"6.5\">\n<section readability=\"3\"><picture><img alt=\"La tristeza de Pierre Gasly tras la clasificaci\u00f3n de la F1 en M\u00f3naco: &quot;No es donde queremos estar&quot;\" loading=\"lazy\" width=\"290\" height=\"290\" decoding=\"async\" data-nimg=\"1\" src=\"http:\/\/cordobadirecto.com\/wp-content\/uploads\/2025\/05\/pechito-lopez-sobre-colapinto-con-ole-hoy-monaco-tiene-que-ser-una-inversion-para-el-3.jpg\"><\/picture>\n<p><span>Mir\u00e1 tambi\u00e9n<\/span><\/p>\n<hr>\n<h3>La tristeza de Pierre Gasly tras la clasificaci\u00f3n de la F1 en M\u00f3naco: &#8220;No es donde queremos estar&#8221;<\/h3>\n<\/p>\n<\/section>\n<\/div>\n<div class=\"sc-a7166897-0 eoLsBE\" readability=\"7\">\n<section readability=\"4\"><picture><img alt=\"Franco Colapinto en el Fan Zone de M\u00f3naco: la broma de Gasly, la guardia desde la 1 AM y la derrota\" loading=\"lazy\" width=\"290\" height=\"290\" decoding=\"async\" data-nimg=\"1\" src=\"http:\/\/cordobadirecto.com\/wp-content\/uploads\/2025\/05\/pechito-lopez-sobre-colapinto-con-ole-hoy-monaco-tiene-que-ser-una-inversion-para-el-4.jpg\"><\/picture>\n<p><span>Mir\u00e1 tambi\u00e9n<\/span><\/p>\n<hr>\n<h3>Franco Colapinto en el Fan Zone de M\u00f3naco: la broma de Gasly, la guardia desde la 1 AM y la derrota<\/h3>\n<\/p>\n<\/section>\n<\/div>\n<div class=\"sc-a7166897-0 eoLsBE\" readability=\"6.5\">\n<section readability=\"3\"><picture><img alt=\"Franco Colapinto a Ol\u00e9 sobre la carrera en M\u00f3naco: &quot;\u00bfDif\u00edcil? Imposible va a ser casi pasar autos&quot;\" loading=\"lazy\" width=\"290\" height=\"290\" decoding=\"async\" data-nimg=\"1\" src=\"http:\/\/cordobadirecto.com\/wp-content\/uploads\/2025\/05\/pechito-lopez-sobre-colapinto-con-ole-hoy-monaco-tiene-que-ser-una-inversion-para-el-5.jpg\"><\/picture>\n<p><span>Mir\u00e1 tambi\u00e9n<\/span><\/p>\n<hr>\n<h3>Franco Colapinto a Ol\u00e9 sobre la carrera en M\u00f3naco: &#8220;\u00bfDif\u00edcil? Imposible va a ser casi pasar autos&#8221;<\/h3>\n<\/p>\n<\/section>\n<\/div>\n<\/div>\n","protected":false},"excerpt":{"rendered":"<p>24\/05\/2025 14:44hs. Actualizado al 24\/05\/2025 15:03hs. Jos\u00e9 Mar\u00eda L\u00f3pez, Pechito para todo el mundo, entiende. No solo porque es piloto y conoce esta pista, sino porque vive en M\u00f3naco y d\u00eda a d\u00eda recorre sus calles que son, paralelamente, las que forman el circuito callejero. Por eso y por su ojo cl\u00ednico que sabe del [&hellip;]<\/p>\n","protected":false},"author":1,"featured_media":167219,"comment_status":"closed","ping_status":"closed","sticky":false,"template":"","format":"standard","meta":[],"categories":[21],"tags":[],"_links":{"self":[{"href":"http:\/\/cordobadirecto.com\/index.php\/wp-json\/wp\/v2\/posts\/167218"}],"collection":[{"href":"http:\/\/cordobadirecto.com\/index.php\/wp-json\/wp\/v2\/posts"}],"about":[{"href":"http:\/\/cordobadirecto.com\/index.php\/wp-json\/wp\/v2\/types\/post"}],"author":[{"embeddable":true,"href":"http:\/\/cordobadirecto.com\/index.php\/wp-json\/wp\/v2\/users\/1"}],"replies":[{"embeddable":true,"href":"http:\/\/cordobadirecto.com\/index.php\/wp-json\/wp\/v2\/comments?post=167218"}],"version-history":[{"count":0,"href":"http:\/\/cordobadirecto.com\/index.php\/wp-json\/wp\/v2\/posts\/167218\/revisions"}],"wp:featuredmedia":[{"embeddable":true,"href":"http:\/\/cordobadirecto.com\/index.php\/wp-json\/wp\/v2\/media\/167219"}],"wp:attachment":[{"href":"http:\/\/cordobadirecto.com\/index.php\/wp-json\/wp\/v2\/media?parent=167218"}],"wp:term":[{"taxonomy":"category","embeddable":true,"href":"http:\/\/cordobadirecto.com\/index.php\/wp-json\/wp\/v2\/categories?post=167218"},{"taxonomy":"post_tag","embeddable":true,"href":"http:\/\/cordobadirecto.com\/index.php\/wp-json\/wp\/v2\/tags?post=167218"}],"curies":[{"name":"wp","href":"https:\/\/api.w.org\/{rel}","templated":true}]}}