{"id":167265,"date":"2025-05-25T18:16:35","date_gmt":"2025-05-25T18:16:35","guid":{"rendered":"https:\/\/www.ole.com.ar\/autos\/valentin-perrone-mejor-carrera-moto3-silverstone-inglaterra_0_Q1zttea9P7.html"},"modified":"2025-05-25T18:16:35","modified_gmt":"2025-05-25T18:16:35","slug":"valentin-perrone-hizo-su-mejor-carrera-en-moto3-y-represento-bien-a-la-argentina-en-inglaterra","status":"publish","type":"post","link":"http:\/\/cordobadirecto.com\/index.php\/2025\/05\/25\/valentin-perrone-hizo-su-mejor-carrera-en-moto3-y-represento-bien-a-la-argentina-en-inglaterra\/","title":{"rendered":"Valent\u00edn Perrone hizo su mejor carrera en Moto3 y represent\u00f3 bien a la Argentina en Inglaterra"},"content":{"rendered":"<p><time class=\"createDate\" datetime=\"2025-05-25T15:16:35-03:00\">25\/05\/2025 15:16hs.<\/time><\/p>\n<div id=\"storyBody\">\n<div class=\"custom-text \" readability=\"38.362573099415\">\n<p>Este 25 de mayo, el pibe que naci\u00f3 en Espa\u00f1a pero adopt\u00f3 a la Argentina como su patria corri\u00f3 en Silverstone, Inglaterra, y consigui\u00f3 el mejor resultado de su carrera en <strong><a href=\"https:\/\/www.ole.com.ar\/tema\/moto3.html\" title=\"Moto3\" alt=\"Moto3\" class=\"slug\">Moto3<\/a><\/strong>. Poes\u00eda de parte de <strong><a href=\"https:\/\/www.ole.com.ar\/tema\/valentin-perrone.html\" title=\"valentin perrone\" alt=\"valentin perrone\" class=\"slug\">Valent\u00edn Perrone<\/a><\/strong>, el del casco albiceleste, quien tuvo un domingo perfecto, coquete\u00f3 con la victoria y <strong>consigui\u00f3 un 5\u00b0 puesto fenomenal.<\/strong><\/p>\n<\/div>\n<div class=\"custom-text \" readability=\"35\">\n<p>Tanto el motociclista como su entorno advert\u00eda que la meta era aprender. Pasadas ocho fechas desde su incursi\u00f3n en el campeonato mundial, <strong>el jovencito de 17 a\u00f1os corre a la par de los mejores como si lo hubiera hecho siempre<\/strong>. <\/p>\n<\/div>\n<div class=\"sc-e7b891c4-0 ifHnQL image-embed\"><img alt=\"Valent\u00edn Perrone pele\u00f3 con los de adelante durante toda la carrera. (@Tech3Racing)\" loading=\"lazy\" width=\"720\" height=\"100\" decoding=\"async\" data-nimg=\"1\" src=\"http:\/\/cordobadirecto.com\/wp-content\/uploads\/2025\/05\/valentin-perrone-hizo-su-mejor-carrera-en-moto3-y-represento-bien-a-la-argentina-en-inglaterra.jpg\"><span class=\"epigraphe\">Valent\u00edn Perrone pele\u00f3 con los de adelante durante toda la carrera. (@Tech3Racing)<\/span><\/div>\n<div class=\"custom-text \" readability=\"40\">\n<p>Tras haber largado 9\u00b0, el piloto de Tech3 consigui\u00f3 sumarse al pelot\u00f3n de punta, que fue su objetivo en las fechas anteriores y no terminaba de cumplirse. Cuando se dio, estuvo a punto de llevarse puestos a todos: <strong>pele\u00f3 con los l\u00edderes, lleg\u00f3 a estar 2\u00b0 y pintaba para subirse al podio en la pen\u00faltima vuelta<\/strong>, pero perdi\u00f3 algo de tracci\u00f3n y se hicieron lugar algunas motos. <\/p>\n<\/div>\n<div class=\"custom-text \" readability=\"38\">\n<p>De todos modos, una grand\u00edsima 5\u00aa ubicaci\u00f3n por detr\u00e1s de Rueda, Quiles, Lunetta y Carpe que le vali\u00f3 para superar su mejor producci\u00f3n hist\u00f3rica (fue 10\u00b0 en los Grandes Premios de Espa\u00f1a y Francia). <strong>Ahora, el argentino marcha 16\u00b0 en el campeonato con 24 unidades.<\/strong><\/p>\n<\/div>\n<p><h2>\u00bfCu\u00e1ndo vuelve a correr Valent\u00edn Perrone por el campeonato de Moto3?<\/h2>\n<\/p>\n<div class=\"custom-text \" readability=\"38\">\n<p>La pr\u00f3xima fecha del campeonato ser\u00e1 en <strong>Arag\u00f3n, Espa\u00f1a, entre el 6 y el 8 de junio<\/strong>, y Perrone buscar\u00e1 estirar su gran momento. Por c\u00f3mo est\u00e1 creciendo con cada fecha, a no sorprenderse cuando llegue el primer podio&#8230;<\/p>\n<\/div>\n<div class=\"sc-e7b891c4-0 ifHnQL image-embed\"><img alt=\"Valent\u00edn Perrone volver\u00e1 a correr en Arag\u00f3n. (IG)\" loading=\"lazy\" width=\"720\" height=\"100\" decoding=\"async\" data-nimg=\"1\" src=\"http:\/\/cordobadirecto.com\/wp-content\/uploads\/2025\/05\/valentin-perrone-hizo-su-mejor-carrera-en-moto3-y-represento-bien-a-la-argentina-en-inglaterra-1.jpg\"><span class=\"epigraphe\">Valent\u00edn Perrone volver\u00e1 a correr en Arag\u00f3n. (IG)<\/span><\/div>\n<div class=\"sc-a7166897-0 eoLsBE\" readability=\"6.5\">\n<section readability=\"3\"><picture><img alt=\"Colapinto tras M\u00f3naco a Ol\u00e9: quejas por la goma y &quot;fue como manejar un domingo al mediod\u00eda con la familia&quot;\" loading=\"lazy\" width=\"290\" height=\"290\" decoding=\"async\" data-nimg=\"1\" src=\"http:\/\/cordobadirecto.com\/wp-content\/uploads\/2025\/05\/valentin-perrone-hizo-su-mejor-carrera-en-moto3-y-represento-bien-a-la-argentina-en-inglaterra-2.jpg\"><\/picture>\n<p><span>Mir\u00e1 tambi\u00e9n<\/span><\/p>\n<hr>\n<h3>Colapinto tras M\u00f3naco a Ol\u00e9: quejas por la goma y &#8220;fue como manejar un domingo al mediod\u00eda con la familia&#8221;<\/h3>\n<\/p>\n<\/section>\n<\/div>\n<div class=\"sc-a7166897-0 eoLsBE\" readability=\"7\">\n<section readability=\"4\"><picture><img alt=\"Flavio Briatore, entre los elogios a Colapinto y la calentura por el rendimiento de Alpine\" loading=\"lazy\" width=\"290\" height=\"290\" decoding=\"async\" data-nimg=\"1\" src=\"http:\/\/cordobadirecto.com\/wp-content\/uploads\/2025\/05\/valentin-perrone-hizo-su-mejor-carrera-en-moto3-y-represento-bien-a-la-argentina-en-inglaterra-3.jpg\"><\/picture>\n<p><span>Mir\u00e1 tambi\u00e9n<\/span><\/p>\n<hr>\n<h3>Flavio Briatore, entre los elogios a Colapinto y la calentura por el rendimiento de Alpine<\/h3>\n<\/p>\n<\/section>\n<\/div>\n<div class=\"sc-a7166897-0 eoLsBE\" readability=\"6\">\n<section readability=\"2\"><picture><img alt=\"El desenfocado mensaje de Alpine tras la buena carrera de Colapinto en M\u00f3naco\" loading=\"lazy\" width=\"290\" height=\"290\" decoding=\"async\" data-nimg=\"1\" src=\"http:\/\/cordobadirecto.com\/wp-content\/uploads\/2025\/05\/valentin-perrone-hizo-su-mejor-carrera-en-moto3-y-represento-bien-a-la-argentina-en-inglaterra-4.jpg\"><\/picture>\n<p><span>Mir\u00e1 tambi\u00e9n<\/span><\/p>\n<hr>\n<h3>El desenfocado mensaje de Alpine tras la buena carrera de Colapinto en M\u00f3naco<\/h3>\n<\/p>\n<\/section>\n<\/div>\n<div class=\"sc-a7166897-0 eoLsBE\" readability=\"6\">\n<section readability=\"2\"><picture><img alt=\"La carrera de Franco Colapinto en M\u00f3naco: prolijo y 10 en estrategia \" loading=\"lazy\" width=\"290\" height=\"290\" decoding=\"async\" data-nimg=\"1\" src=\"http:\/\/cordobadirecto.com\/wp-content\/uploads\/2025\/05\/valentin-perrone-hizo-su-mejor-carrera-en-moto3-y-represento-bien-a-la-argentina-en-inglaterra-5.jpg\"><\/picture>\n<p><span>Mir\u00e1 tambi\u00e9n<\/span><\/p>\n<hr>\n<h3>La carrera de Franco Colapinto en M\u00f3naco: prolijo y 10 en estrategia <\/h3>\n<\/p>\n<\/section>\n<\/div>\n<div class=\"sc-a7166897-0 eoLsBE\" readability=\"6\">\n<section readability=\"2\"><picture><img alt=\"Video: Pierre Gasly se estrell\u00f3 y casi choca a Colapinto en M\u00f3naco\" loading=\"lazy\" width=\"290\" height=\"290\" decoding=\"async\" data-nimg=\"1\" src=\"http:\/\/cordobadirecto.com\/wp-content\/uploads\/2025\/05\/valentin-perrone-hizo-su-mejor-carrera-en-moto3-y-represento-bien-a-la-argentina-en-inglaterra-6.jpg\"><\/picture>\n<p><span>Mir\u00e1 tambi\u00e9n<\/span><\/p>\n<hr>\n<h3>Video: Pierre Gasly se estrell\u00f3 y casi choca a Colapinto en M\u00f3naco<\/h3>\n<\/p>\n<\/section>\n<\/div>\n<\/div>\n","protected":false},"excerpt":{"rendered":"<p>25\/05\/2025 15:16hs. Este 25 de mayo, el pibe que naci\u00f3 en Espa\u00f1a pero adopt\u00f3 a la Argentina como su patria corri\u00f3 en Silverstone, Inglaterra, y consigui\u00f3 el mejor resultado de su carrera en Moto3. Poes\u00eda de parte de Valent\u00edn Perrone, el del casco albiceleste, quien tuvo un domingo perfecto, coquete\u00f3 con la victoria y consigui\u00f3 [&hellip;]<\/p>\n","protected":false},"author":1,"featured_media":167266,"comment_status":"closed","ping_status":"closed","sticky":false,"template":"","format":"standard","meta":[],"categories":[21],"tags":[],"_links":{"self":[{"href":"http:\/\/cordobadirecto.com\/index.php\/wp-json\/wp\/v2\/posts\/167265"}],"collection":[{"href":"http:\/\/cordobadirecto.com\/index.php\/wp-json\/wp\/v2\/posts"}],"about":[{"href":"http:\/\/cordobadirecto.com\/index.php\/wp-json\/wp\/v2\/types\/post"}],"author":[{"embeddable":true,"href":"http:\/\/cordobadirecto.com\/index.php\/wp-json\/wp\/v2\/users\/1"}],"replies":[{"embeddable":true,"href":"http:\/\/cordobadirecto.com\/index.php\/wp-json\/wp\/v2\/comments?post=167265"}],"version-history":[{"count":0,"href":"http:\/\/cordobadirecto.com\/index.php\/wp-json\/wp\/v2\/posts\/167265\/revisions"}],"wp:featuredmedia":[{"embeddable":true,"href":"http:\/\/cordobadirecto.com\/index.php\/wp-json\/wp\/v2\/media\/167266"}],"wp:attachment":[{"href":"http:\/\/cordobadirecto.com\/index.php\/wp-json\/wp\/v2\/media?parent=167265"}],"wp:term":[{"taxonomy":"category","embeddable":true,"href":"http:\/\/cordobadirecto.com\/index.php\/wp-json\/wp\/v2\/categories?post=167265"},{"taxonomy":"post_tag","embeddable":true,"href":"http:\/\/cordobadirecto.com\/index.php\/wp-json\/wp\/v2\/tags?post=167265"}],"curies":[{"name":"wp","href":"https:\/\/api.w.org\/{rel}","templated":true}]}}