{"id":167278,"date":"2025-05-23T17:53:03","date_gmt":"2025-05-23T17:53:03","guid":{"rendered":"https:\/\/es.digitaltrends.com\/?p=1070726"},"modified":"2025-05-23T17:53:03","modified_gmt":"2025-05-23T17:53:03","slug":"melania-trump-lanza-libro-con-sus-memorias-y-con-una-replica-de-su-voz-generada-por-ia","status":"publish","type":"post","link":"http:\/\/cordobadirecto.com\/index.php\/2025\/05\/23\/melania-trump-lanza-libro-con-sus-memorias-y-con-una-replica-de-su-voz-generada-por-ia\/","title":{"rendered":"Melania Trump lanza libro con sus memorias y con una r\u00e9plica de su voz generada por IA"},"content":{"rendered":"<div><img src=\"http:\/\/cordobadirecto.com\/wp-content\/uploads\/2025\/05\/melania-trump-lanza-libro-con-sus-memorias-y-con-una-replica-de-su-voz-generada-por-ia.jpg\" class=\"ff-og-image-inserted\"><\/div>\n<p>Ahora vas a poder acostarte en las noches con un nuevo cuento, uno donde <strong>Melania Trump<\/strong> con su maravillosa voz te cuenta su historia y como lleg\u00f3 a convertirse en la primera dama de Estados Unidos. Pero espera un poco\u2026en realidad el <a href=\"https:\/\/es.digitaltrends.com\/tendencias\/spotify-incluira-audiolibros-narrados-por-ia\/\" rel>audiolibro<\/a> no te lo leer\u00e1 ella, m\u00e1s bien una <a href=\"https:\/\/es.digitaltrends.com\/tendencias\/necesitamos-inteligencia-artificial-desarrollada-en-america-latina\/\" rel>IA <\/a>que gener\u00f3 una r\u00e9plica de su voz.<\/p>\n<p>Esa es la premisa en torno a Melania, un audiolibro que es la biograf\u00eda de la esposa de <a href=\"https:\/\/es.digitaltrends.com\/noticias\/de-que-se-trato-la-llamada-de-atencion-que-le-hizo-donald-trump-a-jeff-bezos\/\" rel>Donald Trump<\/a> y que cuesta 25 d\u00f3lares, y est\u00e1 disponible a partir del 22 de mayo en ingl\u00e9s; pronto estar\u00e1 disponible en otros idiomas, incluidos espa\u00f1ol, portugu\u00e9s e hindi.<\/p>\n<div class=\"b-connatix b-connatix--video\" id=\"dt-cnx-container-6830bd4975c6b\">\n<div class=\"b-connatix__label\">Recommended Videos<\/div>\n<div class=\"b-connatix__container\"> <\/div><\/div>\n<p>Trump trabaj\u00f3 con la startup&nbsp;ElevenLabs, una empresa de investigaci\u00f3n y tecnolog\u00eda de audio de IA, para renderizar una versi\u00f3n de su \u00abvoz oficial de IA\u00bb, con el audiolibro disponible exclusivamente en la aplicaci\u00f3n ElevenReader.<\/p>\n<p>\u00abMe siento honrada de traerles Melania, el audiolibro de IA, narrado \u00edntegramente con inteligencia artificial con mi propia voz\u00bb, escribi\u00f3 en una&nbsp;<a href=\"https:\/\/x.com\/MELANIATRUMP\/status\/1925507111015915776\" rel=\"noreferrer noopener\" target=\"_blank\">publicaci\u00f3n<\/a>&nbsp;el jueves en X. \u00abQue comience el futuro de la publicaci\u00f3n\u00bb.<\/p>\n<figure class=\"wp-block-embed is-type-rich is-provider-twitter wp-block-embed-twitter\"><\/figure>\n<p>\u00abMelania\u00bb se suma a la programaci\u00f3n de miles de audiolibros de la app ElevenReader, disponible para iOS y Android. ElevenReader presenta obras de la Dra. Maya Angelou, Deepak Chopra, Arianna Huffington y Richard Feynman, \u00abtodas disponibles con narraci\u00f3n de IA en sus voces distintivas\u00bb, seg\u00fan la compa\u00f1\u00eda.&nbsp;<\/p>\n<p>Seg\u00fan Skyhorse Publishing, \u00abMelania\u00bb es \u00abun libro de memorias convincente e inspirador que ofrece un vistazo a la vida de una mujer extraordinaria que ha superado los desaf\u00edos con gracia y determinaci\u00f3n\u00bb. En el libro, escribe sobre su infancia eslovena, los momentos cruciales que la llevaron al mundo de la alta costura en Europa y Nueva York, y \u00abel encuentro fortuito con Donald Trump, un encuentro casual que cambi\u00f3 para siempre el curso de su vida\u00bb, seg\u00fan la editorial.<\/p>\n<p> <span id=\"publisher-md\" itemprop=\"publisher\" itemscope itemtype=\"https:\/\/schema.org\/Organization\"> <span itemprop=\"url\" itemtype=\"https:\/\/schema.org\/Url\" content=\"https:\/\/es.digitaltrends.com\"> <span itemprop=\"logo\" itemscope itemtype=\"https:\/\/schema.org\/ImageObject\"> <meta itemprop=\"url\" content=\"https:\/\/cdn.dtcn.com\/dt\/dt-logo-small.png\"> <meta itemprop=\"width\" content=\"0\"> <meta itemprop=\"height\" content=\"0\"> <\/span> <meta itemprop=\"name\" content=\"Digital Trends Espa\u00f1ol\"> <\/span> <span itemprop=\"image\" itemscope itemtype=\"https:\/\/schema.org\/ImageObject\"> <meta itemprop=\"url\" content=\"https:\/\/es.digitaltrends.com\/wp-content\/uploads\/2025\/05\/Melania-Trump.jpeg?p=1\"> <\/span> <\/span> <\/p>\n","protected":false},"excerpt":{"rendered":"<p>Ahora vas a poder acostarte en las noches con un nuevo cuento, uno donde Melania Trump con su maravillosa voz te cuenta su historia y como lleg\u00f3 a convertirse en la primera dama de Estados Unidos. Pero espera un poco\u2026en realidad el audiolibro no te lo leer\u00e1 ella, m\u00e1s bien una IA que gener\u00f3 una [&hellip;]<\/p>\n","protected":false},"author":1,"featured_media":167279,"comment_status":"closed","ping_status":"closed","sticky":false,"template":"","format":"standard","meta":[],"categories":[18],"tags":[],"_links":{"self":[{"href":"http:\/\/cordobadirecto.com\/index.php\/wp-json\/wp\/v2\/posts\/167278"}],"collection":[{"href":"http:\/\/cordobadirecto.com\/index.php\/wp-json\/wp\/v2\/posts"}],"about":[{"href":"http:\/\/cordobadirecto.com\/index.php\/wp-json\/wp\/v2\/types\/post"}],"author":[{"embeddable":true,"href":"http:\/\/cordobadirecto.com\/index.php\/wp-json\/wp\/v2\/users\/1"}],"replies":[{"embeddable":true,"href":"http:\/\/cordobadirecto.com\/index.php\/wp-json\/wp\/v2\/comments?post=167278"}],"version-history":[{"count":0,"href":"http:\/\/cordobadirecto.com\/index.php\/wp-json\/wp\/v2\/posts\/167278\/revisions"}],"wp:featuredmedia":[{"embeddable":true,"href":"http:\/\/cordobadirecto.com\/index.php\/wp-json\/wp\/v2\/media\/167279"}],"wp:attachment":[{"href":"http:\/\/cordobadirecto.com\/index.php\/wp-json\/wp\/v2\/media?parent=167278"}],"wp:term":[{"taxonomy":"category","embeddable":true,"href":"http:\/\/cordobadirecto.com\/index.php\/wp-json\/wp\/v2\/categories?post=167278"},{"taxonomy":"post_tag","embeddable":true,"href":"http:\/\/cordobadirecto.com\/index.php\/wp-json\/wp\/v2\/tags?post=167278"}],"curies":[{"name":"wp","href":"https:\/\/api.w.org\/{rel}","templated":true}]}}