{"id":167318,"date":"2025-05-26T17:31:18","date_gmt":"2025-05-26T17:31:18","guid":{"rendered":"https:\/\/www.ole.com.ar\/autos\/lando-norris-mc-laren-franco-colapinto_0_gPjYhv3rXx.html"},"modified":"2025-05-26T17:31:18","modified_gmt":"2025-05-26T17:31:18","slug":"el-simpatico-pedido-que-le-hizo-lando-norris-a-los-argentinos-que-alientan-a-franco-colapinto","status":"publish","type":"post","link":"http:\/\/cordobadirecto.com\/index.php\/2025\/05\/26\/el-simpatico-pedido-que-le-hizo-lando-norris-a-los-argentinos-que-alientan-a-franco-colapinto\/","title":{"rendered":"El simp\u00e1tico pedido que le hizo Lando Norris a los argentinos que alientan a Franco Colapinto"},"content":{"rendered":"<p><time class=\"createDate\" datetime=\"2025-05-26T14:31:18-03:00\">26\/05\/2025 14:31hs.<\/time><\/p>\n<div id=\"storyBody\">\n<div class=\"custom-text \" readability=\"33.949843260188\">\n<p>Consigui\u00f3 la pole position en la clasificaci\u00f3n del <strong><a href=\"https:\/\/www.ole.com.ar\/usa\/automovilismo\/asi-quedo-la-tabla-de-posiciones-de-la-f1-tras-la-victoria-de-lando-norris-en-el-gp-de-monaco_0_bSRwz73QGN.html\" target=\"_blank\" title=\"Gran Premio de M\u00f3naco\" alt=\"Gran Premio de M\u00f3naco\" rel=\"noopener\">Gran Premio de M\u00f3naco<\/a><\/strong> y supo mantenerla en la carrera, donde trep\u00f3 a lo m\u00e1s alto del podio sin sobresaltos. Sin embargo,<strong> <\/strong>horas despu\u00e9s de la victoria,<strong> <a href=\"https:\/\/www.ole.com.ar\/tema\/lando-norris.html\" target=\"_blank\" title=\"Lando Norris\" alt=\"Lando Norris\" rel=\"noopener\">Lando Norris<\/a> <\/strong>fue tendencia en las redes sociales por el simp\u00e1tico pedido que le hizo a los hinchas argentinos.<\/p>\n<\/div>\n<div class=\"custom-text \" readability=\"36.29392971246\">\n<p>El piloto de <strong><a href=\"https:\/\/www.ole.com.ar\/tema\/mclaren.html\" target=\"_blank\" title=\"McLaren\" alt=\"McLaren\" rel=\"noopener\">McLaren<\/a> <\/strong>confes\u00f3 en zona mixta que es cercano a <strong><a href=\"https:\/\/www.ole.com.ar\/tema\/franco-colapinto.html\" target=\"_blank\" title=\"Franco Colapinto\" alt=\"Franco Colapinto\" rel=\"noopener\">Franco Colapinto<\/a> <\/strong>e,<strong> <\/strong>inmediatamente,<strong> <\/strong>aprovech\u00f3 los micr\u00f3fonos para hacerle llegar un mensaje a los seguidores del piloto de <strong><a href=\"https:\/\/www.ole.com.ar\/tema\/alpine.html\" target=\"_blank\" title=\"Alpine\" alt=\"Alpine\" rel=\"noopener\">Alpine<\/a><\/strong>. &#8220;Somos grandes amigos&#8221;, reconoci\u00f3. Segundos despu\u00e9s, lanz\u00f3: &#8220;<strong>Si lo apoyan a \u00e9l, deber\u00edan apoyarme tambi\u00e9n a m\u00ed<\/strong>&#8220;.<\/p>\n<\/div>\n<div class=\"sc-734b4696-1 kFfZtB\" readability=\"6\">\n<div class=\"sc-d00d9e74-0 hnHYbk\" type=\"embed\">\n<div class=\"sc-d00d9e74-1 iKVbz videoText\" id=\"contentTitleembedR9hcoFfb\" type=\"embed\"><svg fill=\"#ffffff\"><symbol id=\"play\" viewBox=\"0 0 512 512\"><path d=\"M512 256C512 397.4 397.4 512 256 512C114.6 512 0 397.4 0 256C0 114.6 114.6 0 256 0C397.4 0 512 114.6 512 256zM176 168V344C176 352.7 180.7 360.7 188.3 364.9C195.8 369.2 205.1 369 212.5 364.5L356.5 276.5C363.6 272.1 368 264.4 368 256C368 247.6 363.6 239.9 356.5 235.5L212.5 147.5C205.1 142.1 195.8 142.8 188.3 147.1C180.7 151.3 176 159.3 176 168V168z\" \/><\/symbol><use xlink:href=\"#play\" \/><\/svg><\/p>\n<div class=\"right\">\n<p>Lando Norris<!-- --> &#8211; <span>&nbsp;<\/span><\/p>\n<h2 class=\"title-vid\">El mensaje de Lando Norris para los hinchas de Franco Colapinto<\/h2>\n<\/div>\n<\/div>\n<p><span class=\"back\" id=\"spanBackembedR9hcoFfb\"><\/span><\/div>\n<div class=\"JWvideoNota_title\" readability=\"7\">\n<p>Cr\u00e9ditos: Florencia Andersen.<\/p>\n<\/div>\n<\/div>\n<div class=\"custom-text \" readability=\"38\">\n<p>La inesperada reacci\u00f3n del brit\u00e1nico despert\u00f3 risas entre todos los presentes, quienes se sorprendieron al escuchar su frase. R\u00e1pidamente, el video se volvi\u00f3 viral en distintas plataformas, donde los hinchas no tardaron en replicarlo y hacerle el aguante por la buena onda que mostr\u00f3 con el pilarense.<\/p>\n<\/div>\n<div class=\"sc-e7b891c4-0 ifHnQL image-embed\"><img alt=\"Lando Norris con Franco Colapinto. Foto:@ColapintoFiles \" loading=\"lazy\" width=\"720\" height=\"100\" decoding=\"async\" data-nimg=\"1\" src=\"http:\/\/cordobadirecto.com\/wp-content\/uploads\/2025\/05\/el-simpatico-pedido-que-le-hizo-lando-norris-a-los-argentinos-que-alientan-a-franco-colapinto.jpg\"><span class=\"epigraphe\">Lando Norris con Franco Colapinto. Foto:@ColapintoFiles <\/span><\/div>\n<p><h2>Cu\u00e1ndo es la pr\u00f3xima carrera de Franco Colapinto en la F\u00f3rmula 1<\/h2>\n<\/p>\n<div class=\"custom-text \" readability=\"34\">\n<p><strong>Franco Colapinto<\/strong> saldr\u00e1 nuevamente a la pista el pr\u00f3ximo fin de semana, donde disputar\u00e1 el <strong>Gran Premio de Espa\u00f1a<\/strong>. <\/p>\n<\/div>\n<div class=\"custom-text \" readability=\"39\">\n<p>El pilarense comenzar\u00e1 con la actividad el viernes 30 de mayo, d\u00eda en el que girar\u00e1 en las dos primeras pr\u00e1cticas libres. Luego, volver\u00e1 al circuito el s\u00e1bado para la FP3 y la clasificaci\u00f3n. Finalmente, lo m\u00e1s importante ser\u00e1 la carrera del domingo, que dar\u00e1 comienzo a las 10.00hs de Argentina.<\/p>\n<\/div>\n<div class=\"sc-e7b891c4-0 ifHnQL image-embed\"><img alt=\"Franco Colapinto en M\u00f3naco.\n@ColapintoFiles\" loading=\"lazy\" width=\"720\" height=\"100\" decoding=\"async\" data-nimg=\"1\" src=\"http:\/\/cordobadirecto.com\/wp-content\/uploads\/2025\/05\/el-simpatico-pedido-que-le-hizo-lando-norris-a-los-argentinos-que-alientan-a-franco-colapinto-1.jpg\"><span class=\"epigraphe\">Franco Colapinto en M\u00f3naco.<br \/>\n@ColapintoFiles<\/span><\/div>\n<div class=\"custom-text \">\n<ul>\n<li>Pr\u00e1ctica libre 1: de 8.30 a 9.30hs.<\/li>\n<li>Pr\u00e1ctica libre 2: de 12 a 13hs.<\/li>\n<\/ul>\n<\/div>\n<div class=\"custom-text \">\n<ul>\n<li>Tercera pr\u00e1ctica libre: de 7.30 a 8.30hs.<\/li>\n<li>Clasificaci\u00f3n: a las 11hs.<\/li>\n<\/ul>\n<\/div>\n<div class=\"custom-text \">\n<ul>\n<li>Carrera: a las 10hs.<\/li>\n<\/ul>\n<\/div>\n<p><h2>As\u00ed qued\u00f3 la tabla del campeonato de pilotos luego del triunfo de Lando Norris en el GP de M\u00f3naco<\/h2>\n<\/p>\n<div class=\"custom-text \">\n<ol>\n<li>Oscar Piastri &#8211; 161 puntos<\/li>\n<li>Lando Norris &#8211; 158<\/li>\n<li>Max Verstappen &#8211; 136<\/li>\n<li>George Russell &#8211; 99<\/li>\n<li>Charles Leclerc &#8211; 79<\/li>\n<li>Lewis Hamilton &#8211; 63<\/li>\n<li>Kimi Antonelli &#8211; 48<\/li>\n<li>Alex Albon &#8211; 42<\/li>\n<li>Esteban Ocon &#8211; 20<\/li>\n<li>Isack Hadjar &#8211; 15<\/li>\n<li>Lance Stroll &#8211; 14 <\/li>\n<li>Carlos Sainz &#8211; 12 <\/li>\n<li>Yuki Tsunoda &#8211; 10 <\/li>\n<li>Pierre Gasly &#8211; 7 <\/li>\n<li>Nico Hulkenberg &#8211; 6 <\/li>\n<li>Oliver Bearman &#8211; 6 <\/li>\n<li>Liam Lawson &#8211; 4 <\/li>\n<li>Fernando Alonso &#8211; 0 <\/li>\n<li>Franco Colapinto &#8211; 0 <\/li>\n<li>Gabriel Bortoleto &#8211; 0 <\/li>\n<\/ol>\n<\/div>\n<div class=\"sc-a7166897-0 eoLsBE\" readability=\"7\">\n<section readability=\"4\"><picture><img alt=\"El llamativo anuncio de la F\u00f3rmula 1 del GP de Espa\u00f1a, con... \u00a1Franco Colapinto como protagonista!\" loading=\"lazy\" width=\"290\" height=\"290\" decoding=\"async\" data-nimg=\"1\" src=\"http:\/\/cordobadirecto.com\/wp-content\/uploads\/2025\/05\/el-simpatico-pedido-que-le-hizo-lando-norris-a-los-argentinos-que-alientan-a-franco-colapinto-2.jpg\"><\/picture>\n<p><span>Mir\u00e1 tambi\u00e9n<\/span><\/p>\n<hr>\n<h3>El llamativo anuncio de la F\u00f3rmula 1 del GP de Espa\u00f1a, con&#8230; \u00a1Franco Colapinto como protagonista!<\/h3>\n<\/p>\n<\/section>\n<\/div>\n<div class=\"sc-a7166897-0 eoLsBE\" readability=\"6\">\n<section readability=\"2\"><picture><img alt=\"La carrera de Franco Colapinto en M\u00f3naco: prolijo y 10 en estrategia \" loading=\"lazy\" width=\"290\" height=\"290\" decoding=\"async\" data-nimg=\"1\" src=\"http:\/\/cordobadirecto.com\/wp-content\/uploads\/2025\/05\/el-simpatico-pedido-que-le-hizo-lando-norris-a-los-argentinos-que-alientan-a-franco-colapinto-3.jpg\"><\/picture>\n<p><span>Mir\u00e1 tambi\u00e9n<\/span><\/p>\n<hr>\n<h3>La carrera de Franco Colapinto en M\u00f3naco: prolijo y 10 en estrategia <\/h3>\n<\/p>\n<\/section>\n<\/div>\n<div class=\"sc-a7166897-0 eoLsBE\" readability=\"6.5\">\n<section readability=\"3\"><picture><img alt=\"Valent\u00edn Perrone hizo su mejor carrera en Moto3 y represent\u00f3 bien a la Argentina en Inglaterra\" loading=\"lazy\" width=\"290\" height=\"290\" decoding=\"async\" data-nimg=\"1\" src=\"http:\/\/cordobadirecto.com\/wp-content\/uploads\/2025\/05\/el-simpatico-pedido-que-le-hizo-lando-norris-a-los-argentinos-que-alientan-a-franco-colapinto-4.jpg\"><\/picture>\n<p><span>Mir\u00e1 tambi\u00e9n<\/span><\/p>\n<hr>\n<h3>Valent\u00edn Perrone hizo su mejor carrera en Moto3 y represent\u00f3 bien a la Argentina en Inglaterra<\/h3>\n<\/p>\n<\/section>\n<\/div>\n<\/div>\n","protected":false},"excerpt":{"rendered":"<p>26\/05\/2025 14:31hs. Consigui\u00f3 la pole position en la clasificaci\u00f3n del Gran Premio de M\u00f3naco y supo mantenerla en la carrera, donde trep\u00f3 a lo m\u00e1s alto del podio sin sobresaltos. Sin embargo, horas despu\u00e9s de la victoria, Lando Norris fue tendencia en las redes sociales por el simp\u00e1tico pedido que le hizo a los hinchas [&hellip;]<\/p>\n","protected":false},"author":1,"featured_media":167319,"comment_status":"closed","ping_status":"closed","sticky":false,"template":"","format":"standard","meta":[],"categories":[21],"tags":[],"_links":{"self":[{"href":"http:\/\/cordobadirecto.com\/index.php\/wp-json\/wp\/v2\/posts\/167318"}],"collection":[{"href":"http:\/\/cordobadirecto.com\/index.php\/wp-json\/wp\/v2\/posts"}],"about":[{"href":"http:\/\/cordobadirecto.com\/index.php\/wp-json\/wp\/v2\/types\/post"}],"author":[{"embeddable":true,"href":"http:\/\/cordobadirecto.com\/index.php\/wp-json\/wp\/v2\/users\/1"}],"replies":[{"embeddable":true,"href":"http:\/\/cordobadirecto.com\/index.php\/wp-json\/wp\/v2\/comments?post=167318"}],"version-history":[{"count":0,"href":"http:\/\/cordobadirecto.com\/index.php\/wp-json\/wp\/v2\/posts\/167318\/revisions"}],"wp:featuredmedia":[{"embeddable":true,"href":"http:\/\/cordobadirecto.com\/index.php\/wp-json\/wp\/v2\/media\/167319"}],"wp:attachment":[{"href":"http:\/\/cordobadirecto.com\/index.php\/wp-json\/wp\/v2\/media?parent=167318"}],"wp:term":[{"taxonomy":"category","embeddable":true,"href":"http:\/\/cordobadirecto.com\/index.php\/wp-json\/wp\/v2\/categories?post=167318"},{"taxonomy":"post_tag","embeddable":true,"href":"http:\/\/cordobadirecto.com\/index.php\/wp-json\/wp\/v2\/tags?post=167318"}],"curies":[{"name":"wp","href":"https:\/\/api.w.org\/{rel}","templated":true}]}}