{"id":167499,"date":"2025-05-29T19:27:30","date_gmt":"2025-05-29T19:27:30","guid":{"rendered":"https:\/\/www.ole.com.ar\/autos\/apuesta-fuerte-flavio-briatore-2026-excusas-franco-colapinto-alpine-f1-gp-barcelona_0_PeH9ARiuSz.html"},"modified":"2025-05-29T19:27:30","modified_gmt":"2025-05-29T19:27:30","slug":"la-apuesta-fuerte-de-flavio-briatore-en-2026-no-tenemos-excusas","status":"publish","type":"post","link":"http:\/\/cordobadirecto.com\/index.php\/2025\/05\/29\/la-apuesta-fuerte-de-flavio-briatore-en-2026-no-tenemos-excusas\/","title":{"rendered":"La apuesta fuerte de Flavio Briatore: &#8220;En 2026 no tenemos excusas&#8230;&#8221;"},"content":{"rendered":"<p><span class=\"createDate\">29\/05\/2025 16:27hs.<\/span><time class=\"modificatedDate\" datetime=\"2025-05-29T16:36:31-03:00\"> Actualizado al 29\/05\/2025 16:36hs.<\/time><\/p>\n<div id=\"storyBody\">\n<div class=\"custom-text \" readability=\"43\">\n<p><strong>A punto de completarse este fin de semana el triplete de tres Grandes Premios consecutivos de F\u00f3rmula 1<\/strong> -Imola, M\u00f3naco y ahora Barcelona-, el l\u00edder de Alpine, <strong>Flavio Briatore, se refiri\u00f3 al presente y al futuro de la escuder\u00eda francesa, <\/strong>actualmente alejada de los primeros planos de la categor\u00eda. Pese a ello, el italiano, en di\u00e1logo con el canal de YouTube F1 4all, revel\u00f3 su plan para revertir la situaci\u00f3n <strong>y adem\u00e1s habl\u00f3 sobre el rendimiento de Franco Colapinto.<\/strong><\/p>\n<\/div>\n<p><h2><strong>Qu\u00e9 dijo Briatore sobre el futuro de Alpine<\/strong><\/h2>\n<\/p>\n<div class=\"custom-text \" readability=\"41\">\n<p><strong>Fiel a su estilo ambicioso y poco conformista, Briatore lleg\u00f3 a Alpine con un objetivo claro: llevar al equipo a conquistar ambos campeonatos mundiales<\/strong>. Su primera gran decisi\u00f3n fue poner fin a la hist\u00f3rica relaci\u00f3n con Renault, que llevaba 47 a\u00f1os suministrando unidades de potencia, y apostar por motores Mercedes. <strong>&#8220;Fue una decisi\u00f3n muy dif\u00edcil tomar la de adquirir el motor Mercedes.<\/strong> Pero en nuestro deporte, para ganar, debemos tener las mismas oportunidades que los dem\u00e1s&#8221;, explic\u00f3.<\/p>\n<\/div>\n<div class=\"sc-e7b891c4-0 ifHnQL image-embed\"><img alt=\"Briatore fue contundente con el futuro de Alpine.\n(REUTERS\/Piroschka Van De Wouw)\" loading=\"lazy\" width=\"720\" height=\"100\" decoding=\"async\" data-nimg=\"1\" src=\"http:\/\/cordobadirecto.com\/wp-content\/uploads\/2025\/05\/la-apuesta-fuerte-de-flavio-briatore-en-2026-no-tenemos-excusas.jpg\"><span class=\"epigraphe\">Briatore fue contundente con el futuro de Alpine.<br \/>\n(REUTERS\/Piroschka Van De Wouw)<\/span><\/div>\n<div class=\"custom-text \" readability=\"34\">\n<p><strong>El italiano admite que el rendimiento del team con sede en Enstone no estuvo a la altura,<\/strong> aunque sostiene que el proceso de transformaci\u00f3n ya comenz\u00f3 y apunta a resultados positivos.<\/p>\n<\/div>\n<div class=\"custom-text \" readability=\"41\">\n<p><strong>&#8220;En 2026 ya no habr\u00e1 excusas: debemos ser competitivos. <\/strong>Se lo debemos a Renault, a Alpine y a Luca de Meo, CEO de Renault,<strong> <\/strong>quienes asumieron su responsabilidad al tomar una decisi\u00f3n tan radical. <strong>Competimos para ganar,<\/strong> y con la nueva normativa que entrar\u00e1 en vigor ese a\u00f1o, los equipos que mejor la interpreten tendr\u00e1n una clara ventaja&#8221;, afirm\u00f3.<\/p>\n<\/div>\n<p><h2>Flavio Briatore dijo cu\u00e1ndo puede ser campe\u00f3n de F1 Colapinto<\/h2>\n<\/p>\n<div class=\"custom-text \" readability=\"40\">\n<p><strong>Briatore tiene grandes expectativas puestas en Colapinto, especialmente de cara a la pr\u00f3xima temporada.<\/strong> El empresario italiano conf\u00eda en el potencial del pilarense y, adem\u00e1s, se anim\u00f3 a proyectar cu\u00e1ndo Alpine podr\u00e1 luchar por victorias y campeonatos. <strong>&#8220;En 2026 podemos ganar carreras, lo garantizo. En 2027 queremos ser aspirantes al t\u00edtulo&#8221;, asegur\u00f3.<\/strong><\/p>\n<\/div>\n<div class=\"sc-e7b891c4-0 ifHnQL image-embed\"><img alt=\"Briatore con Colapinto.\" loading=\"lazy\" width=\"720\" height=\"100\" decoding=\"async\" data-nimg=\"1\" src=\"http:\/\/cordobadirecto.com\/wp-content\/uploads\/2025\/05\/la-apuesta-fuerte-de-flavio-briatore-en-2026-no-tenemos-excusas-1.jpg\"><span class=\"epigraphe\">Briatore con Colapinto.<\/span><\/div>\n<div class=\"custom-text \" readability=\"36\">\n<p><strong>Adem\u00e1s, a\u00f1adi\u00f3: &#8216;La forma m\u00e1s f\u00e1cil de ganar es fichar a Max Verstappen (Red Bull), pero no podemos. <\/strong>As\u00ed que tenemos que trabajar con lo que tenemos&#8217;, concluy\u00f3.&#8221;<\/p>\n<\/div>\n<p><h2><strong>Cu\u00e1ndo arranca la actividad en Barcelona<\/strong><\/h2>\n<\/p>\n<div class=\"custom-text \" readability=\"40\">\n<p><strong>La actividad comenzar\u00e1 este viernes a las 8.30 con la primera pr\u00e1ctica libre,<\/strong> mientras que la segunda tendr\u00e1 lugar a las 12. El s\u00e1bado se disputar\u00e1 el tercer ensayo a las 7.30 y, a las 11, llegar\u00e1 la siempre espectacular clasificaci\u00f3n. <strong>El domingo ser\u00e1 el turno del plato fuerte: la carrera, a 66 vueltas en el trazado de Montmel\u00f3, largar\u00e1 a las 10.<\/strong><\/p>\n<\/div>\n<div class=\"sc-e7b891c4-0 ifHnQL image-embed\"><img alt=\"Franco Colapinto en Barcelona.\n@ColapintoFiles\" loading=\"lazy\" width=\"720\" height=\"100\" decoding=\"async\" data-nimg=\"1\" src=\"http:\/\/cordobadirecto.com\/wp-content\/uploads\/2025\/05\/la-apuesta-fuerte-de-flavio-briatore-en-2026-no-tenemos-excusas-2.jpg\"><span class=\"epigraphe\">Franco Colapinto en Barcelona.<br \/>\n@ColapintoFiles<\/span><\/div>\n<div class=\"custom-text \" readability=\"34\">\n<p><strong>En cuanto a la transmisi\u00f3n,<\/strong> se podr\u00e1 seguir en vivo por la pantalla de <strong>Fox Sports y tambi\u00e9n estar\u00e1 disponible en la plataforma Disney + Premium.<\/strong><\/p>\n<\/div>\n<div class=\"sc-a7166897-0 eoLsBE\" readability=\"6\">\n<section readability=\"2\"><picture><img alt=\"Comenz\u00f3 la locura por Franco Colapinto en Barcelona\" loading=\"lazy\" width=\"290\" height=\"290\" decoding=\"async\" data-nimg=\"1\" src=\"http:\/\/cordobadirecto.com\/wp-content\/uploads\/2025\/05\/la-apuesta-fuerte-de-flavio-briatore-en-2026-no-tenemos-excusas-3.jpg\"><\/picture>\n<p><span>Mir\u00e1 tambi\u00e9n<\/span><\/p>\n<hr>\n<h3>Comenz\u00f3 la locura por Franco Colapinto en Barcelona<\/h3>\n<\/p>\n<\/section>\n<\/div>\n<div class=\"sc-a7166897-0 eoLsBE\" readability=\"6.5\">\n<section readability=\"3\"><picture><img alt=\"Franco Colapinto aut\u00e9ntico: la clase de mate a los ingleses y el &quot;vamos a ser m\u00e1s fuertes en Barcelona&quot;\" loading=\"lazy\" width=\"290\" height=\"290\" decoding=\"async\" data-nimg=\"1\" src=\"http:\/\/cordobadirecto.com\/wp-content\/uploads\/2025\/05\/la-apuesta-fuerte-de-flavio-briatore-en-2026-no-tenemos-excusas-4.jpg\"><\/picture>\n<p><span>Mir\u00e1 tambi\u00e9n<\/span><\/p>\n<hr>\n<h3>Franco Colapinto aut\u00e9ntico: la clase de mate a los ingleses y el &#8220;vamos a ser m\u00e1s fuertes en Barcelona&#8221;<\/h3>\n<\/p>\n<\/section>\n<\/div>\n<div class=\"sc-a7166897-0 eoLsBE\" readability=\"6\">\n<section readability=\"2\"><picture><img alt=\"Colapinto y Gasly llegan con festejo y nuevo look de Alpine al GP de Barcelona\" loading=\"lazy\" width=\"290\" height=\"290\" decoding=\"async\" data-nimg=\"1\" src=\"http:\/\/cordobadirecto.com\/wp-content\/uploads\/2025\/05\/la-apuesta-fuerte-de-flavio-briatore-en-2026-no-tenemos-excusas-5.jpg\"><\/picture>\n<p><span>Mir\u00e1 tambi\u00e9n<\/span><\/p>\n<hr>\n<h3>Colapinto y Gasly llegan con festejo y nuevo look de Alpine al GP de Barcelona<\/h3>\n<\/p>\n<\/section>\n<\/div>\n<\/div>\n","protected":false},"excerpt":{"rendered":"<p>29\/05\/2025 16:27hs. Actualizado al 29\/05\/2025 16:36hs. A punto de completarse este fin de semana el triplete de tres Grandes Premios consecutivos de F\u00f3rmula 1 -Imola, M\u00f3naco y ahora Barcelona-, el l\u00edder de Alpine, Flavio Briatore, se refiri\u00f3 al presente y al futuro de la escuder\u00eda francesa, actualmente alejada de los primeros planos de la categor\u00eda. [&hellip;]<\/p>\n","protected":false},"author":1,"featured_media":167500,"comment_status":"closed","ping_status":"closed","sticky":false,"template":"","format":"standard","meta":[],"categories":[21],"tags":[],"_links":{"self":[{"href":"http:\/\/cordobadirecto.com\/index.php\/wp-json\/wp\/v2\/posts\/167499"}],"collection":[{"href":"http:\/\/cordobadirecto.com\/index.php\/wp-json\/wp\/v2\/posts"}],"about":[{"href":"http:\/\/cordobadirecto.com\/index.php\/wp-json\/wp\/v2\/types\/post"}],"author":[{"embeddable":true,"href":"http:\/\/cordobadirecto.com\/index.php\/wp-json\/wp\/v2\/users\/1"}],"replies":[{"embeddable":true,"href":"http:\/\/cordobadirecto.com\/index.php\/wp-json\/wp\/v2\/comments?post=167499"}],"version-history":[{"count":0,"href":"http:\/\/cordobadirecto.com\/index.php\/wp-json\/wp\/v2\/posts\/167499\/revisions"}],"wp:featuredmedia":[{"embeddable":true,"href":"http:\/\/cordobadirecto.com\/index.php\/wp-json\/wp\/v2\/media\/167500"}],"wp:attachment":[{"href":"http:\/\/cordobadirecto.com\/index.php\/wp-json\/wp\/v2\/media?parent=167499"}],"wp:term":[{"taxonomy":"category","embeddable":true,"href":"http:\/\/cordobadirecto.com\/index.php\/wp-json\/wp\/v2\/categories?post=167499"},{"taxonomy":"post_tag","embeddable":true,"href":"http:\/\/cordobadirecto.com\/index.php\/wp-json\/wp\/v2\/tags?post=167499"}],"curies":[{"name":"wp","href":"https:\/\/api.w.org\/{rel}","templated":true}]}}