{"id":167501,"date":"2025-05-29T17:09:04","date_gmt":"2025-05-29T17:09:04","guid":{"rendered":"https:\/\/www.ole.com.ar\/autos\/comenzo-locura-franco-colapinto-barcelona_0_9wL0Hchrgu.html"},"modified":"2025-05-29T17:09:04","modified_gmt":"2025-05-29T17:09:04","slug":"comenzo-la-locura-por-franco-colapinto-en-barcelona","status":"publish","type":"post","link":"http:\/\/cordobadirecto.com\/index.php\/2025\/05\/29\/comenzo-la-locura-por-franco-colapinto-en-barcelona\/","title":{"rendered":"Comenz\u00f3 la locura por Franco Colapinto en Barcelona"},"content":{"rendered":"<p><time class=\"createDate\" datetime=\"2025-05-29T14:09:04-03:00\">29\/05\/2025 14:09hs.<\/time><\/p>\n<div id=\"storyBody\">\n<div class=\"custom-text \" readability=\"37.045454545455\">\n<p>M\u00e1s cantado que el Himno, en alg\u00fan momento iba a pasar durante este fin de semana de <strong><a href=\"https:\/\/www.ole.com.ar\/tema\/formula-1.html\" title=\"F\u00f3rmula 1\" alt=\"F\u00f3rmula 1\" class=\"slug\">F\u00f3rmula 1<\/a><\/strong> en Barcelona, que los fan\u00e1ticos argentinos rodearan a <strong><a href=\"https:\/\/www.ole.com.ar\/tema\/franco-colapinto.html\" title=\"Franco Colapinto\" alt=\"Franco Colapinto\" class=\"slug\">Franco Colapinto<\/a><\/strong> apenas este anduviera por las zonas comunes en las cuales los hinchas pueden estar dentro del circuito, en este caso, de Montmel\u00f3, donde se correr\u00e1 la novena fecha de la temporada.<\/p>\n<\/div>\n<div class=\"custom-text \" readability=\"39\">\n<p>Generalmente los fan\u00e1ticos esperan la aparici\u00f3n de los pilotos en el Fan Zone, adonde los conductores de todas las categor\u00edas, en horario anunciado, aparecen sobre el escenario para dedicarles palabras a los hinchas y competir en concursos entre ellos o con pilotos de otras escuder\u00edas, como el de apilar vasos que <strong>enfrent\u00f3 en Imola a los de Alpine (ganadores) frente a los de Red Bull<\/strong>.<\/p>\n<\/div>\n<div class=\"sc-e7b891c4-0 ifHnQL image-embed\"><img alt=\"M\u00e1s firmas de Colapinto.\" loading=\"lazy\" width=\"720\" height=\"100\" decoding=\"async\" data-nimg=\"1\" src=\"http:\/\/cordobadirecto.com\/wp-content\/uploads\/2025\/05\/comenzo-la-locura-por-franco-colapinto-en-barcelona.jpg\"><span class=\"epigraphe\">M\u00e1s firmas de Colapinto.<\/span><\/div>\n<div class=\"custom-text \" readability=\"38\">\n<p>Sin embargo, esta vez no hubo que esperar a que llegara el viernes o s\u00e1bado para que le toque el turno al argentino con Alpine, porque apenas apareci\u00f3 en el pitlane, los fanas se le tiraron encima con banderas, pedidos de selfies y aut\u00f3grafos.<\/p>\n<\/div>\n<div class=\"sc-e7b891c4-0 ifHnQL image-embed\"><img alt=\"Colapinto firma una gorra.\" loading=\"lazy\" width=\"720\" height=\"100\" decoding=\"async\" data-nimg=\"1\" src=\"http:\/\/cordobadirecto.com\/wp-content\/uploads\/2025\/05\/comenzo-la-locura-por-franco-colapinto-en-barcelona-1.jpg\"><span class=\"epigraphe\">Colapinto firma una gorra.<\/span><\/div>\n<p><h2>La locura de los fan\u00e1ticos por Colapinto<\/h2>\n<\/p>\n<div class=\"custom-text \" readability=\"39.708133971292\">\n<p>Franco <a href=\"https:\/\/www.ole.com.ar\/autos\/franco-colapinto-barcelona-conferencia-prensa-mate_0_WmkDHzL8AA.html\" target=\"_self\" title=\"ya hab\u00eda atendido a la TV y a la prensa escrita\" alt=\"ya hab\u00eda atendido a la TV y a la prensa escrita\" rel=\"noopener\">ya hab\u00eda atendido a la TV y a la prensa escrita<\/a>, incluso hab\u00eda soplado nuevamente las velitas cuando <strong>Alpine<\/strong> le festej\u00f3 el cumple (el martes inaugur\u00f3 sus 22) con torta en el paddock dentro del hospitality de la escuder\u00eda, donde lo acompa\u00f1aron sus managers (Mar\u00eda Catarineu y Jamie Campbell-Walker) y mam\u00e1 Nancy. Pese a que no es d\u00eda de acelerar el auto, luego Franco <strong>apareci\u00f3 por el pitlane con el buzo nuevo de los 70 a\u00f1os de la escuder\u00eda<\/strong>, vestido para correr. Pero no se qued\u00f3 en el box, sino que, al ver a los hinchas argentinos, se les acerc\u00f3 y empez\u00f3 el ritual de las selfies, firmar y alg\u00fan cantito.<\/p>\n<\/div>\n<div class=\"sc-e7b891c4-0 ifHnQL image-embed\"><img alt=\"La firma de Franco.\" loading=\"lazy\" width=\"720\" height=\"100\" decoding=\"async\" data-nimg=\"1\" src=\"http:\/\/cordobadirecto.com\/wp-content\/uploads\/2025\/05\/comenzo-la-locura-por-franco-colapinto-en-barcelona-2.jpg\"><span class=\"epigraphe\">La firma de Franco.<\/span><\/div>\n<div class=\"custom-text \" readability=\"36\">\n<p>Justo en ese momento estaba el fot\u00f3grafo David Moreno, quien registr\u00f3 las im\u00e1genes y las public\u00f3 en redes sociales. La p\u00e1gina de X del circuito tambi\u00e9n mostr\u00f3 una imagen de muchedumbre, con el t\u00edtulo &#8220;La que has liado&#8221;. <\/p>\n<\/div>\n<div class=\"custom-text \" readability=\"42\">\n<p>Luego de atender a los hinchas, <strong>Franco volvi\u00f3 a meterse en el box, para seguir su tarea de jueves, que es m\u00e1s protocolar con los periodistas y de reuniones m\u00e1s an\u00e1lisis con los ingenieros de cara a una nueva fecha<\/strong>. Desde este viernes s\u00ed, ya en modo piloto dentro del auto, comenzar\u00e1 a pisar el acelerador, tan local como los espa\u00f1oles Carlos Sainz y Fernando Alonso. Porque en Barcelona, Colapinto es como un Messi sobre ruedas. <\/p>\n<\/div>\n<div class=\"sc-a7166897-0 eoLsBE\" readability=\"6.5\">\n<section readability=\"3\"><picture><img alt=\"Franco Colapinto aut\u00e9ntico: la clase de mate a los ingleses y el &quot;vamos a ser m\u00e1s fuertes en Barcelona&quot;\" loading=\"lazy\" width=\"290\" height=\"290\" decoding=\"async\" data-nimg=\"1\" src=\"http:\/\/cordobadirecto.com\/wp-content\/uploads\/2025\/05\/comenzo-la-locura-por-franco-colapinto-en-barcelona-3.jpg\"><\/picture>\n<p><span>Mir\u00e1 tambi\u00e9n<\/span><\/p>\n<hr>\n<h3>Franco Colapinto aut\u00e9ntico: la clase de mate a los ingleses y el &#8220;vamos a ser m\u00e1s fuertes en Barcelona&#8221;<\/h3>\n<\/p>\n<\/section>\n<\/div>\n<div class=\"sc-a7166897-0 eoLsBE\" readability=\"6\">\n<section readability=\"2\"><picture><img alt=\"Colapinto y Gasly llegan con festejo y nuevo look de Alpine al GP de Barcelona\" loading=\"lazy\" width=\"290\" height=\"290\" decoding=\"async\" data-nimg=\"1\" src=\"http:\/\/cordobadirecto.com\/wp-content\/uploads\/2025\/05\/comenzo-la-locura-por-franco-colapinto-en-barcelona-4.jpg\"><\/picture>\n<p><span>Mir\u00e1 tambi\u00e9n<\/span><\/p>\n<hr>\n<h3>Colapinto y Gasly llegan con festejo y nuevo look de Alpine al GP de Barcelona<\/h3>\n<\/p>\n<\/section>\n<\/div>\n<div class=\"sc-a7166897-0 eoLsBE\" readability=\"6\">\n<section readability=\"2\"><picture><img alt=\"Las razones que ilusionan a Franco Colapinto de cara al GP de Espa\u00f1a\" loading=\"lazy\" width=\"290\" height=\"290\" decoding=\"async\" data-nimg=\"1\" src=\"http:\/\/cordobadirecto.com\/wp-content\/uploads\/2025\/05\/comenzo-la-locura-por-franco-colapinto-en-barcelona-5.jpg\"><\/picture>\n<p><span>Mir\u00e1 tambi\u00e9n<\/span><\/p>\n<hr>\n<h3>Las razones que ilusionan a Franco Colapinto de cara al GP de Espa\u00f1a<\/h3>\n<\/p>\n<\/section>\n<\/div>\n<\/div>\n","protected":false},"excerpt":{"rendered":"<p>29\/05\/2025 14:09hs. M\u00e1s cantado que el Himno, en alg\u00fan momento iba a pasar durante este fin de semana de F\u00f3rmula 1 en Barcelona, que los fan\u00e1ticos argentinos rodearan a Franco Colapinto apenas este anduviera por las zonas comunes en las cuales los hinchas pueden estar dentro del circuito, en este caso, de Montmel\u00f3, donde se [&hellip;]<\/p>\n","protected":false},"author":1,"featured_media":167502,"comment_status":"closed","ping_status":"closed","sticky":false,"template":"","format":"standard","meta":[],"categories":[21],"tags":[],"_links":{"self":[{"href":"http:\/\/cordobadirecto.com\/index.php\/wp-json\/wp\/v2\/posts\/167501"}],"collection":[{"href":"http:\/\/cordobadirecto.com\/index.php\/wp-json\/wp\/v2\/posts"}],"about":[{"href":"http:\/\/cordobadirecto.com\/index.php\/wp-json\/wp\/v2\/types\/post"}],"author":[{"embeddable":true,"href":"http:\/\/cordobadirecto.com\/index.php\/wp-json\/wp\/v2\/users\/1"}],"replies":[{"embeddable":true,"href":"http:\/\/cordobadirecto.com\/index.php\/wp-json\/wp\/v2\/comments?post=167501"}],"version-history":[{"count":0,"href":"http:\/\/cordobadirecto.com\/index.php\/wp-json\/wp\/v2\/posts\/167501\/revisions"}],"wp:featuredmedia":[{"embeddable":true,"href":"http:\/\/cordobadirecto.com\/index.php\/wp-json\/wp\/v2\/media\/167502"}],"wp:attachment":[{"href":"http:\/\/cordobadirecto.com\/index.php\/wp-json\/wp\/v2\/media?parent=167501"}],"wp:term":[{"taxonomy":"category","embeddable":true,"href":"http:\/\/cordobadirecto.com\/index.php\/wp-json\/wp\/v2\/categories?post=167501"},{"taxonomy":"post_tag","embeddable":true,"href":"http:\/\/cordobadirecto.com\/index.php\/wp-json\/wp\/v2\/tags?post=167501"}],"curies":[{"name":"wp","href":"https:\/\/api.w.org\/{rel}","templated":true}]}}