{"id":167555,"date":"2025-05-30T19:20:00","date_gmt":"2025-05-30T19:20:00","guid":{"rendered":"https:\/\/www.ole.com.ar\/autos\/flavio-briatore-futuro-franco-colapinto-alpine-formula-1_0_1t4ZXKsmTn.html"},"modified":"2025-05-30T19:20:00","modified_gmt":"2025-05-30T19:20:00","slug":"flavio-briatore-hablo-del-futuro-de-franco-colapinto-si-rinde-correra-y-si-no","status":"publish","type":"post","link":"http:\/\/cordobadirecto.com\/index.php\/2025\/05\/30\/flavio-briatore-hablo-del-futuro-de-franco-colapinto-si-rinde-correra-y-si-no\/","title":{"rendered":"Flavio Briatore habl\u00f3 del futuro de Franco Colapinto: &#8220;Si rinde, correr\u00e1, y si no&#8230;&#8221;"},"content":{"rendered":"<p><span class=\"createDate\">30\/05\/2025 16:20hs.<\/span><time class=\"modificatedDate\" datetime=\"2025-05-30T16:29:05-03:00\"> Actualizado al 30\/05\/2025 16:29hs.<\/time><\/p>\n<div id=\"storyBody\">\n<div class=\"custom-text \" readability=\"39.005780346821\">\n<p>Es muy prematuro hablar del rendimiento de <strong><a href=\"https:\/\/www.ole.com.ar\/tema\/franco-colapinto.html\" title=\"Franco Colapinto\" alt=\"Franco Colapinto\" class=\"slug\">Franco Colapinto<\/a><\/strong>, ya que reci\u00e9n empez\u00f3 su tercera fecha con <a href=\"https:\/\/www.ole.com.ar\/tema\/alpine.html\" title=\"Alpine\" alt=\"Alpine\" class=\"slug\">Alpine<\/a> y viene de una carrera at\u00edpica (M\u00f3naco, en la que consigui\u00f3 un buen 13er puesto), pero tambi\u00e9n es l\u00f3gico que suceda. Despu\u00e9s de todo, cuando hubo un cambio de pilotos en el medio -el de Jack Doohan-, es normal que haya comparaciones constantes.<strong> Por eso le preguntaron a <a href=\"https:\/\/www.ole.com.ar\/tema\/flavio-briatore.html\" title=\"Flavio Briatore\" alt=\"Flavio Briatore\" class=\"slug\">Flavio Briatore<\/a><\/strong>, asesor de la escuder\u00eda francesa, quien no titube\u00f3 al hablar del futuro del argentino y le dej\u00f3 una advertencia.<\/p>\n<\/div>\n<div class=\"custom-text \" readability=\"40\">\n<p>Antes de que la F\u00f3rmula 1 empezara a girar en Barcelona, Il Padrino dej\u00f3 en claro que esta es la <strong>&#8220;primera carrera&#8221;<\/strong> del pibe de 22 a\u00f1os. Pasadas las primeras pr\u00e1cticas libres, en las que su piloto result\u00f3 20\u00b0 en ambas, volvi\u00f3 a llevar calma: <strong>&#8220;Necesitamos esperar un segundo para evaluar a Franco&#8221;<\/strong>. No obstante, seg\u00fan capt\u00f3 Motorsport, marc\u00f3 que el bonaerense estar\u00e1 obligado a ir fuerte para conservar la butaca.<\/p>\n<\/div>\n<div class=\"sc-e7b891c4-0 ifHnQL image-embed\"><img alt=\"Briatore habl\u00f3 con la prensa tras las pr\u00e1cticas de la F\u00f3rmula 1 en Barcelona. (REUTERS\/Piroschka Van De Wouw)\" loading=\"lazy\" width=\"720\" height=\"100\" decoding=\"async\" data-nimg=\"1\" src=\"http:\/\/cordobadirecto.com\/wp-content\/uploads\/2025\/05\/flavio-briatore-hablo-del-futuro-de-franco-colapinto-si-rinde-correra-y-si-no.jpg\"><span class=\"epigraphe\">Briatore habl\u00f3 con la prensa tras las pr\u00e1cticas de la F\u00f3rmula 1 en Barcelona. (REUTERS\/Piroschka Van De Wouw)<\/span><\/div>\n<p><h2>Briatore marc\u00f3 que Colapinto deber\u00e1 rendir para mantener su asiento en Alpine<\/h2>\n<\/p>\n<div class=\"custom-text \" readability=\"32.083333333333\">\n<p>&#8220;\u00bfCu\u00e1ntas carreras har\u00e1? No s\u00e9, la verdad. Nunca dije cinco carreras, tres carreras, cuatro carreras, una carrera. Ya veremos. <strong>Si Colapinto rinde, es \u00e9l quien conduce el coche. Si no, ya veremos<\/strong>&#8220;, marc\u00f3 Briatore, <a href=\"https:\/\/www.ole.com.ar\/autos\/apuesta-fuerte-flavio-briatore-2026-excusas-franco-colapinto-alpine-f1-gp-barcelona_0_PeH9ARiuSz.html\" target=\"_self\" title=\"que aspira a ganar carreras en 2026 y a pelear el campeonato en 2027\" alt=\"que aspira a ganar carreras en 2026 y a pelear el campeonato en 2027\" rel=\"noopener\">que aspira a ganar carreras en 2026 y a pelear el campeonato en 2027<\/a>.<\/p>\n<\/div>\n<div class=\"custom-text \" readability=\"39\">\n<p>En l\u00ednea con esos objetivos, el asesor concluy\u00f3: &#8220;El 2025 es un a\u00f1o en el que debemos prepararnos para 2026. As\u00ed que cualquier experimento que necesite hacer, lo estaremos haciendo. <strong>No s\u00e9 ahora mismo si Franco se quedar\u00e1 toda la temporada o no, pero ya veremos. Depende del rendimiento<\/strong>. Solo nos fijamos en el rendimiento, nada m\u00e1s&#8221;.<\/p>\n<\/div>\n<div class=\"sc-e7b891c4-0 ifHnQL image-embed\"><img alt=\"Colapinto tendr\u00e1 un desaf\u00edo importante en Barcelona.\" loading=\"lazy\" width=\"720\" height=\"100\" decoding=\"async\" data-nimg=\"1\" src=\"http:\/\/cordobadirecto.com\/wp-content\/uploads\/2025\/05\/flavio-briatore-hablo-del-futuro-de-franco-colapinto-si-rinde-correra-y-si-no-1.jpg\"><span class=\"epigraphe\">Colapinto tendr\u00e1 un desaf\u00edo importante en Barcelona.<\/span><\/div>\n<div class=\"sc-a7166897-0 eoLsBE\" readability=\"6.5\">\n<section readability=\"3\"><picture><img alt=\"Franco Colapinto cerr\u00f3 \u00faltimo el viernes de pr\u00e1cticas en la F\u00f3rmula 1 de Barcelona\" loading=\"lazy\" width=\"290\" height=\"290\" decoding=\"async\" data-nimg=\"1\" src=\"http:\/\/cordobadirecto.com\/wp-content\/uploads\/2025\/05\/flavio-briatore-hablo-del-futuro-de-franco-colapinto-si-rinde-correra-y-si-no-2.jpg\"><\/picture>\n<p><span>Mir\u00e1 tambi\u00e9n<\/span><\/p>\n<hr>\n<h3>Franco Colapinto cerr\u00f3 \u00faltimo el viernes de pr\u00e1cticas en la F\u00f3rmula 1 de Barcelona<\/h3>\n<\/p>\n<\/section>\n<\/div>\n<div class=\"sc-a7166897-0 eoLsBE\" readability=\"6.5\">\n<section readability=\"3\"><picture><img alt=\"La preocupaci\u00f3n de Franco Colapinto despu\u00e9s de un viernes dif\u00edcil en Barcelona: &quot;Es duro&quot;\" loading=\"lazy\" width=\"290\" height=\"290\" decoding=\"async\" data-nimg=\"1\" src=\"http:\/\/cordobadirecto.com\/wp-content\/uploads\/2025\/05\/flavio-briatore-hablo-del-futuro-de-franco-colapinto-si-rinde-correra-y-si-no-3.jpg\"><\/picture>\n<p><span>Mir\u00e1 tambi\u00e9n<\/span><\/p>\n<hr>\n<h3>La preocupaci\u00f3n de Franco Colapinto despu\u00e9s de un viernes dif\u00edcil en Barcelona: &#8220;Es duro&#8221;<\/h3>\n<\/p>\n<\/section>\n<\/div>\n<div class=\"sc-a7166897-0 eoLsBE\" readability=\"6.5\">\n<section readability=\"3\"><picture><img alt=\"F\u00f3rmula 1 en Barcelona: d\u00edas, horarios y por d\u00f3nde ver en TV a Colapinto\" loading=\"lazy\" width=\"290\" height=\"290\" decoding=\"async\" data-nimg=\"1\" src=\"http:\/\/cordobadirecto.com\/wp-content\/uploads\/2025\/05\/flavio-briatore-hablo-del-futuro-de-franco-colapinto-si-rinde-correra-y-si-no-4.jpg\"><\/picture>\n<p><span>Mir\u00e1 tambi\u00e9n<\/span><\/p>\n<hr>\n<h3>F\u00f3rmula 1 en Barcelona: d\u00edas, horarios y por d\u00f3nde ver en TV a Colapinto<\/h3>\n<\/p>\n<\/section>\n<\/div>\n<div class=\"sc-a7166897-0 eoLsBE\" readability=\"6\">\n<section readability=\"2\"><picture><img alt=\"El ins\u00f3lito error de la TV que involucr\u00f3 a Colapinto y a Doohan\" loading=\"lazy\" width=\"290\" height=\"290\" decoding=\"async\" data-nimg=\"1\" src=\"http:\/\/cordobadirecto.com\/wp-content\/uploads\/2025\/05\/flavio-briatore-hablo-del-futuro-de-franco-colapinto-si-rinde-correra-y-si-no-5.jpg\"><\/picture>\n<p><span>Mir\u00e1 tambi\u00e9n<\/span><\/p>\n<hr>\n<h3>El ins\u00f3lito error de la TV que involucr\u00f3 a Colapinto y a Doohan<\/h3>\n<\/p>\n<\/section>\n<\/div>\n<div class=\"sc-a7166897-0 eoLsBE\" readability=\"6\">\n<section readability=\"2\"><picture><img alt=\"Los cambios en el Alpine de Colapinto y Gasly para correr en Barcelona\" loading=\"lazy\" width=\"290\" height=\"290\" decoding=\"async\" data-nimg=\"1\" src=\"http:\/\/cordobadirecto.com\/wp-content\/uploads\/2025\/05\/flavio-briatore-hablo-del-futuro-de-franco-colapinto-si-rinde-correra-y-si-no-6.jpg\"><\/picture>\n<p><span>Mir\u00e1 tambi\u00e9n<\/span><\/p>\n<hr>\n<h3>Los cambios en el Alpine de Colapinto y Gasly para correr en Barcelona<\/h3>\n<\/p>\n<\/section>\n<\/div>\n<\/div>\n","protected":false},"excerpt":{"rendered":"<p>30\/05\/2025 16:20hs. Actualizado al 30\/05\/2025 16:29hs. Es muy prematuro hablar del rendimiento de Franco Colapinto, ya que reci\u00e9n empez\u00f3 su tercera fecha con Alpine y viene de una carrera at\u00edpica (M\u00f3naco, en la que consigui\u00f3 un buen 13er puesto), pero tambi\u00e9n es l\u00f3gico que suceda. Despu\u00e9s de todo, cuando hubo un cambio de pilotos en [&hellip;]<\/p>\n","protected":false},"author":1,"featured_media":167556,"comment_status":"closed","ping_status":"closed","sticky":false,"template":"","format":"standard","meta":[],"categories":[21],"tags":[],"_links":{"self":[{"href":"http:\/\/cordobadirecto.com\/index.php\/wp-json\/wp\/v2\/posts\/167555"}],"collection":[{"href":"http:\/\/cordobadirecto.com\/index.php\/wp-json\/wp\/v2\/posts"}],"about":[{"href":"http:\/\/cordobadirecto.com\/index.php\/wp-json\/wp\/v2\/types\/post"}],"author":[{"embeddable":true,"href":"http:\/\/cordobadirecto.com\/index.php\/wp-json\/wp\/v2\/users\/1"}],"replies":[{"embeddable":true,"href":"http:\/\/cordobadirecto.com\/index.php\/wp-json\/wp\/v2\/comments?post=167555"}],"version-history":[{"count":0,"href":"http:\/\/cordobadirecto.com\/index.php\/wp-json\/wp\/v2\/posts\/167555\/revisions"}],"wp:featuredmedia":[{"embeddable":true,"href":"http:\/\/cordobadirecto.com\/index.php\/wp-json\/wp\/v2\/media\/167556"}],"wp:attachment":[{"href":"http:\/\/cordobadirecto.com\/index.php\/wp-json\/wp\/v2\/media?parent=167555"}],"wp:term":[{"taxonomy":"category","embeddable":true,"href":"http:\/\/cordobadirecto.com\/index.php\/wp-json\/wp\/v2\/categories?post=167555"},{"taxonomy":"post_tag","embeddable":true,"href":"http:\/\/cordobadirecto.com\/index.php\/wp-json\/wp\/v2\/tags?post=167555"}],"curies":[{"name":"wp","href":"https:\/\/api.w.org\/{rel}","templated":true}]}}