{"id":167557,"date":"2025-05-30T16:54:44","date_gmt":"2025-05-30T16:54:44","guid":{"rendered":"https:\/\/www.ole.com.ar\/autos\/preocupacion-franco-colapinto-viernes-barcelona-espana-formula-1-alpine_0_hH3N183red.html"},"modified":"2025-05-30T16:54:44","modified_gmt":"2025-05-30T16:54:44","slug":"la-preocupacion-de-franco-colapinto-despues-de-un-viernes-dificil-en-barcelona-es-duro","status":"publish","type":"post","link":"http:\/\/cordobadirecto.com\/index.php\/2025\/05\/30\/la-preocupacion-de-franco-colapinto-despues-de-un-viernes-dificil-en-barcelona-es-duro\/","title":{"rendered":"La preocupaci\u00f3n de Franco Colapinto despu\u00e9s de un viernes dif\u00edcil en Barcelona: &#8220;Es duro&#8221;"},"content":{"rendered":"<p><time class=\"createDate\" datetime=\"2025-05-30T13:54:44-03:00\">30\/05\/2025 13:54hs.<\/time><\/p>\n<div id=\"storyBody\">\n<div class=\"custom-text \" readability=\"36.608490566038\">\n<p>Es cierto que los viernes no definen nada en la <strong><a href=\"https:\/\/www.ole.com.ar\/tema\/formula-1.html\" title=\"F\u00f3rmula 1\" alt=\"F\u00f3rmula 1\" class=\"slug\">F\u00f3rmula 1<\/a><\/strong>, dado que se disputan las primeras dos pr\u00e1cticas libres y los resultados son lo de menos, pero s\u00ed que son importantes para poner a punto al monoplaza y entrar en ritmo de cara a la clasificaci\u00f3n sabatina. Por esto, y no por los dos \u00faltimos lugares que consigui\u00f3 (20\u00b0), es que <strong><a href=\"https:\/\/www.ole.com.ar\/tema\/franco-colapinto.html\" title=\"Franco Colapinto\" alt=\"Franco Colapinto\" class=\"slug\">Franco Colapinto<\/a> se march\u00f3 preocupado despu\u00e9s de la primera jornada en Barcelona.<\/strong><\/p>\n<\/div>\n<div class=\"custom-text \" readability=\"41.49498997996\">\n<p>El piloto de <a href=\"https:\/\/www.ole.com.ar\/tema\/alpine.html\" title=\"Alpine\" alt=\"Alpine\" class=\"slug\">Alpine<\/a> hizo pruebas de todo tipo, tanto de vueltas r\u00e1pidas -simulando una qualy- como de estrategia de carrera. Una vez finalizadas, transmiti\u00f3 sus sensaciones de cara a los medios: &#8220;Complicado, no encontr\u00e9 el ritmo. <strong>El auto esta muy desconectado de adelante, de atr\u00e1s, con la goma dura bastante peor&#8230;<\/strong> Un d\u00eda duro, tratando de entender la data y d\u00f3nde pierdo, pero hay lugares en los que no puedo recuperar tanto tiempo&#8230; Intentando entender todo y volver m\u00e1s fuerte ma\u00f1ana&#8221;.<\/p>\n<\/div>\n<div class=\"sc-e7b891c4-0 ifHnQL image-embed\"><img alt=\"Colapinto qued\u00f3 20\u00b0 en las primeras pr\u00e1cticas libres. (EFE\/Alejandro Garc\u00eda)\" loading=\"lazy\" width=\"720\" height=\"100\" decoding=\"async\" data-nimg=\"1\" src=\"http:\/\/cordobadirecto.com\/wp-content\/uploads\/2025\/05\/la-preocupacion-de-franco-colapinto-despues-de-un-viernes-dificil-en-barcelona-es-duro.jpg\"><span class=\"epigraphe\">Colapinto qued\u00f3 20\u00b0 en las primeras pr\u00e1cticas libres. (EFE\/Alejandro Garc\u00eda)<\/span><\/div>\n<div class=\"custom-text \" readability=\"41.693670886076\">\n<p>Mientras \u00e9l anduvo por el fondo de la tabla, <strong>su compa\u00f1ero, el franc\u00e9s <a href=\"https:\/\/www.ole.com.ar\/tema\/pierre-gasly.html\" title=\"Pierre Gasly\" alt=\"Pierre Gasly\" class=\"slug\">Pierre Gasly<\/a>, qued\u00f3 10\u00b0 y 8\u00b0 en los libres<\/strong>. &#8220;Los dos tratamos de hacer algo parecido, nos enfocamos en lo mismo&#8221;, explic\u00f3 Franco, descartando que hayan testeado cosas distintas y que ah\u00ed haya radicado la diferencia abismal entre los dos. Claro que, por m\u00e1s que compartan escuder\u00eda, sus autos no fueron los mismos&#8230;<\/p>\n<\/div>\n<div class=\"custom-text \" readability=\"42\">\n<p>&#8220;<strong>Gasly tiene un fondo nuevo, hay un par de cosas diferentes<\/strong>, pero nada que marque tanta diferencia&#8221;, coment\u00f3 Colapinto, a la expectativa de que el auto mejore y pueda tener un s\u00e1bado m\u00e1s alegre: &#8220;Hay que ver la data, entenderla un poco mejor y traer ideas y soluciones para ma\u00f1ana, pero fue un d\u00eda complicado, lejos&#8230; <strong>No me sent\u00ed muy c\u00f3modo y no me es muy f\u00e1cil de explicar las p\u00e9rdidas<\/strong>&#8220;.<\/p>\n<\/div>\n<p><h2>A qu\u00e9 hora girar\u00e1 Franco Colapinto por la clasificaci\u00f3n en Barcelona<\/h2>\n<\/p>\n<div class=\"custom-text \" readability=\"41\">\n<p>Superado el viernes, ser\u00e1 hora de poner la cabeza en el s\u00e1bado, cuando se disputar\u00e1 una de las tandas claves de la fecha:<strong> la clasificaci\u00f3n<\/strong>, que definir\u00e1 las posiciones de partida para la carrera del domingo. Antes de la qualy, habr\u00e1 una \u00faltima prueba a las <strong>7.30<\/strong>, horario de la <strong>tercera pr\u00e1ctica libre<\/strong>, y la acci\u00f3n continuar\u00e1 a las <strong>11.00<\/strong>. Toda la actividad ir\u00e1 por <strong>Fox Sports y Disney+ Premium<\/strong>.<\/p>\n<\/div>\n<div class=\"sc-e7b891c4-0 ifHnQL image-embed\"><img alt=\"Colapinto buscar\u00e1 levantar este s\u00e1bado. (EFE\/Siu Wu)\" loading=\"lazy\" width=\"720\" height=\"100\" decoding=\"async\" data-nimg=\"1\" src=\"http:\/\/cordobadirecto.com\/wp-content\/uploads\/2025\/05\/la-preocupacion-de-franco-colapinto-despues-de-un-viernes-dificil-en-barcelona-es-duro-1.jpg\"><span class=\"epigraphe\">Colapinto buscar\u00e1 levantar este s\u00e1bado. (EFE\/Siu Wu)<\/span><\/div>\n<div class=\"sc-a7166897-0 eoLsBE\" readability=\"6.5\">\n<section readability=\"3\"><picture><img alt=\"Franco Colapinto cerr\u00f3 \u00faltimo el viernes de pr\u00e1cticas en la F\u00f3rmula 1 de Barcelona\" loading=\"lazy\" width=\"290\" height=\"290\" decoding=\"async\" data-nimg=\"1\" src=\"http:\/\/cordobadirecto.com\/wp-content\/uploads\/2025\/05\/la-preocupacion-de-franco-colapinto-despues-de-un-viernes-dificil-en-barcelona-es-duro-2.jpg\"><\/picture>\n<p><span>Mir\u00e1 tambi\u00e9n<\/span><\/p>\n<hr>\n<h3>Franco Colapinto cerr\u00f3 \u00faltimo el viernes de pr\u00e1cticas en la F\u00f3rmula 1 de Barcelona<\/h3>\n<\/p>\n<\/section>\n<\/div>\n<div class=\"sc-a7166897-0 eoLsBE\" readability=\"6.5\">\n<section readability=\"3\"><picture><img alt=\"Franco Colapinto: primera pr\u00e1ctica en Barcelona con fuego, pocas vueltas y \u00faltimo\" loading=\"lazy\" width=\"290\" height=\"290\" decoding=\"async\" data-nimg=\"1\" src=\"http:\/\/cordobadirecto.com\/wp-content\/uploads\/2025\/05\/la-preocupacion-de-franco-colapinto-despues-de-un-viernes-dificil-en-barcelona-es-duro-3.jpg\"><\/picture>\n<p><span>Mir\u00e1 tambi\u00e9n<\/span><\/p>\n<hr>\n<h3>Franco Colapinto: primera pr\u00e1ctica en Barcelona con fuego, pocas vueltas y \u00faltimo<\/h3>\n<\/p>\n<\/section>\n<\/div>\n<div class=\"sc-a7166897-0 eoLsBE\" readability=\"6\">\n<section readability=\"2\"><picture><img alt=\"El ins\u00f3lito error de la TV que involucr\u00f3 a Colapinto y a Doohan\" loading=\"lazy\" width=\"290\" height=\"290\" decoding=\"async\" data-nimg=\"1\" src=\"http:\/\/cordobadirecto.com\/wp-content\/uploads\/2025\/05\/la-preocupacion-de-franco-colapinto-despues-de-un-viernes-dificil-en-barcelona-es-duro-4.jpg\"><\/picture>\n<p><span>Mir\u00e1 tambi\u00e9n<\/span><\/p>\n<hr>\n<h3>El ins\u00f3lito error de la TV que involucr\u00f3 a Colapinto y a Doohan<\/h3>\n<\/p>\n<\/section>\n<\/div>\n<div class=\"sc-a7166897-0 eoLsBE\" readability=\"6.5\">\n<section readability=\"3\"><picture><img alt=\"F\u00f3rmula 1 en Barcelona: d\u00edas, horarios y por d\u00f3nde ver en TV a Colapinto\" loading=\"lazy\" width=\"290\" height=\"290\" decoding=\"async\" data-nimg=\"1\" src=\"http:\/\/cordobadirecto.com\/wp-content\/uploads\/2025\/05\/la-preocupacion-de-franco-colapinto-despues-de-un-viernes-dificil-en-barcelona-es-duro-5.jpg\"><\/picture>\n<p><span>Mir\u00e1 tambi\u00e9n<\/span><\/p>\n<hr>\n<h3>F\u00f3rmula 1 en Barcelona: d\u00edas, horarios y por d\u00f3nde ver en TV a Colapinto<\/h3>\n<\/p>\n<\/section>\n<\/div>\n<div class=\"sc-a7166897-0 eoLsBE\" readability=\"6\">\n<section readability=\"2\"><picture><img alt=\"Los cambios en el Alpine de Colapinto y Gasly para correr en Barcelona\" loading=\"lazy\" width=\"290\" height=\"290\" decoding=\"async\" data-nimg=\"1\" src=\"http:\/\/cordobadirecto.com\/wp-content\/uploads\/2025\/05\/la-preocupacion-de-franco-colapinto-despues-de-un-viernes-dificil-en-barcelona-es-duro-6.jpg\"><\/picture>\n<p><span>Mir\u00e1 tambi\u00e9n<\/span><\/p>\n<hr>\n<h3>Los cambios en el Alpine de Colapinto y Gasly para correr en Barcelona<\/h3>\n<\/p>\n<\/section>\n<\/div>\n<\/div>\n","protected":false},"excerpt":{"rendered":"<p>30\/05\/2025 13:54hs. Es cierto que los viernes no definen nada en la F\u00f3rmula 1, dado que se disputan las primeras dos pr\u00e1cticas libres y los resultados son lo de menos, pero s\u00ed que son importantes para poner a punto al monoplaza y entrar en ritmo de cara a la clasificaci\u00f3n sabatina. Por esto, y no [&hellip;]<\/p>\n","protected":false},"author":1,"featured_media":167558,"comment_status":"closed","ping_status":"closed","sticky":false,"template":"","format":"standard","meta":[],"categories":[21],"tags":[],"_links":{"self":[{"href":"http:\/\/cordobadirecto.com\/index.php\/wp-json\/wp\/v2\/posts\/167557"}],"collection":[{"href":"http:\/\/cordobadirecto.com\/index.php\/wp-json\/wp\/v2\/posts"}],"about":[{"href":"http:\/\/cordobadirecto.com\/index.php\/wp-json\/wp\/v2\/types\/post"}],"author":[{"embeddable":true,"href":"http:\/\/cordobadirecto.com\/index.php\/wp-json\/wp\/v2\/users\/1"}],"replies":[{"embeddable":true,"href":"http:\/\/cordobadirecto.com\/index.php\/wp-json\/wp\/v2\/comments?post=167557"}],"version-history":[{"count":0,"href":"http:\/\/cordobadirecto.com\/index.php\/wp-json\/wp\/v2\/posts\/167557\/revisions"}],"wp:featuredmedia":[{"embeddable":true,"href":"http:\/\/cordobadirecto.com\/index.php\/wp-json\/wp\/v2\/media\/167558"}],"wp:attachment":[{"href":"http:\/\/cordobadirecto.com\/index.php\/wp-json\/wp\/v2\/media?parent=167557"}],"wp:term":[{"taxonomy":"category","embeddable":true,"href":"http:\/\/cordobadirecto.com\/index.php\/wp-json\/wp\/v2\/categories?post=167557"},{"taxonomy":"post_tag","embeddable":true,"href":"http:\/\/cordobadirecto.com\/index.php\/wp-json\/wp\/v2\/tags?post=167557"}],"curies":[{"name":"wp","href":"https:\/\/api.w.org\/{rel}","templated":true}]}}