{"id":167559,"date":"2025-05-30T20:20:52","date_gmt":"2025-05-30T20:20:52","guid":{"rendered":"https:\/\/www.ole.com.ar\/futbol-ascenso\/ascenso-primera-nacional-san-miguel-gino-peruzzi-brahian-aleman-cristian-erbes_0_Jh9SYIDbrP.html"},"modified":"2025-05-30T20:20:52","modified_gmt":"2025-05-30T20:20:52","slug":"bombazo-en-el-nacional-peruzzi-erbes-y-aleman-no-siguen-en-san-miguel","status":"publish","type":"post","link":"http:\/\/cordobadirecto.com\/index.php\/2025\/05\/30\/bombazo-en-el-nacional-peruzzi-erbes-y-aleman-no-siguen-en-san-miguel\/","title":{"rendered":"Bombazo en el Nacional: Peruzzi, Erbes y Alem\u00e1n no siguen en San Miguel"},"content":{"rendered":"<p><time class=\"createDate\" datetime=\"2025-05-29T17:51:57-03:00\">29\/05\/2025 17:51hs.<\/time><\/p>\n<div id=\"storyBody\">\n<div class=\"custom-text \" readability=\"36.439393939394\">\n<p>A comienzos del 2025, ni el m\u00e1s pesimista de los hinchas de <a href=\"https:\/\/www.ole.com.ar\/tema\/san-miguel.html\" title=\"San Miguel\" alt=\"San Miguel\" class=\"slug\">San Miguel<\/a> iba a pensar que, a falta de una fecha para culminar la primera rueda de la <a href=\"https:\/\/www.ole.com.ar\/tema\/primera-nacional.html\" title=\"Primera Nacional\" alt=\"Primera Nacional\" class=\"slug\">Primera Nacional<\/a>, <strong>el equipo se iba a ubicar lej\u00edsimos de la punta, afuera de los puestos de Reducido y con problemas futbol\u00edsticos <\/strong>tales como cambiar de entrenador -se fue Battaglia y asumi\u00f3 Coleoni- o empezar a despedir a jugadores de renombre.<\/p>\n<\/div>\n<div class=\"custom-text \" readability=\"41\">\n<p>Claro, es que el Trueno Verde fue noticia a principio de a\u00f1o debido al ruido que hizo en el mercado de pases de la divisional: <strong>fue el que m\u00e1s se movi\u00f3 y sum\u00f3 nombres de jerarqu\u00eda<\/strong> con un buen pasado en Primera, tales como Brahian Alem\u00e1n, Gino Peruzzi y Cristian Erbes, o figuras de la categor\u00eda en la \u00fatima temporada, por ejemplo Lautaro Parisi, Agust\u00edn Lavezzi o Bruno Nasta.<\/p>\n<\/div>\n<div class=\"custom-text \" readability=\"38\">\n<p>Todo eso con el objetivo de, gracias al alto presupuesto disponible, armar un dream team y desfilarse por la zona A de la Segunda Divisi\u00f3n. Pero nada de lo planificado sali\u00f3: <strong>los circuitos en un vestuario complicado lleno de referentes no tardaron en llegar, los resultados no acompa\u00f1aron y derivaron en la salida del det\u00e9 <\/strong>hace ya algunas semanas atr\u00e1s. Un equipo de estrellas y estrellado<strong>.<\/strong><\/p>\n<\/div>\n<div class=\"custom-text \" readability=\"34.143564356436\">\n<p>Con el arribo de un hombre de la casa como Gustavo Coleoni, se tomaron decisiones importantes respecto al grupo de players. <strong>Y la m\u00e1s resonante fue no tener en cuenta a <a href=\"https:\/\/www.ole.com.ar\/tema\/gino-peruzzi.html\" title=\"Gino Peruzzi\" alt=\"Gino Peruzzi\" class=\"slug\">Gino Peruzzi<\/a>, <a href=\"https:\/\/www.ole.com.ar\/tema\/cristian-erbes.html\" title=\"Cristian Erbes\" alt=\"Cristian Erbes\" class=\"slug\">Cristian Erbes<\/a> y <a href=\"https:\/\/www.ole.com.ar\/tema\/brahian-aleman.html\" title=\"Brahian Alem\u00e1n\" alt=\"Brahian Alem\u00e1n\" class=\"slug\">Brahian Alem\u00e1n<\/a><\/strong>. Ya se le comunic\u00f3 a los mencionados que no ser\u00e1n tenidos en cuenta durante el segundo semestre y se trabaja en la desvinulaci\u00f3n de los futbolistas en cuesti\u00f3n, seg\u00fan pudo saber <strong>Ol\u00e9.<\/strong><\/p>\n<\/div>\n<div class=\"sc-e7b891c4-0 ifHnQL image-embed\"><img alt=\"Erbes no sigue en el Trueno Verde (Prensa San Miguel)\" loading=\"lazy\" width=\"720\" height=\"100\" decoding=\"async\" data-nimg=\"1\" src=\"http:\/\/cordobadirecto.com\/wp-content\/uploads\/2025\/05\/bombazo-en-el-nacional-peruzzi-erbes-y-aleman-no-siguen-en-san-miguel.jpg\"><span class=\"epigraphe\">Erbes no sigue en el Trueno Verde (Prensa San Miguel)<\/span><\/div>\n<p><h2><strong>Los n\u00fameros de las figuras que no siguen<\/strong><\/h2>\n<\/p>\n<div class=\"custom-text \" readability=\"35\">\n<p>En el caso del lateral derecho con pasado en V\u00e9lez Sarsfield y Boca Juniors, <strong>visti\u00f3 la camiseta veridblanca apenas siete partidos en el semestre<\/strong> (no sum\u00f3 goles ni registr\u00f3 asistencias). Desde la novena fecha que ni siquiera forma parte de la n\u00f3mina de concentrados. <\/p>\n<\/div>\n<div class=\"sc-e7b891c4-0 ifHnQL image-embed\"><img alt=\"Flojo paso de Peruzzi por Los Polvorines (Prensa San Miguel)\" loading=\"lazy\" width=\"720\" height=\"100\" decoding=\"async\" data-nimg=\"1\" src=\"http:\/\/cordobadirecto.com\/wp-content\/uploads\/2025\/05\/bombazo-en-el-nacional-peruzzi-erbes-y-aleman-no-siguen-en-san-miguel-1.jpg\"><span class=\"epigraphe\">Flojo paso de Peruzzi por Los Polvorines (Prensa San Miguel)<\/span><\/div>\n<div class=\"custom-text \" readability=\"38\">\n<p>A su vez, los dos volantes tuvieron un camino similar en Los Polvorines.<strong> El Pichi jug\u00f3 en siete ocasiones <\/strong>(seis de titular y una ingresando desde el banco), adem\u00e1s de ir dos veces como alternativa (verus Racing de C\u00f3rdoba y Quilmes). Por su parte,<strong> el ex Gimnasia sum\u00f3 10 apariciones <\/strong>-siete de entrada y tres de sustituto- y reparti\u00f3 una asistencia en el triunfo 2-0 vs. Deportivo Maip\u00fa. <\/p>\n<\/div>\n<div class=\"sc-e7b891c4-0 ifHnQL image-embed\"><img alt=\"Alem\u00e1n no brill\u00f3 en el Nacional (Prensa San Miguel)\" loading=\"lazy\" width=\"720\" height=\"100\" decoding=\"async\" data-nimg=\"1\" src=\"http:\/\/cordobadirecto.com\/wp-content\/uploads\/2025\/05\/bombazo-en-el-nacional-peruzzi-erbes-y-aleman-no-siguen-en-san-miguel-2.jpg\"><span class=\"epigraphe\">Alem\u00e1n no brill\u00f3 en el Nacional (Prensa San Miguel)<\/span><\/div>\n<p><h2><strong>La lista no se corta ac\u00e1&#8230;<\/strong><\/h2>\n<\/p>\n<div class=\"custom-text \" readability=\"36\">\n<p>Sumado a las mencionadas salidas de Gino Peruzzi, Cristian Erbes y Brahian Alem\u00e1n, <strong>San Miguel tambi\u00e9n le notific\u00f3 a Nicol\u00e1s Ihitz y \u00c1lvaro Cazula que no seguir\u00e1n defendiendo la casaca del conjunto de Los Polvorines <\/strong>y se negocia en b\u00fasqueda de una salida. <\/p>\n<\/div>\n<div class=\"sc-a7166897-0 eoLsBE\" readability=\"7\">\n<section readability=\"4\"><picture><img alt=\"Con el regreso de Di Mar\u00eda a Central, todos los campeones de Qatar 2022 que volvieron al f\u00fatbol argentino\" loading=\"lazy\" width=\"290\" height=\"290\" decoding=\"async\" data-nimg=\"1\" src=\"http:\/\/cordobadirecto.com\/wp-content\/uploads\/2025\/05\/bombazo-en-el-nacional-peruzzi-erbes-y-aleman-no-siguen-en-san-miguel-3.jpg\"><\/picture>\n<p><span>Mir\u00e1 tambi\u00e9n<\/span><\/p>\n<hr>\n<h3>Con el regreso de Di Mar\u00eda a Central, todos los campeones de Qatar 2022 que volvieron al f\u00fatbol argentino<\/h3>\n<\/p>\n<\/section>\n<\/div>\n<div class=\"sc-a7166897-0 eoLsBE\" readability=\"6.5\">\n<section readability=\"3\"><picture><img alt=\"Cruce caliente en Racing: pasacalles contra la gesti\u00f3n Milito y la reacci\u00f3n de la dirigencia\" loading=\"lazy\" width=\"290\" height=\"290\" decoding=\"async\" data-nimg=\"1\" src=\"http:\/\/cordobadirecto.com\/wp-content\/uploads\/2025\/05\/bombazo-en-el-nacional-peruzzi-erbes-y-aleman-no-siguen-en-san-miguel-4.jpg\"><\/picture>\n<p><span>Mir\u00e1 tambi\u00e9n<\/span><\/p>\n<hr>\n<h3>Cruce caliente en Racing: pasacalles contra la gesti\u00f3n Milito y la reacci\u00f3n de la dirigencia<\/h3>\n<\/p>\n<\/section>\n<\/div>\n<\/div>\n","protected":false},"excerpt":{"rendered":"<p>29\/05\/2025 17:51hs. A comienzos del 2025, ni el m\u00e1s pesimista de los hinchas de San Miguel iba a pensar que, a falta de una fecha para culminar la primera rueda de la Primera Nacional, el equipo se iba a ubicar lej\u00edsimos de la punta, afuera de los puestos de Reducido y con problemas futbol\u00edsticos tales [&hellip;]<\/p>\n","protected":false},"author":1,"featured_media":167560,"comment_status":"closed","ping_status":"closed","sticky":false,"template":"","format":"standard","meta":[],"categories":[21],"tags":[],"_links":{"self":[{"href":"http:\/\/cordobadirecto.com\/index.php\/wp-json\/wp\/v2\/posts\/167559"}],"collection":[{"href":"http:\/\/cordobadirecto.com\/index.php\/wp-json\/wp\/v2\/posts"}],"about":[{"href":"http:\/\/cordobadirecto.com\/index.php\/wp-json\/wp\/v2\/types\/post"}],"author":[{"embeddable":true,"href":"http:\/\/cordobadirecto.com\/index.php\/wp-json\/wp\/v2\/users\/1"}],"replies":[{"embeddable":true,"href":"http:\/\/cordobadirecto.com\/index.php\/wp-json\/wp\/v2\/comments?post=167559"}],"version-history":[{"count":0,"href":"http:\/\/cordobadirecto.com\/index.php\/wp-json\/wp\/v2\/posts\/167559\/revisions"}],"wp:featuredmedia":[{"embeddable":true,"href":"http:\/\/cordobadirecto.com\/index.php\/wp-json\/wp\/v2\/media\/167560"}],"wp:attachment":[{"href":"http:\/\/cordobadirecto.com\/index.php\/wp-json\/wp\/v2\/media?parent=167559"}],"wp:term":[{"taxonomy":"category","embeddable":true,"href":"http:\/\/cordobadirecto.com\/index.php\/wp-json\/wp\/v2\/categories?post=167559"},{"taxonomy":"post_tag","embeddable":true,"href":"http:\/\/cordobadirecto.com\/index.php\/wp-json\/wp\/v2\/tags?post=167559"}],"curies":[{"name":"wp","href":"https:\/\/api.w.org\/{rel}","templated":true}]}}