{"id":167565,"date":"2025-05-30T22:26:48","date_gmt":"2025-05-30T22:26:48","guid":{"rendered":"http:\/\/cordobadirecto.com\/index.php\/2025\/05\/30\/el-domingo-aumenta-la-nafta-en-ypf-como-quedan-los-precios-en-cordoba-cba24n\/"},"modified":"2025-05-30T22:26:48","modified_gmt":"2025-05-30T22:26:48","slug":"el-domingo-aumenta-la-nafta-en-ypf-como-quedan-los-precios-en-cordoba-cba24n","status":"publish","type":"post","link":"http:\/\/cordobadirecto.com\/index.php\/2025\/05\/30\/el-domingo-aumenta-la-nafta-en-ypf-como-quedan-los-precios-en-cordoba-cba24n\/","title":{"rendered":"El domingo aumenta la nafta en YPF: \u00bfc\u00f3mo quedan los precios en <b>C\u00f3rdoba<\/b>? &#8211; Cba24n"},"content":{"rendered":"<p>El ministerio de <b>Econom\u00eda<\/b> &#8230; &quot;La pregunta es por qu\u00e9 est\u00e1 en la calle&quot;: Quinteros, tras la <b>nueva<\/b> detenci\u00f3n del joven que mat\u00f3 a Villarreal. <\/p>\n","protected":false},"excerpt":{"rendered":"<p>El ministerio de Econom\u00eda &#8230; &quot;La pregunta es por qu\u00e9 est\u00e1 en la calle&quot;: Quinteros, tras la nueva detenci\u00f3n del joven que mat\u00f3 a Villarreal.<\/p>\n","protected":false},"author":1,"featured_media":0,"comment_status":"closed","ping_status":"closed","sticky":false,"template":"","format":"standard","meta":[],"categories":[40],"tags":[],"_links":{"self":[{"href":"http:\/\/cordobadirecto.com\/index.php\/wp-json\/wp\/v2\/posts\/167565"}],"collection":[{"href":"http:\/\/cordobadirecto.com\/index.php\/wp-json\/wp\/v2\/posts"}],"about":[{"href":"http:\/\/cordobadirecto.com\/index.php\/wp-json\/wp\/v2\/types\/post"}],"author":[{"embeddable":true,"href":"http:\/\/cordobadirecto.com\/index.php\/wp-json\/wp\/v2\/users\/1"}],"replies":[{"embeddable":true,"href":"http:\/\/cordobadirecto.com\/index.php\/wp-json\/wp\/v2\/comments?post=167565"}],"version-history":[{"count":0,"href":"http:\/\/cordobadirecto.com\/index.php\/wp-json\/wp\/v2\/posts\/167565\/revisions"}],"wp:attachment":[{"href":"http:\/\/cordobadirecto.com\/index.php\/wp-json\/wp\/v2\/media?parent=167565"}],"wp:term":[{"taxonomy":"category","embeddable":true,"href":"http:\/\/cordobadirecto.com\/index.php\/wp-json\/wp\/v2\/categories?post=167565"},{"taxonomy":"post_tag","embeddable":true,"href":"http:\/\/cordobadirecto.com\/index.php\/wp-json\/wp\/v2\/tags?post=167565"}],"curies":[{"name":"wp","href":"https:\/\/api.w.org\/{rel}","templated":true}]}}