{"id":167583,"date":"2025-05-31T17:22:38","date_gmt":"2025-05-31T17:22:38","guid":{"rendered":"https:\/\/www.ole.com.ar\/autos\/declaraciones-gasly-briatore-alpine-barcelona-formula-1-clasificacion_0_GMbvyQKh0G.html"},"modified":"2025-05-31T17:22:38","modified_gmt":"2025-05-31T17:22:38","slug":"mientras-colapinto-sufre-gasly-y-briatore-festejan-en-alpine-esto-dijeron","status":"publish","type":"post","link":"http:\/\/cordobadirecto.com\/index.php\/2025\/05\/31\/mientras-colapinto-sufre-gasly-y-briatore-festejan-en-alpine-esto-dijeron\/","title":{"rendered":"Mientras Colapinto sufre, Gasly y Briatore festejan en Alpine: esto dijeron"},"content":{"rendered":"<p><time class=\"createDate\" datetime=\"2025-05-31T14:22:38-03:00\">31\/05\/2025 14:22hs.<\/time><\/p>\n<div id=\"storyBody\">\n<div class=\"custom-text \" readability=\"39.415384615385\">\n<p>De cal y de arena result\u00f3 el s\u00e1bado en <strong>Alpine<\/strong>, aunque, evidentemente, el \u00fanico que termin\u00f3 frustrado fue <strong><a href=\"https:\/\/www.ole.com.ar\/tema\/franco-colapinto.html\" title=\"Franco Colapinto\" alt=\"Franco Colapinto\" class=\"slug\">Franco Colapinto<\/a><\/strong>, mientras que su compa\u00f1ero de equipo, <strong>Pierre Gasly<\/strong>, y hasta el mandam\u00e1s, <strong>Flavio Briatore<\/strong>, quedaron contestos con la mejora del auto.<\/p>\n<\/div>\n<div class=\"custom-text \" readability=\"32.935606060606\">\n<p>El argentino pintaba para realizar una qualy mejor de la esperada cuando no pudo buscar su \u00faltima vuelta r\u00e1pida <a href=\"https:\/\/www.ole.com.ar\/autos\/franco-colapinto-gp-espana-hora-corre-ver-hoy-vivo-gp-espana_0_ZmfcdDAIqJ.html\" target=\"_self\" title=\"por un desperfecto en el auto\" alt=\"por un desperfecto en el auto\" rel=\"noopener\">por un desperfecto en el auto<\/a>, por lo cual largar\u00e1 19\u00b0, solo con <strong>Yuki Tsunoda<\/strong> (otro que se frustr\u00f3, pero en su caso no se rompi\u00f3 el auto) detr\u00e1s.<\/p>\n<\/div>\n<p><h2>Las declaraciones de Pierre Gasly y Flavio Briatore<\/h2>\n<\/p>\n<div class=\"custom-text \" readability=\"40\">\n<p>El franc\u00e9s, que largar\u00e1 octavo este domingo el GP de Barcelona, dijo: \u201cEstoy contento con el rendimiento en la clasificaci\u00f3n. Sin duda, lo necesit\u00e1bamos despu\u00e9s de un par de semanas frustrantes, y era importante para nosotros recuperarnos y estar en la cima de la zona media. <strong>Los cuatro mejores equipos tienen ventaja, as\u00ed que estar en esa posici\u00f3n hoy es positivo<\/strong> y me alegro por todos en el equipo&#8221;.<\/p>\n<\/div>\n<div class=\"sc-e7b891c4-0 ifHnQL image-embed\"><img alt=\"El auto de Pierre Gasly (EFE).\" loading=\"lazy\" width=\"720\" height=\"100\" decoding=\"async\" data-nimg=\"1\" src=\"http:\/\/cordobadirecto.com\/wp-content\/uploads\/2025\/05\/mientras-colapinto-sufre-gasly-y-briatore-festejan-en-alpine-esto-dijeron.jpg\"><span class=\"epigraphe\">El auto de Pierre Gasly (EFE).<\/span><\/div>\n<div class=\"custom-text \">\n<blockquote><p>Era importante para nosotros recuperarnos y estar en la cima de la zona media (Gasly).<\/p><\/blockquote>\n<\/div>\n<div class=\"custom-text \" readability=\"41\">\n<p>Respecto del por qu\u00e9 de la mejor\u00eda, explic\u00f3: &#8220;Probamos algunas cosas en los entrenamientos libres 3, <strong>pero cambiamos nuestra configuraci\u00f3n antes de la clasificaci\u00f3n<\/strong>. Realizamos tres buenas sesiones y, al final, llegamos a la Q3, hicimos una vuelta realmente s\u00f3lida y nos alineamos en la octava posici\u00f3n de la parrilla para ma\u00f1ana. Nos hemos dado la oportunidad de luchar por los puntos, pero sabemos que la situaci\u00f3n ser\u00e1 diferente con la estrategia y la degradaci\u00f3n de los neum\u00e1ticos. Estoy contento de estar en la pelea&#8221;.<\/p>\n<\/div>\n<div class=\"sc-e7b891c4-0 ifHnQL image-embed\"><img alt=\"Briatore y Gasly.\" loading=\"lazy\" width=\"720\" height=\"100\" decoding=\"async\" data-nimg=\"1\" src=\"http:\/\/cordobadirecto.com\/wp-content\/uploads\/2025\/05\/mientras-colapinto-sufre-gasly-y-briatore-festejan-en-alpine-esto-dijeron-1.jpg\"><span class=\"epigraphe\">Briatore y Gasly.<\/span><\/div>\n<div class=\"custom-text \" readability=\"34\">\n<p>Hincha del PSG, cerr\u00f3: &#8220;Ahora voy a disfrutar de la final de la Champions League esta noche y mi objetivo es volver ma\u00f1ana por la ma\u00f1ana con una sonrisa y listo para competir\u201d.<\/p>\n<\/div>\n<div class=\"custom-text \" readability=\"38\">\n<p>En cuanto a Briatore, coment\u00f3: &#8220;Tuvimos un rendimiento mucho mejor en la clasificaci\u00f3n que durante el fin de semana, y los pilotos estaban mucho m\u00e1s satisfechos con el equilibrio del coche. <strong>El equipo trabaj\u00f3 duro despu\u00e9s de los entrenamientos y realiz\u00f3 mejoras<\/strong>, como lo demostr\u00f3 el hecho de que Pierre logr\u00f3 pasar un coche a la Q3&#8243;.<\/p>\n<\/div>\n<div class=\"custom-text \">\n<blockquote><p>Los pilotos estaban mucho m\u00e1s satisfechos con el equilibrio del coche (Briatore).<\/p><\/blockquote>\n<\/div>\n<div class=\"custom-text \" readability=\"37\">\n<p>Acerca de lo que le pas\u00f3 a Colapinto, aclar\u00f3: &#8220;<strong>Franco tambi\u00e9n se ve\u00eda m\u00e1s c\u00f3modo y con buen ritmo<\/strong> hasta que tuvo un problema en boxes que le impidi\u00f3 dar una \u00faltima vuelta. Siempre es decepcionante cuando un problema te impide salir a pista, as\u00ed que necesitamos recuperar el coche y analizar la causa para asegurarnos de que lo solucionamos como equipo&#8221;.<\/p>\n<\/div>\n<div class=\"sc-a7166897-0 eoLsBE\" readability=\"6\">\n<section readability=\"2\"><picture><img alt=\"As\u00ed qued\u00f3 la parrilla de salida en el GP de Barcelona\" loading=\"lazy\" width=\"290\" height=\"290\" decoding=\"async\" data-nimg=\"1\" src=\"http:\/\/cordobadirecto.com\/wp-content\/uploads\/2025\/05\/mientras-colapinto-sufre-gasly-y-briatore-festejan-en-alpine-esto-dijeron-2.jpg\"><\/picture>\n<p><span>Mir\u00e1 tambi\u00e9n<\/span><\/p>\n<hr>\n<h3>As\u00ed qued\u00f3 la parrilla de salida en el GP de Barcelona<\/h3>\n<\/p>\n<\/section>\n<\/div>\n<div class=\"sc-a7166897-0 eoLsBE\" readability=\"6.5\">\n<section readability=\"3\"><picture><img alt=\"El lamento de Franco Colapinto despu\u00e9s de la qualy en Barcelona: &quot;Estoy un poco triste&quot;\" loading=\"lazy\" width=\"290\" height=\"290\" decoding=\"async\" data-nimg=\"1\" src=\"http:\/\/cordobadirecto.com\/wp-content\/uploads\/2025\/05\/mientras-colapinto-sufre-gasly-y-briatore-festejan-en-alpine-esto-dijeron-3.jpg\"><\/picture>\n<p><span>Mir\u00e1 tambi\u00e9n<\/span><\/p>\n<hr>\n<h3>El lamento de Franco Colapinto despu\u00e9s de la qualy en Barcelona: &#8220;Estoy un poco triste&#8221;<\/h3>\n<\/p>\n<\/section>\n<\/div>\n<div class=\"sc-a7166897-0 eoLsBE\" readability=\"6\">\n<section readability=\"2\"><picture><img alt=\"Los memes por la rotura del Alpine de Franco Colapinto en Barcelona\" loading=\"lazy\" width=\"290\" height=\"290\" decoding=\"async\" data-nimg=\"1\" src=\"http:\/\/cordobadirecto.com\/wp-content\/uploads\/2025\/05\/mientras-colapinto-sufre-gasly-y-briatore-festejan-en-alpine-esto-dijeron-4.jpg\"><\/picture>\n<p><span>Mir\u00e1 tambi\u00e9n<\/span><\/p>\n<hr>\n<h3>Los memes por la rotura del Alpine de Franco Colapinto en Barcelona<\/h3>\n<\/p>\n<\/section>\n<\/div>\n<\/div>\n","protected":false},"excerpt":{"rendered":"<p>31\/05\/2025 14:22hs. De cal y de arena result\u00f3 el s\u00e1bado en Alpine, aunque, evidentemente, el \u00fanico que termin\u00f3 frustrado fue Franco Colapinto, mientras que su compa\u00f1ero de equipo, Pierre Gasly, y hasta el mandam\u00e1s, Flavio Briatore, quedaron contestos con la mejora del auto. El argentino pintaba para realizar una qualy mejor de la esperada cuando [&hellip;]<\/p>\n","protected":false},"author":1,"featured_media":167584,"comment_status":"closed","ping_status":"closed","sticky":false,"template":"","format":"standard","meta":[],"categories":[21],"tags":[],"_links":{"self":[{"href":"http:\/\/cordobadirecto.com\/index.php\/wp-json\/wp\/v2\/posts\/167583"}],"collection":[{"href":"http:\/\/cordobadirecto.com\/index.php\/wp-json\/wp\/v2\/posts"}],"about":[{"href":"http:\/\/cordobadirecto.com\/index.php\/wp-json\/wp\/v2\/types\/post"}],"author":[{"embeddable":true,"href":"http:\/\/cordobadirecto.com\/index.php\/wp-json\/wp\/v2\/users\/1"}],"replies":[{"embeddable":true,"href":"http:\/\/cordobadirecto.com\/index.php\/wp-json\/wp\/v2\/comments?post=167583"}],"version-history":[{"count":0,"href":"http:\/\/cordobadirecto.com\/index.php\/wp-json\/wp\/v2\/posts\/167583\/revisions"}],"wp:featuredmedia":[{"embeddable":true,"href":"http:\/\/cordobadirecto.com\/index.php\/wp-json\/wp\/v2\/media\/167584"}],"wp:attachment":[{"href":"http:\/\/cordobadirecto.com\/index.php\/wp-json\/wp\/v2\/media?parent=167583"}],"wp:term":[{"taxonomy":"category","embeddable":true,"href":"http:\/\/cordobadirecto.com\/index.php\/wp-json\/wp\/v2\/categories?post=167583"},{"taxonomy":"post_tag","embeddable":true,"href":"http:\/\/cordobadirecto.com\/index.php\/wp-json\/wp\/v2\/tags?post=167583"}],"curies":[{"name":"wp","href":"https:\/\/api.w.org\/{rel}","templated":true}]}}