{"id":167585,"date":"2025-05-31T16:52:08","date_gmt":"2025-05-31T16:52:08","guid":{"rendered":"https:\/\/www.ole.com.ar\/autos\/memes-franco-colapinto-rotura-alpine-clasificacion-barcelona_0_fs4k0ZrFVy.html"},"modified":"2025-05-31T16:52:08","modified_gmt":"2025-05-31T16:52:08","slug":"los-memes-por-la-rotura-del-alpine-de-franco-colapinto-en-barcelona","status":"publish","type":"post","link":"http:\/\/cordobadirecto.com\/index.php\/2025\/05\/31\/los-memes-por-la-rotura-del-alpine-de-franco-colapinto-en-barcelona\/","title":{"rendered":"Los memes por la rotura del Alpine de Franco Colapinto en Barcelona"},"content":{"rendered":"<p><time class=\"createDate\" datetime=\"2025-05-31T13:52:08-03:00\">31\/05\/2025 13:52hs.<\/time><\/p>\n<div id=\"storyBody\">\n<div class=\"custom-text \" readability=\"40.671742808799\">\n<p><strong><a href=\"https:\/\/www.ole.com.ar\/tema\/franco-colapinto.html\" title=\"Franco Colapinto\" alt=\"Franco Colapinto\" class=\"slug\">Franco Colapinto<\/a> hizo lo que ten\u00eda que hacer<\/strong>: ir r\u00e1pido, superar sus tiempos y ubicarse en una buena posici\u00f3n durante la clasificaci\u00f3n de la <a href=\"https:\/\/www.ole.com.ar\/tema\/formula-1.html\" title=\"F\u00f3rmula 1\" alt=\"F\u00f3rmula 1\" class=\"slug\">F\u00f3rmula 1<\/a> en Barcelona. Cuando se perfilaba para pasar a la Q2, porque marchaba 11\u00b0 y estaba a punto de salir para mejorar su tiempo, el A525 no se lo permiti\u00f3: por una falla mec\u00e1nica, que el argentino explic\u00f3 que fue por &#8220;la caja o el embrague&#8221;, qued\u00f3 clavado en boxes, fue superado por casi toda la grilla y largar\u00e1 desde el 19\u00b0 puesto en la carrera. Encabronados con <a href=\"https:\/\/www.ole.com.ar\/tema\/alpine.html\" title=\"Alpine\" alt=\"Alpine\" class=\"slug\">Alpine<\/a>, pero con algo de gracia, <strong>los hinchas reaccionaron con memes.<\/strong><\/p>\n<\/div>\n<p><h2>Los memes por la rotura del Alpine de Franco Colapinto<\/h2>\n<\/p>\n<div class=\"sc-a7166897-0 eoLsBE\" readability=\"6\">\n<section readability=\"2\"><picture><img alt=\"Un problema en el auto dej\u00f3 a Franco Colapinto afuera en la Q1 del GP de Barcelona\" loading=\"lazy\" width=\"290\" height=\"290\" decoding=\"async\" data-nimg=\"1\" src=\"http:\/\/cordobadirecto.com\/wp-content\/uploads\/2025\/05\/los-memes-por-la-rotura-del-alpine-de-franco-colapinto-en-barcelona.jpg\"><\/picture>\n<p><span>Mir\u00e1 tambi\u00e9n<\/span><\/p>\n<hr>\n<h3>Un problema en el auto dej\u00f3 a Franco Colapinto afuera en la Q1 del GP de Barcelona<\/h3>\n<\/p>\n<\/section>\n<\/div>\n<div class=\"sc-a7166897-0 eoLsBE\" readability=\"6.5\">\n<section readability=\"3\"><picture><img alt=\"El lamento de Franco Colapinto despu\u00e9s de la qualy en Barcelona: &quot;Estoy un poco triste&quot;\" loading=\"lazy\" width=\"290\" height=\"290\" decoding=\"async\" data-nimg=\"1\" src=\"http:\/\/cordobadirecto.com\/wp-content\/uploads\/2025\/05\/los-memes-por-la-rotura-del-alpine-de-franco-colapinto-en-barcelona-1.jpg\"><\/picture>\n<p><span>Mir\u00e1 tambi\u00e9n<\/span><\/p>\n<hr>\n<h3>El lamento de Franco Colapinto despu\u00e9s de la qualy en Barcelona: &#8220;Estoy un poco triste&#8221;<\/h3>\n<\/p>\n<\/section>\n<\/div>\n<div class=\"sc-a7166897-0 eoLsBE\" readability=\"6\">\n<section readability=\"2\"><picture><img alt=\"Video: el problema de Colapinto en boxes y su reacci\u00f3n contra el auto\" loading=\"lazy\" width=\"290\" height=\"290\" decoding=\"async\" data-nimg=\"1\" src=\"http:\/\/cordobadirecto.com\/wp-content\/uploads\/2025\/05\/los-memes-por-la-rotura-del-alpine-de-franco-colapinto-en-barcelona-2.jpg\"><\/picture>\n<p><span>Mir\u00e1 tambi\u00e9n<\/span><\/p>\n<hr>\n<h3>Video: el problema de Colapinto en boxes y su reacci\u00f3n contra el auto<\/h3>\n<\/p>\n<\/section>\n<\/div>\n<div class=\"sc-a7166897-0 eoLsBE\" readability=\"6\">\n<section readability=\"2\"><picture><img alt=\"En qu\u00e9 puesto largar\u00e1 Franco Colapinto en el GP de Barcelona de la F1\" loading=\"lazy\" width=\"290\" height=\"290\" decoding=\"async\" data-nimg=\"1\" src=\"http:\/\/cordobadirecto.com\/wp-content\/uploads\/2025\/05\/los-memes-por-la-rotura-del-alpine-de-franco-colapinto-en-barcelona-3.jpg\"><\/picture>\n<p><span>Mir\u00e1 tambi\u00e9n<\/span><\/p>\n<hr>\n<h3>En qu\u00e9 puesto largar\u00e1 Franco Colapinto en el GP de Barcelona de la F1<\/h3>\n<\/p>\n<\/section>\n<\/div>\n<div class=\"sc-a7166897-0 eoLsBE\" readability=\"6\">\n<section readability=\"2\"><picture><img alt=\"El hijo de Briatore sali\u00f3 al cruce por los rumores sobre Colapinto\" loading=\"lazy\" width=\"290\" height=\"290\" decoding=\"async\" data-nimg=\"1\" src=\"http:\/\/cordobadirecto.com\/wp-content\/uploads\/2025\/05\/los-memes-por-la-rotura-del-alpine-de-franco-colapinto-en-barcelona-4.jpg\"><\/picture>\n<p><span>Mir\u00e1 tambi\u00e9n<\/span><\/p>\n<hr>\n<h3>El hijo de Briatore sali\u00f3 al cruce por los rumores sobre Colapinto<\/h3>\n<\/p>\n<\/section>\n<\/div>\n<\/div>\n","protected":false},"excerpt":{"rendered":"<p>31\/05\/2025 13:52hs. Franco Colapinto hizo lo que ten\u00eda que hacer: ir r\u00e1pido, superar sus tiempos y ubicarse en una buena posici\u00f3n durante la clasificaci\u00f3n de la F\u00f3rmula 1 en Barcelona. Cuando se perfilaba para pasar a la Q2, porque marchaba 11\u00b0 y estaba a punto de salir para mejorar su tiempo, el A525 no se [&hellip;]<\/p>\n","protected":false},"author":1,"featured_media":167586,"comment_status":"closed","ping_status":"closed","sticky":false,"template":"","format":"standard","meta":[],"categories":[21],"tags":[],"_links":{"self":[{"href":"http:\/\/cordobadirecto.com\/index.php\/wp-json\/wp\/v2\/posts\/167585"}],"collection":[{"href":"http:\/\/cordobadirecto.com\/index.php\/wp-json\/wp\/v2\/posts"}],"about":[{"href":"http:\/\/cordobadirecto.com\/index.php\/wp-json\/wp\/v2\/types\/post"}],"author":[{"embeddable":true,"href":"http:\/\/cordobadirecto.com\/index.php\/wp-json\/wp\/v2\/users\/1"}],"replies":[{"embeddable":true,"href":"http:\/\/cordobadirecto.com\/index.php\/wp-json\/wp\/v2\/comments?post=167585"}],"version-history":[{"count":0,"href":"http:\/\/cordobadirecto.com\/index.php\/wp-json\/wp\/v2\/posts\/167585\/revisions"}],"wp:featuredmedia":[{"embeddable":true,"href":"http:\/\/cordobadirecto.com\/index.php\/wp-json\/wp\/v2\/media\/167586"}],"wp:attachment":[{"href":"http:\/\/cordobadirecto.com\/index.php\/wp-json\/wp\/v2\/media?parent=167585"}],"wp:term":[{"taxonomy":"category","embeddable":true,"href":"http:\/\/cordobadirecto.com\/index.php\/wp-json\/wp\/v2\/categories?post=167585"},{"taxonomy":"post_tag","embeddable":true,"href":"http:\/\/cordobadirecto.com\/index.php\/wp-json\/wp\/v2\/tags?post=167585"}],"curies":[{"name":"wp","href":"https:\/\/api.w.org\/{rel}","templated":true}]}}