{"id":167587,"date":"2025-05-31T20:21:02","date_gmt":"2025-05-31T20:21:02","guid":{"rendered":"https:\/\/www.ole.com.ar\/futbol-ascenso\/ascenso-primera-nacional-talleres-escalada-boca-atajar_0_Xerr0gWDmA.html"},"modified":"2025-05-31T20:21:02","modified_gmt":"2025-05-31T20:21:02","slug":"estuvo-a-un-paso-de-atajar-en-boca-y-es-nuevo-entrenador-de-un-equipo-del-ascenso","status":"publish","type":"post","link":"http:\/\/cordobadirecto.com\/index.php\/2025\/05\/31\/estuvo-a-un-paso-de-atajar-en-boca-y-es-nuevo-entrenador-de-un-equipo-del-ascenso\/","title":{"rendered":"Estuvo a un paso de atajar en Boca y es nuevo entrenador de un equipo del Ascenso"},"content":{"rendered":"<p><time class=\"createDate\" datetime=\"2025-05-28T17:57:50-03:00\">28\/05\/2025 17:57hs.<\/time><\/p>\n<div id=\"storyBody\">\n<div class=\"custom-text \" readability=\"33.639344262295\">\n<p>El tim\u00f3n que agarra es complicado. Porque debe pelear contra los rivales de la categor\u00eda, y adem\u00e1s, <strong>contra el contexto y rachas adversas del propio equipo<\/strong>. El desaf\u00edo que inicia Jorge Vivaldo en la <a href=\"https:\/\/www.ole.com.ar\/tema\/primera-nacional.html\" title=\"Primera Nacional\" alt=\"Primera Nacional\" class=\"slug\">Primera Nacional<\/a> no es para nada f\u00e1cil&#8230;<\/p>\n<\/div>\n<div class=\"custom-text \" readability=\"32.060377358491\">\n<p>Es que el entrenador de 58 a\u00f1os<strong> firm\u00f3 su v\u00ednculo con <a href=\"https:\/\/www.ole.com.ar\/tema\/talleres-re.html\" title=\"Talleres (RE)\" alt=\"Talleres (RE)\" class=\"slug\">Talleres de Escalada<\/a><\/strong>, equipo que se encuentra en zona de descenso a la <a href=\"https:\/\/www.ole.com.ar\/tema\/b-metro.html\" title=\"B Metro\" alt=\"B Metro\" class=\"slug\">Primera B<\/a> y arrastra 11 partidos sin convertir. El det\u00e9 har\u00e1 su debut el pr\u00f3ximo domingo, cuando el Albirrojo reciba a Almirante Brown.<\/p>\n<\/div>\n<div class=\"sc-e7b891c4-0 ifHnQL image-embed\"><img alt=\"Jorge Vivaldo es nuevo DT de Talleres (Foto: Internet).\" loading=\"lazy\" width=\"720\" height=\"100\" decoding=\"async\" data-nimg=\"1\" src=\"http:\/\/cordobadirecto.com\/wp-content\/uploads\/2025\/05\/estuvo-a-un-paso-de-atajar-en-boca-y-es-nuevo-entrenador-de-un-equipo-del-ascenso.jpg\"><span class=\"epigraphe\">Jorge Vivaldo es nuevo DT de Talleres (Foto: Internet).<\/span><\/div>\n<div class=\"custom-text \" readability=\"39\">\n<p>Vivaldo llega<strong> tras un \u00faltimo paso en Los Chankas<\/strong>, equipo de la Primera Divisi\u00f3n de Per\u00fa. Tal como inform\u00f3 Talleres en sus redes sociales, el cuerpo t\u00e9cnico est\u00e1 compuesto &#8220;por los entrenadores alternos Ramiro Ape y Lucas Licht, los preparadores f\u00edsicos Mart\u00edn Vivaldo y Dami\u00e1n Castucci, el entrenador de arqueros Alejandro Corval\u00e1n y el videoanalista Mat\u00edas Alastra&#8221;.<\/p>\n<\/div>\n<div class=\"custom-embedhtml\" readability=\"7.7967914438503\">\n<blockquote class=\"twitter-tweet\" readability=\"9.5294117647059\">\n<p lang=\"es\" dir=\"ltr\">Su cuerpo t\u00e9cnico est\u00e1 compuesto por los entrenadores alternos Ramiro Ape y Lucas Licht, los preparadores f\u00ecsicos Mart\u00edn Vivaldo y Dami\u00e0n Castucci, el entrenador de arqueros Alejandro Corval\u00e1n y el videoanalista Mat\u00edas Alastra.<\/p>\n<p>\u00a1Lo mejor para lo que viene! \ud83d\udcaa<a href=\"https:\/\/twitter.com\/hashtag\/SoyTalleres?src=hash&amp;ref_src=twsrc%5Etfw\">#SoyTalleres<\/a> \ud83c\udde6\ud83c\uddf9 <a href=\"https:\/\/t.co\/tGrtAd4lzs\">pic.twitter.com\/tGrtAd4lzs<\/a><\/p>\n<p>\u2014 Club Atl\u00e9tico Talleres (@ClubTalleresOk) <a href=\"https:\/\/twitter.com\/ClubTalleresOk\/status\/1927774188359549276?ref_src=twsrc%5Etfw\">May 28, 2025<\/a><\/p><\/blockquote><\/div>\n<p><h2><strong>La experiencia de Vivaldo como DT<\/strong><\/h2>\n<\/p>\n<div class=\"custom-text \" readability=\"36\">\n<p>Tras colgar los botines (y los guantes) en 2009, despu\u00e9s de su \u00faltimo paso en Temperley, se lanz\u00f3 a estar del otro lado de la linea de cal. Durante la temporada 2009\/10 <strong>se calz\u00f3 el buzo de DT y dirigi\u00f3 al Gasolero<\/strong>.<\/p>\n<\/div>\n<div class=\"custom-text \" readability=\"41.016722408027\">\n<p><strong>La mayor\u00eda de sus ciclos se dieron en el <a href=\"https:\/\/www.ole.com.ar\/tema\/ascenso.html\" title=\"Ascenso\" alt=\"Ascenso\" class=\"slug\">Ascenso<\/a><\/strong>. Fue entrenador de Comisi\u00f3n de Actividades Infantiles (2010), Trist\u00e1n Su\u00e1rez (2011), Comunicaciones (2012-2014, 2016, 2021), Villa Dalmine (2016) Villa San Carlos (2017\/18, 2019-2021), Chacarita (2018), Acassuso (2022) y Brown de Adrogu\u00e9 (2024).<\/p>\n<\/div>\n<div class=\"sc-e7b891c4-0 ifHnQL image-embed\"><img alt=\"Vivaldo en su paso por Ssuso (Foto: Acassuso).\" loading=\"lazy\" width=\"720\" height=\"100\" decoding=\"async\" data-nimg=\"1\" src=\"http:\/\/cordobadirecto.com\/wp-content\/uploads\/2025\/05\/estuvo-a-un-paso-de-atajar-en-boca-y-es-nuevo-entrenador-de-un-equipo-del-ascenso-1.jpg\"><span class=\"epigraphe\">Vivaldo en su paso por Ssuso (Foto: Acassuso).<\/span><\/div>\n<div class=\"custom-text \" readability=\"37\">\n<p>Adem\u00e1s,<strong> tuvo pasos por el f\u00fatbol del exterior<\/strong>. En el curso 2014\/15 agarr\u00f3 las riendas de Sud Am\u00e9rica de Uruguay, en 2017 hizo lo propio en el Atl\u00e9tico Huila de Colombia, durante el 2023\/24 dirigi\u00f3 en Sport Boys de Per\u00fa y hace un mes cerr\u00f3 el ciclo en Los Chankas.<\/p>\n<\/div>\n<div class=\"custom-text \" readability=\"37\">\n<p>Lo m\u00e1s destacado en la carrera del Flaco tuvo lugar en Villa San Carlos, donde <strong>consigui\u00f3 subir de categor\u00eda y regres\u00f3 al Villero a la Primera B<\/strong>. Lo hizo en el Torneo Apertura de la Primera C en 2019, tras ganarle a Midland, Dock Sud y Excursionistas en el Reducido.<\/p>\n<\/div>\n<p><h2><strong>El d\u00eda que Boca no pudo ser el destino del arquero<\/strong><\/h2>\n<\/p>\n<div class=\"custom-text \" readability=\"37\">\n<p>Ahora bien, dentro de su carrera como jugador, hay una an\u00e9cdota de Vivaldo que lo relaciona con Boca: en el momento en que era figura en Olimpo de Bah\u00eda Blanca, <strong>estuvo a un paso<\/strong> de jugar en la instituci\u00f3n de La Ribera.<\/p>\n<\/div>\n<div class=\"custom-text \" readability=\"35\">\n<p>Corr\u00eda <strong>el a\u00f1o 2004 cuando el Flaco ten\u00eda todo cerrado con el Xeneize<\/strong>. En su cabeza ya era el arquero que desembarcar\u00eda en Brandsen 805 para reemplazar a Roberto Abbondanzieri, de futuro incierto. Se hab\u00eda hecho la revisi\u00f3n m\u00e9dica y fue invitado a una gira del plantel por el exterior.<\/p>\n<\/div>\n<div class=\"custom-text \" readability=\"37\">\n<p>Sin embargo, nada de eso ocurri\u00f3. Carlos Bianchi, que hab\u00eda dado el ok para su llegada, renunci\u00f3 (asumi\u00f3 Miguel \u00c1ngel Brindisi). El Pato se qued\u00f3 varios a\u00f1os m\u00e1s en el Xeneize y <strong>no se abri\u00f3 un lugar para la llegada <\/strong>del 1. <\/p>\n<\/div>\n<div class=\"custom-text \" readability=\"37\">\n<p>\u00bfLo m\u00e1s curioso de esta historia? <strong>Vivaldo se enter\u00f3 en vivo en un programa de televisi\u00f3n<\/strong> (Palco de Prensa), al que hab\u00eda sido invitado. &#8220;Fue toda una experiencia, me sent\u00ed jugador de Boca sin siquiera haber pisado ese vestuario&#8221;, confes\u00f3 tiempo despu\u00e9s.<\/p>\n<\/div>\n<div class=\"sc-734b4696-1 kFfZtB\">\n<div class=\"sc-d00d9e74-0 hnHYbk\" type=\"embed\">\n<div class=\"sc-d00d9e74-1 iKVbz videoText\" id=\"contentTitleembedUOQk5ilz\" type=\"embed\"><svg fill=\"#ffffff\"><symbol id=\"play\" viewBox=\"0 0 512 512\"><path d=\"M512 256C512 397.4 397.4 512 256 512C114.6 512 0 397.4 0 256C0 114.6 114.6 0 256 0C397.4 0 512 114.6 512 256zM176 168V344C176 352.7 180.7 360.7 188.3 364.9C195.8 369.2 205.1 369 212.5 364.5L356.5 276.5C363.6 272.1 368 264.4 368 256C368 247.6 363.6 239.9 356.5 235.5L212.5 147.5C205.1 142.1 195.8 142.8 188.3 147.1C180.7 151.3 176 159.3 176 168V168z\" \/><\/symbol><use xlink:href=\"#play\" \/><\/svg><\/p>\n<div class=\"right\">\n<p>Jorge Vivaldo<!-- --> &#8211; <span>&nbsp;<\/span><\/p>\n<h2 class=\"title-vid\">El d\u00eda que Vivaldo casi juega en Boca<\/h2>\n<\/div>\n<\/div>\n<p><span class=\"back\" id=\"spanBackembedUOQk5ilz\"><\/span><\/div>\n<div class=\"JWvideoNota_title\">\n<p>Video: Youtube.<\/p>\n<\/div>\n<\/div>\n<div class=\"sc-a7166897-0 eoLsBE\" readability=\"6\">\n<section readability=\"2\"><picture><img alt=\"Quilmes: crisis futbol\u00edstica y futuro incierto para Rondina\" loading=\"lazy\" width=\"290\" height=\"290\" decoding=\"async\" data-nimg=\"1\" src=\"http:\/\/cordobadirecto.com\/wp-content\/uploads\/2025\/05\/estuvo-a-un-paso-de-atajar-en-boca-y-es-nuevo-entrenador-de-un-equipo-del-ascenso-2.jpg\"><\/picture>\n<p><span>Mir\u00e1 tambi\u00e9n<\/span><\/p>\n<hr>\n<h3>Quilmes: crisis futbol\u00edstica y futuro incierto para Rondina<\/h3>\n<\/p>\n<\/section>\n<\/div>\n<div class=\"sc-a7166897-0 eoLsBE\" readability=\"6.5\">\n<section readability=\"3\"><picture><img alt=\"Fue campe\u00f3n con Independiente, es figura en el Nacional y lo quieren desde Primera\" loading=\"lazy\" width=\"290\" height=\"290\" decoding=\"async\" data-nimg=\"1\" src=\"http:\/\/cordobadirecto.com\/wp-content\/uploads\/2025\/05\/estuvo-a-un-paso-de-atajar-en-boca-y-es-nuevo-entrenador-de-un-equipo-del-ascenso-3.jpg\"><\/picture>\n<p><span>Mir\u00e1 tambi\u00e9n<\/span><\/p>\n<hr>\n<h3>Fue campe\u00f3n con Independiente, es figura en el Nacional y lo quieren desde Primera<\/h3>\n<\/p>\n<\/section>\n<\/div>\n<\/div>\n","protected":false},"excerpt":{"rendered":"<p>28\/05\/2025 17:57hs. El tim\u00f3n que agarra es complicado. Porque debe pelear contra los rivales de la categor\u00eda, y adem\u00e1s, contra el contexto y rachas adversas del propio equipo. El desaf\u00edo que inicia Jorge Vivaldo en la Primera Nacional no es para nada f\u00e1cil&#8230; Es que el entrenador de 58 a\u00f1os firm\u00f3 su v\u00ednculo con Talleres [&hellip;]<\/p>\n","protected":false},"author":1,"featured_media":167588,"comment_status":"closed","ping_status":"closed","sticky":false,"template":"","format":"standard","meta":[],"categories":[21],"tags":[],"_links":{"self":[{"href":"http:\/\/cordobadirecto.com\/index.php\/wp-json\/wp\/v2\/posts\/167587"}],"collection":[{"href":"http:\/\/cordobadirecto.com\/index.php\/wp-json\/wp\/v2\/posts"}],"about":[{"href":"http:\/\/cordobadirecto.com\/index.php\/wp-json\/wp\/v2\/types\/post"}],"author":[{"embeddable":true,"href":"http:\/\/cordobadirecto.com\/index.php\/wp-json\/wp\/v2\/users\/1"}],"replies":[{"embeddable":true,"href":"http:\/\/cordobadirecto.com\/index.php\/wp-json\/wp\/v2\/comments?post=167587"}],"version-history":[{"count":0,"href":"http:\/\/cordobadirecto.com\/index.php\/wp-json\/wp\/v2\/posts\/167587\/revisions"}],"wp:featuredmedia":[{"embeddable":true,"href":"http:\/\/cordobadirecto.com\/index.php\/wp-json\/wp\/v2\/media\/167588"}],"wp:attachment":[{"href":"http:\/\/cordobadirecto.com\/index.php\/wp-json\/wp\/v2\/media?parent=167587"}],"wp:term":[{"taxonomy":"category","embeddable":true,"href":"http:\/\/cordobadirecto.com\/index.php\/wp-json\/wp\/v2\/categories?post=167587"},{"taxonomy":"post_tag","embeddable":true,"href":"http:\/\/cordobadirecto.com\/index.php\/wp-json\/wp\/v2\/tags?post=167587"}],"curies":[{"name":"wp","href":"https:\/\/api.w.org\/{rel}","templated":true}]}}