{"id":167595,"date":"2025-05-31T22:30:29","date_gmt":"2025-05-31T22:30:29","guid":{"rendered":"http:\/\/cordobadirecto.com\/index.php\/2025\/05\/31\/por-una-fuga-de-gas-evacuaron-edificios-colindates-de-barrio-nueva-cordoba\/"},"modified":"2025-05-31T22:30:29","modified_gmt":"2025-05-31T22:30:29","slug":"por-una-fuga-de-gas-evacuaron-edificios-colindates-de-barrio-nueva-cordoba","status":"publish","type":"post","link":"http:\/\/cordobadirecto.com\/index.php\/2025\/05\/31\/por-una-fuga-de-gas-evacuaron-edificios-colindates-de-barrio-nueva-cordoba\/","title":{"rendered":"Por una fuga de gas evacuaron edificios colindates de barrio <b>Nueva C\u00f3rdoba<\/b>"},"content":{"rendered":"<p>En horas de la tarde de este s\u00e1bado, personal de la Direcci\u00f3n de Bomberos se constituy\u00f3 en calles Derqui y Buenos Aires de barrio <b>Nueva C\u00f3rdoba<\/b> al&nbsp;&#8230; <\/p>\n","protected":false},"excerpt":{"rendered":"<p>En horas de la tarde de este s\u00e1bado, personal de la Direcci\u00f3n de Bomberos se constituy\u00f3 en calles Derqui y Buenos Aires de barrio Nueva C\u00f3rdoba al&nbsp;&#8230;<\/p>\n","protected":false},"author":1,"featured_media":0,"comment_status":"closed","ping_status":"closed","sticky":false,"template":"","format":"standard","meta":[],"categories":[40],"tags":[],"_links":{"self":[{"href":"http:\/\/cordobadirecto.com\/index.php\/wp-json\/wp\/v2\/posts\/167595"}],"collection":[{"href":"http:\/\/cordobadirecto.com\/index.php\/wp-json\/wp\/v2\/posts"}],"about":[{"href":"http:\/\/cordobadirecto.com\/index.php\/wp-json\/wp\/v2\/types\/post"}],"author":[{"embeddable":true,"href":"http:\/\/cordobadirecto.com\/index.php\/wp-json\/wp\/v2\/users\/1"}],"replies":[{"embeddable":true,"href":"http:\/\/cordobadirecto.com\/index.php\/wp-json\/wp\/v2\/comments?post=167595"}],"version-history":[{"count":0,"href":"http:\/\/cordobadirecto.com\/index.php\/wp-json\/wp\/v2\/posts\/167595\/revisions"}],"wp:attachment":[{"href":"http:\/\/cordobadirecto.com\/index.php\/wp-json\/wp\/v2\/media?parent=167595"}],"wp:term":[{"taxonomy":"category","embeddable":true,"href":"http:\/\/cordobadirecto.com\/index.php\/wp-json\/wp\/v2\/categories?post=167595"},{"taxonomy":"post_tag","embeddable":true,"href":"http:\/\/cordobadirecto.com\/index.php\/wp-json\/wp\/v2\/tags?post=167595"}],"curies":[{"name":"wp","href":"https:\/\/api.w.org\/{rel}","templated":true}]}}