{"id":167695,"date":"2025-06-01T19:17:51","date_gmt":"2025-06-01T19:17:51","guid":{"rendered":"https:\/\/www.ole.com.ar\/autos\/dijo-pierre-gasly-companero-colapinto-alpine-gp-barcelona-flavio-briatore-franco_0_nRcyRLqpNB.html"},"modified":"2025-06-01T19:17:51","modified_gmt":"2025-06-01T19:17:51","slug":"que-dijo-pierre-gasly-companero-de-colapinto-en-alpine-tras-el-gp-de-barcelona","status":"publish","type":"post","link":"http:\/\/cordobadirecto.com\/index.php\/2025\/06\/01\/que-dijo-pierre-gasly-companero-de-colapinto-en-alpine-tras-el-gp-de-barcelona\/","title":{"rendered":"Qu\u00e9 dijo Pierre Gasly, compa\u00f1ero de Colapinto en Alpine, tras el GP de Barcelona"},"content":{"rendered":"<p><time class=\"createDate\" datetime=\"2025-06-01T16:17:51-03:00\">01\/06\/2025 16:17hs.<\/time><\/p>\n<div id=\"storyBody\">\n<div class=\"custom-text \" readability=\"39\">\n<p><strong>Consumada la novena fecha del calendario de la F\u00f3rmula 1, <\/strong>en el Gran Premio de Espa\u00f1a, <strong>Pierre Gasly -compa\u00f1ero de Franco Colapinto- cruz\u00f3 la bandera a cuadros en la octava posici\u00f3n y sum\u00f3 4 unidades m\u00e1s en la tabla de posiciones<\/strong>. Con este resultado, el franc\u00e9s ya acumula 11 puntos en el campeonato. Sin embargo, el equipo Alpine tuvo un domingo gris: el quinto puesto del alem\u00e1n Nico H\u00fclkenberg (Sauber) permiti\u00f3 a su escuder\u00eda adelantar a Alpine y dejarla en el \u00faltimo lugar del campeonato de constructores.<\/p>\n<\/div>\n<p><h2><strong>Qu\u00e9 dijo Gasly tras el GP de Barcelona<\/strong><\/h2>\n<\/p>\n<div class=\"custom-text \" readability=\"42\">\n<p><strong>Gasly, <\/strong>luego de finalizar en la octava plaza en el circuito catal\u00e1n, se\u00f1al\u00f3: <strong>\u201cEl domingo fue m\u00e1s complicado para nosotros, pero en general es un buen resultado sumar puntos hoy.<\/strong> Fue un comienzo de temporada dif\u00edcil, con tres carreras bastante complicadas en las \u00faltimas semanas, y sab\u00edamos que, como equipo, <strong>despu\u00e9s de M\u00f3naco necesit\u00e1bamos recuperarnos ac\u00e1 en Barcelona y sumar algunos puntos\u201d.<\/strong><\/p>\n<\/div>\n<div class=\"sc-e7b891c4-0 ifHnQL image-embed\"><img alt=\"El Alpine de Gasly en el GP de Barcelona. (EFE\/Alejandro Garc\u00eda)\" loading=\"lazy\" width=\"720\" height=\"100\" decoding=\"async\" data-nimg=\"1\" src=\"http:\/\/cordobadirecto.com\/wp-content\/uploads\/2025\/06\/que-dijo-pierre-gasly-companero-de-colapinto-en-alpine-tras-el-gp-de-barcelona.jpg\"><span class=\"epigraphe\">El Alpine de Gasly en el GP de Barcelona. (EFE\/Alejandro Garc\u00eda)<\/span><\/div>\n<div class=\"custom-text \" readability=\"39\">\n<p><strong>Adem\u00e1s, el galo agreg\u00f3: \u201cLa clasificaci\u00f3n fue muy buena, pero parece que los domingos nos cuestan m\u00e1s<\/strong>. Tenemos mucho que repasar de la carrera de hoy, ya que me sent\u00ed bastante aliviado al ver el Safety Car cerca del final, y el equipo hizo un gran trabajo al tomar la decisi\u00f3n correcta y darme un hueco libre para entrar en boxes a cambiar neum\u00e1ticos. Hicimos lo mejor que pudimos y s\u00e9 que lo reflexionaremos juntos como equipo.<strong> Tenemos que seguir trabajando duro y aspirar a corregir algunos de nuestros puntos d\u00e9biles de cara a Canad\u00e1\u201d.<\/strong><\/p>\n<\/div>\n<p><h2><strong>Qu\u00e9 dijo Colapinto tras un domingo complicado <\/strong><\/h2>\n<\/p>\n<div class=\"custom-text \" readability=\"39\">\n<p><strong>Colapinto se\u00f1al\u00f3 que todav\u00eda necesita seguir comprendiendo el comportamiento del monoplaza <\/strong>para poder extraer todo su potencial: <strong>\u201cFue una tarde decepcionante y una carrera dif\u00edcil.<\/strong> Tuvimos mejor ritmo hoy (domingo) que al inicio del fin de semana, lo cual es positivo, pero este es un circuito complicado para adelantar, as\u00ed que <strong>en general fue dif\u00edcil gestionarlo y progresar. Los neum\u00e1ticos sufr\u00edan mucho con el aire sucio, <\/strong>lo que complic\u00f3 a\u00fan m\u00e1s las cosas. Esto demuestra la importancia de la posici\u00f3n en pista durante las carreras&#8221;.<\/p>\n<\/div>\n<div class=\"sc-e7b891c4-0 ifHnQL image-embed\"><img alt=\"Franco Colapinto durante la carrera de Barcelona.\n(EFE\/ Siu Wu)\" loading=\"lazy\" width=\"720\" height=\"100\" decoding=\"async\" data-nimg=\"1\" src=\"http:\/\/cordobadirecto.com\/wp-content\/uploads\/2025\/06\/que-dijo-pierre-gasly-companero-de-colapinto-en-alpine-tras-el-gp-de-barcelona-1.jpg\"><span class=\"epigraphe\">Franco Colapinto durante la carrera de Barcelona.<br \/>\n(EFE\/ Siu Wu)<\/span><\/div>\n<div class=\"custom-text \" readability=\"37\">\n<p>&#8220;Y s\u00e9 que tengo mucho que mejorar en ese aspecto, especialmente a la hora de maximizar el potencial del coche con poco combustible. <strong>Espero seguir trabajando duro con el equipo en los pr\u00f3ximos d\u00edas, y s\u00e9 que todav\u00eda hay mucho por aprender de cara a Montreal, dentro de un par de semanas\u201d.<\/strong><\/p>\n<\/div>\n<div class=\"custom-text \" readability=\"41\">\n<p><strong>A su vez, el l\u00edder del team franc\u00e9s, Flavio Briatore, <\/strong>indic\u00f3 lo siguiente tras un duro domingo en suelo catal\u00e1n: <strong>\u201cComo punto positivo, nos vamos de Barcelona con algunos puntos tras un fin de semana dif\u00edcil para el equipo.<\/strong> Sabemos que no estamos donde queremos estar con el coche, y eso se ha demostrado claramente en las \u00faltimas tres carreras consecutivas. Pierre hizo una carrera s\u00f3lida y los estrategas acertaron al permitirle una parada en boxes gratuita cuando sali\u00f3 el Safety Car, lo que le permiti\u00f3 tener neum\u00e1ticos m\u00e1s frescos para mantener su posici\u00f3n hasta el final\u201d.<\/p>\n<\/div>\n<div class=\"sc-e7b891c4-0 ifHnQL image-embed\"><img alt=\"Flavio Briatore se mostr\u00f3 critico con el rendimiento del Alpine tras el GP de Barcelona. (EFE\/Siu Wu)\" loading=\"lazy\" width=\"720\" height=\"100\" decoding=\"async\" data-nimg=\"1\" src=\"http:\/\/cordobadirecto.com\/wp-content\/uploads\/2025\/06\/que-dijo-pierre-gasly-companero-de-colapinto-en-alpine-tras-el-gp-de-barcelona-2.jpg\"><span class=\"epigraphe\">Flavio Briatore se mostr\u00f3 critico con el rendimiento del Alpine tras el GP de Barcelona. (EFE\/Siu Wu)<\/span><\/div>\n<div class=\"custom-text \" readability=\"38\">\n<p><strong>\u201cLa tarde de Franco siempre iba a ser dif\u00edcil, ya que empez\u00f3 desde atr\u00e1s y tuvo una carrera decepcionante, <\/strong>sin progresar tanto como esper\u00e1bamos. Como equipo, debemos reagruparnos y esforzarnos al m\u00e1ximo para salir de esta posici\u00f3n\u201d, cerr\u00f3 el italiano.<\/p>\n<\/div>\n<div class=\"sc-a7166897-0 eoLsBE\" readability=\"6\">\n<section readability=\"2\"><picture><img alt=\"Video: la hinchada argentina banc\u00f3 a Franco Colapinto tras la carrera en Barcelona\" loading=\"lazy\" width=\"290\" height=\"290\" decoding=\"async\" data-nimg=\"1\" src=\"http:\/\/cordobadirecto.com\/wp-content\/uploads\/2025\/06\/que-dijo-pierre-gasly-companero-de-colapinto-en-alpine-tras-el-gp-de-barcelona-3.jpg\"><\/picture>\n<p><span>Mir\u00e1 tambi\u00e9n<\/span><\/p>\n<hr>\n<h3>Video: la hinchada argentina banc\u00f3 a Franco Colapinto tras la carrera en Barcelona<\/h3>\n<\/p>\n<\/section>\n<\/div>\n<div class=\"sc-a7166897-0 eoLsBE\" readability=\"6\">\n<section readability=\"2\"><picture><img alt=\"\u00bfCu\u00e1ndo vuelve a correr Franco Colapinto y cu\u00e1l es el pr\u00f3ximo GP de la F1?\" loading=\"lazy\" width=\"290\" height=\"290\" decoding=\"async\" data-nimg=\"1\" src=\"http:\/\/cordobadirecto.com\/wp-content\/uploads\/2025\/06\/que-dijo-pierre-gasly-companero-de-colapinto-en-alpine-tras-el-gp-de-barcelona-4.jpg\"><\/picture>\n<p><span>Mir\u00e1 tambi\u00e9n<\/span><\/p>\n<hr>\n<h3>\u00bfCu\u00e1ndo vuelve a correr Franco Colapinto y cu\u00e1l es el pr\u00f3ximo GP de la F1?<\/h3>\n<\/p>\n<\/section>\n<\/div>\n<div class=\"sc-a7166897-0 eoLsBE\" readability=\"6.5\">\n<section readability=\"3\"><picture><img alt=\"Por qu\u00e9 fue un d\u00eda negro para Alpine pese al 8\u00b0 puesto de Gasly y el 15\u00b0 de Colapinto\" loading=\"lazy\" width=\"290\" height=\"290\" decoding=\"async\" data-nimg=\"1\" src=\"http:\/\/cordobadirecto.com\/wp-content\/uploads\/2025\/06\/que-dijo-pierre-gasly-companero-de-colapinto-en-alpine-tras-el-gp-de-barcelona-5.jpg\"><\/picture>\n<p><span>Mir\u00e1 tambi\u00e9n<\/span><\/p>\n<hr>\n<h3>Por qu\u00e9 fue un d\u00eda negro para Alpine pese al 8\u00b0 puesto de Gasly y el 15\u00b0 de Colapinto<\/h3>\n<\/p>\n<\/section>\n<\/div>\n<\/div>\n","protected":false},"excerpt":{"rendered":"<p>01\/06\/2025 16:17hs. Consumada la novena fecha del calendario de la F\u00f3rmula 1, en el Gran Premio de Espa\u00f1a, Pierre Gasly -compa\u00f1ero de Franco Colapinto- cruz\u00f3 la bandera a cuadros en la octava posici\u00f3n y sum\u00f3 4 unidades m\u00e1s en la tabla de posiciones. Con este resultado, el franc\u00e9s ya acumula 11 puntos en el campeonato. [&hellip;]<\/p>\n","protected":false},"author":1,"featured_media":167696,"comment_status":"closed","ping_status":"closed","sticky":false,"template":"","format":"standard","meta":[],"categories":[21],"tags":[],"_links":{"self":[{"href":"http:\/\/cordobadirecto.com\/index.php\/wp-json\/wp\/v2\/posts\/167695"}],"collection":[{"href":"http:\/\/cordobadirecto.com\/index.php\/wp-json\/wp\/v2\/posts"}],"about":[{"href":"http:\/\/cordobadirecto.com\/index.php\/wp-json\/wp\/v2\/types\/post"}],"author":[{"embeddable":true,"href":"http:\/\/cordobadirecto.com\/index.php\/wp-json\/wp\/v2\/users\/1"}],"replies":[{"embeddable":true,"href":"http:\/\/cordobadirecto.com\/index.php\/wp-json\/wp\/v2\/comments?post=167695"}],"version-history":[{"count":0,"href":"http:\/\/cordobadirecto.com\/index.php\/wp-json\/wp\/v2\/posts\/167695\/revisions"}],"wp:featuredmedia":[{"embeddable":true,"href":"http:\/\/cordobadirecto.com\/index.php\/wp-json\/wp\/v2\/media\/167696"}],"wp:attachment":[{"href":"http:\/\/cordobadirecto.com\/index.php\/wp-json\/wp\/v2\/media?parent=167695"}],"wp:term":[{"taxonomy":"category","embeddable":true,"href":"http:\/\/cordobadirecto.com\/index.php\/wp-json\/wp\/v2\/categories?post=167695"},{"taxonomy":"post_tag","embeddable":true,"href":"http:\/\/cordobadirecto.com\/index.php\/wp-json\/wp\/v2\/tags?post=167695"}],"curies":[{"name":"wp","href":"https:\/\/api.w.org\/{rel}","templated":true}]}}