{"id":167697,"date":"2025-06-01T18:07:25","date_gmt":"2025-06-01T18:07:25","guid":{"rendered":"https:\/\/www.ole.com.ar\/autos\/lewandowski-kane-bellingham-mundo-futbol-copo-gran-premio-espana-formula-1_0_yKvOXvmb07.html"},"modified":"2025-06-01T18:07:25","modified_gmt":"2025-06-01T18:07:25","slug":"de-lewandowski-a-kane-y-bellingham-el-mundo-del-futbol-copo-el-gran-premio-de-espana-de-la-formula-1","status":"publish","type":"post","link":"http:\/\/cordobadirecto.com\/index.php\/2025\/06\/01\/de-lewandowski-a-kane-y-bellingham-el-mundo-del-futbol-copo-el-gran-premio-de-espana-de-la-formula-1\/","title":{"rendered":"De Lewandowski a Kane y Bellingham: el mundo del f\u00fatbol cop\u00f3 el Gran Premio de Espa\u00f1a de la F\u00f3rmula 1"},"content":{"rendered":"<p><time class=\"createDate\" datetime=\"2025-06-01T15:07:25-03:00\">01\/06\/2025 15:07hs.<\/time><\/p>\n<div id=\"storyBody\">\n<div class=\"custom-text \" readability=\"36.072562358277\">\n<p>Despu\u00e9s de un siempre glamoroso <strong>Gran Premio de M\u00f3naco<\/strong>, donde distintas celebridades de acercaron a disfrutar del espect\u00e1culo que suele entregar la <strong><a href=\"https:\/\/www.ole.com.ar\/tema\/formula-1.html\" title=\"F\u00f3rmula 1\" alt=\"F\u00f3rmula 1\" class=\"slug\">F\u00f3rmula 1<\/a><\/strong>, incluso fuera de la pista, el <strong>Gran Premio de Espa\u00f1a<\/strong> no se qued\u00f3 atr\u00e1s. Y, entre todas las figuras que estuvieron presente en Montmel\u00f3,<strong> el mundo del f\u00fatbol no se qued\u00f3 afuera<\/strong>. Desde <strong><a href=\"https:\/\/www.ole.com.ar\/tema\/robert-lewandowski.html\" title=\"Robert Lewandowski\" alt=\"Robert Lewandowski\" class=\"slug\">Robert Lewandowski <\/a><\/strong>hasta <strong><a href=\"https:\/\/www.ole.com.ar\/tema\/harry-kane.html\" title=\"Harry Kane\" alt=\"Harry Kane\" class=\"slug\">Harry Kane<\/a><\/strong> o <strong><a href=\"https:\/\/www.ole.com.ar\/tema\/jude-bellingham.html\" title=\"Jude Bellingham\" alt=\"Jude Bellingham\" class=\"slug\">Jude Bellingham<\/a><\/strong>, pasearon por el paddock en Barcelona. <\/p>\n<\/div>\n<div class=\"custom-text \" readability=\"26.064516129032\">\n<p>Incluso, el futbolista polaco del Cul\u00e9 tuvo una participaci\u00f3n especial en la carrera correspondiente a la novena fecha del campeonato: f<strong>ue el encargado de mostrarle la bandera de cuadros a <a href=\"https:\/\/www.ole.com.ar\/tema\/oscar-piastri.html\" title=\"Oscar Piastri\" alt=\"Oscar Piastri\" class=\"slug\">Os<\/a><a href=\"https:\/\/www.ole.com.ar\/tema\/oscar-piastri.html\" title=\"Oscar Piastri\" alt=\"Oscar Piastri\" class=\"slug\">car Piastri<\/a><\/strong>, quien se <strong><a href=\"https:\/\/www.ole.com.ar\/autos\/piastri-punta-punta-arraso-barcelona-aleja-campeonato_0_3GfUrm7EFH.html\" target=\"_self\" title=\"consagr\u00f3 en Espa\u00f1a y sum\u00f3 su quinta victoria en la temporada. \" alt=\"consagr\u00f3 en Espa\u00f1a y sum\u00f3 su quinta victoria en la temporada. \" rel=\"noopener\">consagr\u00f3 en Espa\u00f1a y sum\u00f3 su quinta victoria en la temporada. <\/a><\/strong><\/p>\n<\/div>\n<div class=\"sc-e7b891c4-0 ifHnQL image-embed\"><img alt=\"Robert Lewandowski en el Gran Premio de Espa\u00f1a. \" loading=\"lazy\" width=\"720\" height=\"100\" decoding=\"async\" data-nimg=\"1\" src=\"http:\/\/cordobadirecto.com\/wp-content\/uploads\/2025\/06\/de-lewandowski-a-kane-y-bellingham-el-mundo-del-futbol-copo-el-gran-premio-de-espana-de-la-formula-1.jpg\"><span class=\"epigraphe\">Robert Lewandowski en el Gran Premio de Espa\u00f1a. <\/span><\/div>\n<div class=\"custom-text \" readability=\"37\">\n<p>Por el lado de Bellingham y Kane, si bien las c\u00e1maras de la transmisi\u00f3n oficial los captaron por separado, ambos estuvieron presentes junto a buena parte del<strong> plantel de la selecci\u00f3n de Inglaterra, que el pr\u00f3ximo s\u00e1bado enfrentar\u00e1 a Andorra<\/strong> por las Eliminatorias para el Mundial del 2026. <\/p>\n<\/div>\n<div class=\"sc-e7b891c4-0 ifHnQL image-embed\"><img alt=\"Con Jude Bellingham a la cabeza, la selecci\u00f3n de Inglaterra dice presente en el GP de Espa\u00f1a.\" loading=\"lazy\" width=\"720\" height=\"100\" decoding=\"async\" data-nimg=\"1\" src=\"http:\/\/cordobadirecto.com\/wp-content\/uploads\/2025\/06\/de-lewandowski-a-kane-y-bellingham-el-mundo-del-futbol-copo-el-gran-premio-de-espana-de-la-formula-1-1.jpg\"><span class=\"epigraphe\">Con Jude Bellingham a la cabeza, la selecci\u00f3n de Inglaterra dice presente en el GP de Espa\u00f1a.<\/span><\/div>\n<div class=\"custom-text \" readability=\"33.365853658537\">\n<p>Junto a ellos tambi\u00e9n estuvieron <strong>Reece James, Trent Alexander-Arnold, Cole Palmer y el DT Thomas Tuchel<\/strong>, entre otros. Adem\u00e1s, el Barcelona tambi\u00e9n asistieron al Gran Premio<strong> <a href=\"https:\/\/www.ole.com.ar\/tema\/ferran-torres.html\" title=\"Ferr\u00e1n Torres\" alt=\"Ferr\u00e1n Torres\" class=\"slug\">Ferran Torres<\/a><\/strong> y <strong><a href=\"https:\/\/www.ole.com.ar\/tema\/eric-garcia.html\" title=\"Eric Garc\u00eda\" alt=\"Eric Garc\u00eda\" class=\"slug\">Eric Garc\u00eda<\/a>.<\/strong> <\/p>\n<\/div>\n<p><h2><strong>Los futbolistas en el Gran Premio de Espa\u00f1a<\/strong><\/h2>\n<\/p>\n<div class=\"sc-e7b891c4-0 ifHnQL image-embed\"><img alt=\"Jude Bellingham, presente en Barcelona. \" loading=\"lazy\" width=\"720\" height=\"100\" decoding=\"async\" data-nimg=\"1\" src=\"http:\/\/cordobadirecto.com\/wp-content\/uploads\/2025\/06\/de-lewandowski-a-kane-y-bellingham-el-mundo-del-futbol-copo-el-gran-premio-de-espana-de-la-formula-1-2.jpg\"><span class=\"epigraphe\">Jude Bellingham, presente en Barcelona. <\/span><\/div>\n<div class=\"sc-e7b891c4-0 ifHnQL image-embed\"><img alt=\"Thomas Tuchel estuvo en Barcelona junto a sus dirigidos. \" loading=\"lazy\" width=\"720\" height=\"100\" decoding=\"async\" data-nimg=\"1\" src=\"http:\/\/cordobadirecto.com\/wp-content\/uploads\/2025\/06\/de-lewandowski-a-kane-y-bellingham-el-mundo-del-futbol-copo-el-gran-premio-de-espana-de-la-formula-1-3.jpg\"><span class=\"epigraphe\">Thomas Tuchel estuvo en Barcelona junto a sus dirigidos. <\/span><\/div>\n<div class=\"sc-e7b891c4-0 ifHnQL image-embed\"><img alt=\"Trent Alexander-Arnold y Cole Palmer en el paddock de Barcelona. \" loading=\"lazy\" width=\"720\" height=\"100\" decoding=\"async\" data-nimg=\"1\" src=\"http:\/\/cordobadirecto.com\/wp-content\/uploads\/2025\/06\/de-lewandowski-a-kane-y-bellingham-el-mundo-del-futbol-copo-el-gran-premio-de-espana-de-la-formula-1-4.jpg\"><span class=\"epigraphe\">Trent Alexander-Arnold y Cole Palmer en el paddock de Barcelona. <\/span><\/div>\n<div class=\"sc-e7b891c4-0 ifHnQL image-embed\"><img alt=\"Ollie Watkins, Jordan Henderson, Dean Henderson y Jude Bellingham, en la grilla de largada en Barcelona. \" loading=\"lazy\" width=\"720\" height=\"100\" decoding=\"async\" data-nimg=\"1\" src=\"http:\/\/cordobadirecto.com\/wp-content\/uploads\/2025\/06\/de-lewandowski-a-kane-y-bellingham-el-mundo-del-futbol-copo-el-gran-premio-de-espana-de-la-formula-1-5.jpg\"><span class=\"epigraphe\">Ollie Watkins, Jordan Henderson, Dean Henderson y Jude Bellingham, en la grilla de largada en Barcelona. <\/span><\/div>\n<div class=\"sc-e7b891c4-0 ifHnQL image-embed\"><img alt=\"Curtis Jones, Levi Colwill y Cole.\" loading=\"lazy\" width=\"720\" height=\"100\" decoding=\"async\" data-nimg=\"1\" src=\"http:\/\/cordobadirecto.com\/wp-content\/uploads\/2025\/06\/de-lewandowski-a-kane-y-bellingham-el-mundo-del-futbol-copo-el-gran-premio-de-espana-de-la-formula-1-6.jpg\"><span class=\"epigraphe\">Curtis Jones, Levi Colwill y Cole.<\/span><\/div>\n<div class=\"sc-e7b891c4-0 ifHnQL image-embed\"><img alt=\"Los jugadores del Barcelona Ferr\u00e1n Torres y Eric Garc\u00eda, en el Gran Premio de Espa\u00f1a. \" loading=\"lazy\" width=\"720\" height=\"100\" decoding=\"async\" data-nimg=\"1\" src=\"http:\/\/cordobadirecto.com\/wp-content\/uploads\/2025\/06\/de-lewandowski-a-kane-y-bellingham-el-mundo-del-futbol-copo-el-gran-premio-de-espana-de-la-formula-1-7.jpg\"><span class=\"epigraphe\">Los jugadores del Barcelona Ferr\u00e1n Torres y Eric Garc\u00eda, en el Gran Premio de Espa\u00f1a. <\/span><\/div>\n<div class=\"sc-a7166897-0 eoLsBE\" readability=\"6.5\">\n<section readability=\"3\"><picture><img alt=\"Piastri, de punta a punta: arras\u00f3 en Barcelona y se aleja en el campeonato\" loading=\"lazy\" width=\"290\" height=\"290\" decoding=\"async\" data-nimg=\"1\" src=\"http:\/\/cordobadirecto.com\/wp-content\/uploads\/2025\/06\/de-lewandowski-a-kane-y-bellingham-el-mundo-del-futbol-copo-el-gran-premio-de-espana-de-la-formula-1-8.jpg\"><\/picture>\n<p><span>Mir\u00e1 tambi\u00e9n<\/span><\/p>\n<hr>\n<h3>Piastri, de punta a punta: arras\u00f3 en Barcelona y se aleja en el campeonato<\/h3>\n<\/p>\n<\/section>\n<\/div>\n<div class=\"sc-a7166897-0 eoLsBE\" readability=\"6\">\n<section readability=\"2\"><picture><img alt=\"Video: la hinchada argentina banc\u00f3 a Franco Colapinto tras la carrera en Barcelona\" loading=\"lazy\" width=\"290\" height=\"290\" decoding=\"async\" data-nimg=\"1\" src=\"http:\/\/cordobadirecto.com\/wp-content\/uploads\/2025\/06\/de-lewandowski-a-kane-y-bellingham-el-mundo-del-futbol-copo-el-gran-premio-de-espana-de-la-formula-1-9.jpg\"><\/picture>\n<p><span>Mir\u00e1 tambi\u00e9n<\/span><\/p>\n<hr>\n<h3>Video: la hinchada argentina banc\u00f3 a Franco Colapinto tras la carrera en Barcelona<\/h3>\n<\/p>\n<\/section>\n<\/div>\n<div class=\"sc-a7166897-0 eoLsBE\" readability=\"6.5\">\n<section readability=\"3\"><picture><img alt=\"El r\u00e9cord de Lewis Hamilton que buscar\u00e1 Oscar Piastri tras ganar el Gran Premio de Espa\u00f1a en la F\u00f3rmula 1\" loading=\"lazy\" width=\"290\" height=\"290\" decoding=\"async\" data-nimg=\"1\" src=\"http:\/\/cordobadirecto.com\/wp-content\/uploads\/2025\/06\/de-lewandowski-a-kane-y-bellingham-el-mundo-del-futbol-copo-el-gran-premio-de-espana-de-la-formula-1-10.jpg\"><\/picture>\n<p><span>Mir\u00e1 tambi\u00e9n<\/span><\/p>\n<hr>\n<h3>El r\u00e9cord de Lewis Hamilton que buscar\u00e1 Oscar Piastri tras ganar el Gran Premio de Espa\u00f1a en la F\u00f3rmula 1<\/h3>\n<\/p>\n<\/section>\n<\/div>\n<\/div>\n","protected":false},"excerpt":{"rendered":"<p>01\/06\/2025 15:07hs. Despu\u00e9s de un siempre glamoroso Gran Premio de M\u00f3naco, donde distintas celebridades de acercaron a disfrutar del espect\u00e1culo que suele entregar la F\u00f3rmula 1, incluso fuera de la pista, el Gran Premio de Espa\u00f1a no se qued\u00f3 atr\u00e1s. Y, entre todas las figuras que estuvieron presente en Montmel\u00f3, el mundo del f\u00fatbol no [&hellip;]<\/p>\n","protected":false},"author":1,"featured_media":167698,"comment_status":"closed","ping_status":"closed","sticky":false,"template":"","format":"standard","meta":[],"categories":[21],"tags":[],"_links":{"self":[{"href":"http:\/\/cordobadirecto.com\/index.php\/wp-json\/wp\/v2\/posts\/167697"}],"collection":[{"href":"http:\/\/cordobadirecto.com\/index.php\/wp-json\/wp\/v2\/posts"}],"about":[{"href":"http:\/\/cordobadirecto.com\/index.php\/wp-json\/wp\/v2\/types\/post"}],"author":[{"embeddable":true,"href":"http:\/\/cordobadirecto.com\/index.php\/wp-json\/wp\/v2\/users\/1"}],"replies":[{"embeddable":true,"href":"http:\/\/cordobadirecto.com\/index.php\/wp-json\/wp\/v2\/comments?post=167697"}],"version-history":[{"count":0,"href":"http:\/\/cordobadirecto.com\/index.php\/wp-json\/wp\/v2\/posts\/167697\/revisions"}],"wp:featuredmedia":[{"embeddable":true,"href":"http:\/\/cordobadirecto.com\/index.php\/wp-json\/wp\/v2\/media\/167698"}],"wp:attachment":[{"href":"http:\/\/cordobadirecto.com\/index.php\/wp-json\/wp\/v2\/media?parent=167697"}],"wp:term":[{"taxonomy":"category","embeddable":true,"href":"http:\/\/cordobadirecto.com\/index.php\/wp-json\/wp\/v2\/categories?post=167697"},{"taxonomy":"post_tag","embeddable":true,"href":"http:\/\/cordobadirecto.com\/index.php\/wp-json\/wp\/v2\/tags?post=167697"}],"curies":[{"name":"wp","href":"https:\/\/api.w.org\/{rel}","templated":true}]}}